{"id":600710,"date":"2025-12-15T12:03:17","date_gmt":"2025-12-15T12:03:17","guid":{"rendered":"https:\/\/www.europesays.com\/fr\/600710\/"},"modified":"2025-12-15T12:03:17","modified_gmt":"2025-12-15T12:03:17","slug":"lallemagne-confirme-sa-commande-20-helicopteres-airbus-h145m","status":"publish","type":"post","link":"https:\/\/www.europesays.com\/fr\/600710\/","title":{"rendered":"L&rsquo;Allemagne confirme sa commande 20 h\u00e9licopt\u00e8res Airbus H145M"},"content":{"rendered":"<p>\t\t\t\t\t\t\t\t<img src=\"data:image\/svg+xml,%3Csvg%20xmlns=\" https:=\"\" class=\"attachment-article size-article wp-post-image\" alt=\"\" decoding=\"async\" fetchpriority=\"high\" data-lazy- data-lazy- data-attachment-id=\"7929402\" data-permalink=\"https:\/\/www.aerobuzz.fr\/breves-helicoptere\/lallemagne-confirme-sa-commande-20-helicopteres-airbus-h145m\/attachment\/h145m-allemagne-2\/\" data-orig-file=\"https:\/\/i0.wp.com\/www.aerobuzz.fr\/wp-content\/uploads\/2025\/12\/H145M-allemagne.jpg?fit=800%2C533&amp;ssl=1\" data-orig-size=\"800,533\" data-comments-opened=\"1\" data-image-meta=\"{&quot;aperture&quot;:&quot;0&quot;,&quot;credit&quot;:&quot;&quot;,&quot;camera&quot;:&quot;&quot;,&quot;caption&quot;:&quot;&quot;,&quot;created_timestamp&quot;:&quot;0&quot;,&quot;copyright&quot;:&quot;&quot;,&quot;focal_length&quot;:&quot;0&quot;,&quot;iso&quot;:&quot;0&quot;,&quot;shutter_speed&quot;:&quot;0&quot;,&quot;title&quot;:&quot;&quot;,&quot;orientation&quot;:&quot;1&quot;}\" data-image-title=\"\" data-image-description=\"\" data-image-caption=\"&lt;p&gt;Sur les 82 h\u00e9licopt\u00e8res H145M command\u00e9s par l\u2019Allemagne, 72 h\u00e9licopt\u00e8res sont destin\u00e9s \u00e0 l\u2019arm\u00e9e allemande et 10 aux forces sp\u00e9ciales de la Luftwaffe. \u00a9 Airbus Helicopters \u2013 Celian Bauduin &lt;\/p&gt;&#10;\" data-medium-file=\"https:\/\/i0.wp.com\/www.aerobuzz.fr\/wp-content\/uploads\/2025\/12\/H145M-allemagne.jpg?resize=300%2C200&amp;ssl=1\" data-large-file=\"https:\/\/i0.wp.com\/www.aerobuzz.fr\/wp-content\/uploads\/2025\/12\/H145M-allemagne.jpg?resize=600%2C400&amp;ssl=1\" data-lazy-src=\"https:\/\/www.europesays.com\/fr\/wp-content\/uploads\/2025\/12\/H145M-allemagne.jpg\"\/>\t\t\t\t\t\t\t<\/p>\n<p>Sur les 82 h\u00e9licopt\u00e8res H145M command\u00e9s par l&rsquo;Allemagne, 72 h\u00e9licopt\u00e8res sont destin\u00e9s \u00e0 l&rsquo;arm\u00e9e allemande et 10 aux forces sp\u00e9ciales de la Luftwaffe. \u00a9 Airbus Helicopters &#8211; Celian Bauduin <\/p>\n<p>L\u2019Allemagne a d\u00e9cid\u00e9 de lever l\u2019option portant sur \u00a020 h\u00e9licopt\u00e8res de combat l\u00e9gers H145M (Leichter Kampfhubschrauber ou LKH) suppl\u00e9mentaires, conform\u00e9ment au contrat sign\u00e9 en d\u00e9cembre 2023. Le nombre total d\u2019appareils command\u00e9s s\u2019\u00e9l\u00e8ve ainsi \u00e0 82.\u00a0<\/p>\n<p>Le premier des 82 h\u00e9licopt\u00e8re H145M LKH a \u00e9t\u00e9 livr\u00e9 \u00e0 l\u2019Allemagne en novembre 2024, moins d\u2019un an apr\u00e8s la signature du contrat. Les missions de cet h\u00e9licopt\u00e8re comprennent l\u2019entra\u00eenement, la reconnaissance, les op\u00e9rations des forces sp\u00e9ciales et l\u2019attaque l\u00e9g\u00e8re. L\u2019arm\u00e9e allemande recevra au total 72 h\u00e9licopt\u00e8res, tandis que les forces sp\u00e9ciales de la Luftwaffe en recevront dix.\u00a0<\/p>\n<p>Le H145M est un h\u00e9licopt\u00e8re militaire multir\u00f4le offrant un large \u00e9ventail de capacit\u00e9s op\u00e9rationnelles. En quelques minutes, il peut \u00eatre reconfigur\u00e9 d\u2019une version d\u2019attaque l\u00e9g\u00e8re, \u00e9quip\u00e9e de missiles balistiques axiaux, d\u2019armes guid\u00e9es et d\u2019un syst\u00e8me d\u2019autoprotection de pointe, \u00e0 une version pour op\u00e9rations sp\u00e9ciales dot\u00e9e d\u2019un syst\u00e8me de descente en rappel rapide. Ses modules de mission complets incluent des capacit\u00e9s de treuillage et de transport de charges externes.\u00a0<\/p>\n<p>\n\tArticles similaires<\/p>\n","protected":false},"excerpt":{"rendered":"Sur les 82 h\u00e9licopt\u00e8res H145M command\u00e9s par l&rsquo;Allemagne, 72 h\u00e9licopt\u00e8res sont destin\u00e9s \u00e0 l&rsquo;arm\u00e9e allemande et 10 aux&hellip;\n","protected":false},"author":2,"featured_media":600711,"comment_status":"","ping_status":"","sticky":false,"template":"","format":"standard","meta":{"footnotes":""},"categories":[1587],"tags":[11,33123,672,1804,1805,1803,1777,674,1801,38185,12,1802],"class_list":{"0":"post-600710","1":"post","2":"type-post","3":"status-publish","4":"format-standard","5":"has-post-thumbnail","7":"category-allemagne","8":"tag-actualites","9":"tag-airbus-helicopters","10":"tag-allemagne","11":"tag-bundesrepublik-deutschland","12":"tag-de","13":"tag-deutschland","14":"tag-eu","15":"tag-europe","16":"tag-germany","17":"tag-luftwaffe","18":"tag-news","19":"tag-republique-federale-dallemagne"},"share_on_mastodon":{"url":"https:\/\/pubeurope.com\/@fr\/115723488807333456","error":""},"_links":{"self":[{"href":"https:\/\/www.europesays.com\/fr\/wp-json\/wp\/v2\/posts\/600710","targetHints":{"allow":["GET"]}}],"collection":[{"href":"https:\/\/www.europesays.com\/fr\/wp-json\/wp\/v2\/posts"}],"about":[{"href":"https:\/\/www.europesays.com\/fr\/wp-json\/wp\/v2\/types\/post"}],"author":[{"embeddable":true,"href":"https:\/\/www.europesays.com\/fr\/wp-json\/wp\/v2\/users\/2"}],"replies":[{"embeddable":true,"href":"https:\/\/www.europesays.com\/fr\/wp-json\/wp\/v2\/comments?post=600710"}],"version-history":[{"count":0,"href":"https:\/\/www.europesays.com\/fr\/wp-json\/wp\/v2\/posts\/600710\/revisions"}],"wp:featuredmedia":[{"embeddable":true,"href":"https:\/\/www.europesays.com\/fr\/wp-json\/wp\/v2\/media\/600711"}],"wp:attachment":[{"href":"https:\/\/www.europesays.com\/fr\/wp-json\/wp\/v2\/media?parent=600710"}],"wp:term":[{"taxonomy":"category","embeddable":true,"href":"https:\/\/www.europesays.com\/fr\/wp-json\/wp\/v2\/categories?post=600710"},{"taxonomy":"post_tag","embeddable":true,"href":"https:\/\/www.europesays.com\/fr\/wp-json\/wp\/v2\/tags?post=600710"}],"curies":[{"name":"wp","href":"https:\/\/api.w.org\/{rel}","templated":true}]}}