{"id":600714,"date":"2025-12-15T12:05:13","date_gmt":"2025-12-15T12:05:13","guid":{"rendered":"https:\/\/www.europesays.com\/fr\/600714\/"},"modified":"2025-12-15T12:05:13","modified_gmt":"2025-12-15T12:05:13","slug":"un-accord-est-absolument-necessaire-cette-semaine-previent-berlin","status":"publish","type":"post","link":"https:\/\/www.europesays.com\/fr\/600714\/","title":{"rendered":"un accord est \u00ababsolument n\u00e9cessaire\u00bb cette semaine, pr\u00e9vient Berlin"},"content":{"rendered":"<p class=\"fig-paragraph\">Un accord entre \u00c9tats de l&rsquo;Union europ\u00e9enne sur l&rsquo;accord de libre-\u00e9change avec le Mercosur est \u00ababsolument n\u00e9cessaire cette semaine\u00bb, a averti lundi le gouvernement allemand, en d\u00e9pit des appels de la France \u00e0 reporter les d\u00e9cisions.<\/p>\n<p class=\"fig-paragraph\">\u00abCe serait un signal fort de la capacit\u00e9 d&rsquo;action de l&rsquo;Europe si l&rsquo;Union concluait effectivement ce trait\u00e9 commercial\u00bb, a insist\u00e9 le porte-parole du gouvernement, Stefan Kornelius, lors d&rsquo;un point r\u00e9gulier avec la presse.<\/p>\n","protected":false},"excerpt":{"rendered":"Un accord entre \u00c9tats de l&rsquo;Union europ\u00e9enne sur l&rsquo;accord de libre-\u00e9change avec le Mercosur est \u00ababsolument n\u00e9cessaire cette&hellip;\n","protected":false},"author":2,"featured_media":600715,"comment_status":"","ping_status":"","sticky":false,"template":"","format":"standard","meta":{"footnotes":""},"categories":[1586],"tags":[11,672,1777,674,1779,1011,27,21426,12,25,1778,364],"class_list":{"0":"post-600714","1":"post","2":"type-post","3":"status-publish","4":"format-standard","5":"has-post-thumbnail","7":"category-europe","8":"tag-actualites","9":"tag-allemagne","10":"tag-eu","11":"tag-europe","12":"tag-european-union","13":"tag-fr","14":"tag-france","15":"tag-mercosur","16":"tag-news","17":"tag-republique-francaise","18":"tag-ue","19":"tag-union-europeenne"},"share_on_mastodon":{"url":"https:\/\/pubeurope.com\/@fr\/115723496543245693","error":""},"_links":{"self":[{"href":"https:\/\/www.europesays.com\/fr\/wp-json\/wp\/v2\/posts\/600714","targetHints":{"allow":["GET"]}}],"collection":[{"href":"https:\/\/www.europesays.com\/fr\/wp-json\/wp\/v2\/posts"}],"about":[{"href":"https:\/\/www.europesays.com\/fr\/wp-json\/wp\/v2\/types\/post"}],"author":[{"embeddable":true,"href":"https:\/\/www.europesays.com\/fr\/wp-json\/wp\/v2\/users\/2"}],"replies":[{"embeddable":true,"href":"https:\/\/www.europesays.com\/fr\/wp-json\/wp\/v2\/comments?post=600714"}],"version-history":[{"count":0,"href":"https:\/\/www.europesays.com\/fr\/wp-json\/wp\/v2\/posts\/600714\/revisions"}],"wp:featuredmedia":[{"embeddable":true,"href":"https:\/\/www.europesays.com\/fr\/wp-json\/wp\/v2\/media\/600715"}],"wp:attachment":[{"href":"https:\/\/www.europesays.com\/fr\/wp-json\/wp\/v2\/media?parent=600714"}],"wp:term":[{"taxonomy":"category","embeddable":true,"href":"https:\/\/www.europesays.com\/fr\/wp-json\/wp\/v2\/categories?post=600714"},{"taxonomy":"post_tag","embeddable":true,"href":"https:\/\/www.europesays.com\/fr\/wp-json\/wp\/v2\/tags?post=600714"}],"curies":[{"name":"wp","href":"https:\/\/api.w.org\/{rel}","templated":true}]}}