{"id":600721,"date":"2025-12-15T12:11:12","date_gmt":"2025-12-15T12:11:12","guid":{"rendered":"https:\/\/www.europesays.com\/fr\/600721\/"},"modified":"2025-12-15T12:11:12","modified_gmt":"2025-12-15T12:11:12","slug":"2-francais-dans-le-top-10","status":"publish","type":"post","link":"https:\/\/www.europesays.com\/fr\/600721\/","title":{"rendered":"2 Fran\u00e7ais dans le Top 10"},"content":{"rendered":"<p>                    Par<br \/>\n        <strong><br \/>\n            <a href=\"https:\/\/actu.fr\/auteur\/clement-mazella\" title=\"Consulter tous les articles de Cl\u00e9ment Mazella\" target=\"_blank\" rel=\"noopener\">Cl\u00e9ment Mazella<\/a><br \/>\n                    <\/strong><\/p>\n<p>        Publi\u00e9 le<\/p>\n<p>            15 d\u00e9c. 2025 \u00e0 12h17        <\/p>\n<p>Toute la semaine derni\u00e8re, RugbyPass a fait monter la sauce. M\u00e9dia rugby en ligne d\u00e9tenu par World Rugby, il a fini par d\u00e9voiler l\u2019int\u00e9gralit\u00e9 de son <strong>Top 100 des meilleurs joueurs du monde de l\u2019ann\u00e9e 2025<\/strong>. On retrouve 2 Fran\u00e7ais dans le Top 10.<\/p>\n<p>Les 100 meilleurs joueurs du monde 2025 : Antoine Dupont 2e<\/p>\n<p class=\" wall-content\">Laur\u00e9at l\u2019an pass\u00e9, <strong><a href=\"https:\/\/actu.fr\/tag\/antoine-dupont\" target=\"_blank\" rel=\"noopener\">Antoine Dupont<\/a> a recul\u00e9 \u00e0 la 2e place<\/strong>. Le demi de m\u00eal\u00e9e du XV de France fait tout de m\u00eame tr\u00e8s fort, puisqu\u2019il a \u00e9t\u00e9 \u00e9cart\u00e9 des terrains 8 mois, apr\u00e8s sa grave blessure au genou droit. Le leader des Bleus avait toutefois fait \u00e9talage de sa classe durant les 4 matchs du Tournoi qu\u2019il a jou\u00e9s, avec 2 essais et 7 passes d\u00e9cisives.<\/p>\n<p class=\" wall-content\">Autre Fran\u00e7ais pr\u00e9sent dans le Top 10, et ce n\u2019est pas une surprise : l\u2019ailier des Bleus et de Bordeaux <strong>Louis Bielle-Biarrey figure au 8e rang<\/strong>. Le ph\u00e9nom\u00e8ne de 21 ans a \u00e9gal\u00e9 le record d\u2019essais dans une \u00e9dition du Tournoi (8) et en a m\u00eame inscrit 10 lors de l\u2019ann\u00e9e 2025. Fort.<\/p>\n<p class=\" wall-content\">Ce Top 10 a un tr\u00e8s fort accent sud-africain. Ils sont 6 \u00e0 y figurer, et notamment la p\u00e9pite Sacha Feinberg-Mngomezulu, sacr\u00e9e meilleur joueur du monde par les journalistes de <a href=\"https:\/\/www.rugbypass.com\/news\/sacha-feinberg-mngomezulu-crowned-worlds-best-in-rugbypass-top-100-2025\/\" target=\"_blank\" rel=\"noopener\">RugbyPass<\/a>. Malcolm Marx, \u00e9lu joueur de l\u2019ann\u00e9e par World Rugby, n\u2019est \u00ab\u00a0que\u00a0\u00bb 4e de ce classement.<\/p>\n<p>Classement des meilleurs joueurs du monde 2025 : le Top 10<\/p>\n<p>1. Sacha Feinberg-Mngomezulu (AFS)<br \/>2. Antoine Dupont (FRA)<br \/>3. Pieter-Steph Du Toit (AFS)<br \/>4. Malcolm Marx (AFS)<br \/>5. Ardie Savea (NZL)<br \/>6. RG Snyman (AFS)<br \/>7. Thomas Du Toit (AFS)<br \/>8. Louis Bielle-Biarrey (FRA)<br \/>9. Eben Etzebeth (AFS)<br \/>10. Finn Russel (ECO)<\/p>\n<p>10 Fran\u00e7ais dans le Top 100<\/p>\n<p class=\" wall-content\">Plus largement, l\u2019Afrique du Sud est la nation la plus repr\u00e9sent\u00e9e dans le Top 100, avec 17 joueurs recens\u00e9s. Les Boks, auteurs d\u2019une ann\u00e9e 2025 de haut vol, devancent les All Blacks (16), l\u2019Angleterre (13), l\u2019Irlande (13) et la France (10).<\/p>\n<p class=\" wall-content\">Parmi ces 10 Fran\u00e7ais, signalons que l\u2019arri\u00e8re <strong><a href=\"https:\/\/actu.fr\/tag\/thomas-ramos\" target=\"_blank\" rel=\"noopener\">Thomas Ramos<\/a> se place 26e<\/strong>, signant l\u2019une des plus fortes progressions (+48). On retrouve par ailleurs <strong>Damian Penaud (15e)<\/strong>,<strong> Gr\u00e9gory Alldritt (52e)<\/strong>,<strong> Peato Mauvaka (55e)<\/strong>,<strong> Emmanuel Meafou (70e), Julien Marchand (81e) Romain Ntamack (86e) <\/strong>et <strong>Charles Ollivon (94e)<\/strong>.<\/p>\n<p class=\" wall-content\">Chose surprenante : dans <a href=\"https:\/\/www.rugbypass.com\/top-100-mens-rugby-players\/\" target=\"_blank\" rel=\"noopener\">ce Top 100<\/a>, on ne trouve pas trace d\u2019un Thibaud Flament, Fran\u00e7ois Cros, ou encore Matthieu Jalibert.\u00a0<\/p>\n<p>Votre r\u00e9gion, votre actu !<\/p>\n<p>Recevez chaque jour les infos qui comptent pour vous.<\/p>\n<p>\t<a href=\"https:\/\/actu.fr\/newsletter\" class=\"ac-btn ac-btn--corner ac-btn--medium ac-btn--blue800\" target=\"_blank\" rel=\"noopener\">S&rsquo;incrire<\/a><\/p>\n<p class=\" wall-content\">Personnalisez votre actualit\u00e9 en ajoutant vos villes et m\u00e9dias en favori avec <a href=\"https:\/\/moncompte.actu.fr\" title=\"D\u00e9couvez Mon Actu\" rel=\"nofollow noopener\" data-trk=\"{&quot;cta&quot;:{&quot;action&quot;:&quot;https:\\\/\\\/moncompte.actu.fr&quot;,&quot;category&quot;:&quot;mon compte&quot;,&quot;from&quot;:&quot;article footer&quot;,&quot;name&quot;:&quot;Mon actu&quot;,&quot;type&quot;:&quot;cta&quot;}}\" target=\"_blank\">Mon Actu<\/a>.<\/p>\n","protected":false},"excerpt":{"rendered":"Par Cl\u00e9ment Mazella Publi\u00e9 le 15 d\u00e9c. 2025 \u00e0 12h17 Toute la semaine derni\u00e8re, RugbyPass a fait monter&hellip;\n","protected":false},"author":2,"featured_media":600722,"comment_status":"","ping_status":"","sticky":false,"template":"","format":"standard","meta":{"footnotes":""},"categories":[1416],"tags":[514,1011,27,3788,479,1468,6107,60,513],"class_list":{"0":"post-600721","1":"post","2":"type-post","3":"status-publish","4":"format-standard","5":"has-post-thumbnail","7":"category-rugby","8":"tag-antoine-dupont","9":"tag-fr","10":"tag-france","11":"tag-pro","12":"tag-rugby","13":"tag-rugby-football","14":"tag-rugby-international","15":"tag-sports","16":"tag-xv-de-france"},"share_on_mastodon":{"url":"https:\/\/pubeurope.com\/@fr\/115723520288663291","error":""},"_links":{"self":[{"href":"https:\/\/www.europesays.com\/fr\/wp-json\/wp\/v2\/posts\/600721","targetHints":{"allow":["GET"]}}],"collection":[{"href":"https:\/\/www.europesays.com\/fr\/wp-json\/wp\/v2\/posts"}],"about":[{"href":"https:\/\/www.europesays.com\/fr\/wp-json\/wp\/v2\/types\/post"}],"author":[{"embeddable":true,"href":"https:\/\/www.europesays.com\/fr\/wp-json\/wp\/v2\/users\/2"}],"replies":[{"embeddable":true,"href":"https:\/\/www.europesays.com\/fr\/wp-json\/wp\/v2\/comments?post=600721"}],"version-history":[{"count":0,"href":"https:\/\/www.europesays.com\/fr\/wp-json\/wp\/v2\/posts\/600721\/revisions"}],"wp:featuredmedia":[{"embeddable":true,"href":"https:\/\/www.europesays.com\/fr\/wp-json\/wp\/v2\/media\/600722"}],"wp:attachment":[{"href":"https:\/\/www.europesays.com\/fr\/wp-json\/wp\/v2\/media?parent=600721"}],"wp:term":[{"taxonomy":"category","embeddable":true,"href":"https:\/\/www.europesays.com\/fr\/wp-json\/wp\/v2\/categories?post=600721"},{"taxonomy":"post_tag","embeddable":true,"href":"https:\/\/www.europesays.com\/fr\/wp-json\/wp\/v2\/tags?post=600721"}],"curies":[{"name":"wp","href":"https:\/\/api.w.org\/{rel}","templated":true}]}}