{"id":600723,"date":"2025-12-15T12:12:13","date_gmt":"2025-12-15T12:12:13","guid":{"rendered":"https:\/\/www.europesays.com\/fr\/600723\/"},"modified":"2025-12-15T12:12:13","modified_gmt":"2025-12-15T12:12:13","slug":"atp-limmense-classe-de-novak-djokovic-il-a-ete-affectueux-genereux-et-ma-revele-les-secrets-de-son-retour-de-service-sil-vous-plait-ne-me-reveillez-pas-de-ce-reve-raconte-lespoir-rafael","status":"publish","type":"post","link":"https:\/\/www.europesays.com\/fr\/600723\/","title":{"rendered":"ATP > L&rsquo;immense classe de Novak Djokovic : \u00ab\u00a0Il a \u00e9t\u00e9 affectueux, g\u00e9n\u00e9reux et m&rsquo;a r\u00e9v\u00e9l\u00e9 les secrets de son retour de service. S&rsquo;il vous pla\u00eet, ne me r\u00e9veillez pas de ce r\u00eave\u00a0\u00bb, raconte l&rsquo;espoir Rafael Pagonis"},"content":{"rendered":"<p>Le grand espoir grec Rafael Pagonis, consi\u00add\u00e9r\u00e9 comme l\u2019un des meilleurs jeunes au monde de moins de 14 ans, a pu rencon\u00adtrer Novak Djokovic, install\u00e9 \u00e0 Ath\u00e8nes depuis quelques semaines.\u00a0<\/p>\n<p>Et comme beau\u00adcoup d\u2019autres joueurs avant lui, il a pu constater la bien\u00adveillance et la g\u00e9n\u00e9\u00adro\u00adsit\u00e9 de l\u2019homme aux 24 titres du Grand Chelem.\u00a0<\/p>\n<p><strong>\u00ab\u202fAujourd\u2019hui, j\u2019ai r\u00e9alis\u00e9 mon r\u00eave d\u2019\u00eatre invit\u00e9 par le GOAT Djokovic \u00e0 m\u2019en\u00adtra\u00eener avec lui. Il a \u00e9t\u00e9 affec\u00adtueux, g\u00e9n\u00e9\u00adreux et m\u2019a r\u00e9v\u00e9l\u00e9 les secrets de son retour de service. S\u2019il vous pla\u00eet, ne me r\u00e9veillez pas de ce r\u00eave. Merci Djokovic pour cette exp\u00e9\u00adrience incroyable.\u202f\u00bb<\/strong><\/p>\n<blockquote class=\"twitter-tweet\">\n<p lang=\"en\" dir=\"ltr\">Novak invited Rafael Pagonis to prac\u00adtise w him in Athens today. <br \/>Rafa\u00a0: \u00ab\u202f<a href=\"https:\/\/twitter.com\/DjokerNole?ref_src=twsrc%5Etfw\" data-wpel-link=\"external\" target=\"_blank\" rel=\"nofollow external noopener\">@DjokerNole<\/a> was so kind, gene\u00adrous and he showed me the secret of his return \ud83d\ude09\ud83e\udd2b<br \/>Please don\u2019t wake me up from this dream\u202f!\u202f\u00bb <a href=\"https:\/\/t.co\/oJTmmiK2T0\" data-wpel-link=\"external\" target=\"_blank\" rel=\"nofollow external noopener\">https:\/\/t.co\/oJTmmiK2T0<\/a> <a href=\"https:\/\/t.co\/GV40Ltd7mM\" data-wpel-link=\"external\" target=\"_blank\" rel=\"nofollow external noopener\">pic.twitter.com\/GV40Ltd7mM<\/a><\/p>\n<p>\u2014 \ud835\ude97\ud835\ude92\ud835\ude8c\ud835\ude94. A\u035fO\u035f\u00b9\u2070 (@NoleLondon) <a href=\"https:\/\/twitter.com\/NoleLondon\/status\/2000236507500843060?ref_src=twsrc%5Etfw\" data-wpel-link=\"external\" target=\"_blank\" rel=\"nofollow external noopener\">December 14,\u00a02025<\/a><\/p><\/blockquote>\n<p>Un moment qu\u2019il n\u2019est pas pr\u00eat d\u2019oublier\u202f!<\/p>\n<p class=\"post-published-date\" style=\"color: silver; font-size: 75%; text-align: left;\">Publi\u00e9 le lundi 15 d\u00e9cembre 2025 \u00e0 11:59<\/p>\n<p>  <script async src=\"https:\/\/platform.twitter.com\/widgets.js\" charset=\"utf-8\"><\/script><\/p>\n","protected":false},"excerpt":{"rendered":"Le grand espoir grec Rafael Pagonis, consi\u00add\u00e9r\u00e9 comme l\u2019un des meilleurs jeunes au monde de moins de 14&hellip;\n","protected":false},"author":2,"featured_media":600724,"comment_status":"","ping_status":"","sticky":false,"template":"","format":"standard","meta":{"footnotes":""},"categories":[1415],"tags":[105,1011,27,60,1467],"class_list":{"0":"post-600723","1":"post","2":"type-post","3":"status-publish","4":"format-standard","5":"has-post-thumbnail","7":"category-tennis","8":"tag-djokovic","9":"tag-fr","10":"tag-france","11":"tag-sports","12":"tag-tennis"},"share_on_mastodon":{"url":"https:\/\/pubeurope.com\/@fr\/115723523965469400","error":""},"_links":{"self":[{"href":"https:\/\/www.europesays.com\/fr\/wp-json\/wp\/v2\/posts\/600723","targetHints":{"allow":["GET"]}}],"collection":[{"href":"https:\/\/www.europesays.com\/fr\/wp-json\/wp\/v2\/posts"}],"about":[{"href":"https:\/\/www.europesays.com\/fr\/wp-json\/wp\/v2\/types\/post"}],"author":[{"embeddable":true,"href":"https:\/\/www.europesays.com\/fr\/wp-json\/wp\/v2\/users\/2"}],"replies":[{"embeddable":true,"href":"https:\/\/www.europesays.com\/fr\/wp-json\/wp\/v2\/comments?post=600723"}],"version-history":[{"count":0,"href":"https:\/\/www.europesays.com\/fr\/wp-json\/wp\/v2\/posts\/600723\/revisions"}],"wp:featuredmedia":[{"embeddable":true,"href":"https:\/\/www.europesays.com\/fr\/wp-json\/wp\/v2\/media\/600724"}],"wp:attachment":[{"href":"https:\/\/www.europesays.com\/fr\/wp-json\/wp\/v2\/media?parent=600723"}],"wp:term":[{"taxonomy":"category","embeddable":true,"href":"https:\/\/www.europesays.com\/fr\/wp-json\/wp\/v2\/categories?post=600723"},{"taxonomy":"post_tag","embeddable":true,"href":"https:\/\/www.europesays.com\/fr\/wp-json\/wp\/v2\/tags?post=600723"}],"curies":[{"name":"wp","href":"https:\/\/api.w.org\/{rel}","templated":true}]}}