{"id":600725,"date":"2025-12-15T12:16:11","date_gmt":"2025-12-15T12:16:11","guid":{"rendered":"https:\/\/www.europesays.com\/fr\/600725\/"},"modified":"2025-12-15T12:16:11","modified_gmt":"2025-12-15T12:16:11","slug":"paul-seixas-la-decision-radicale","status":"publish","type":"post","link":"https:\/\/www.europesays.com\/fr\/600725\/","title":{"rendered":"Paul Seixas, la d\u00e9cision radicale"},"content":{"rendered":"<p><strong>\u00c0 l\u2019instar de nombreux autres<br \/>\ncoureurs, Paul Seixas a d\u00e9cid\u00e9 de s\u2019installer sur la C\u00f4te<br \/>\nd\u2019Azur.<\/strong><\/p>\n<p class=\"p1\">Paul Seixas a chang\u00e9 de monde en 2025. En terminant \u00e0<br \/>\nla septi\u00e8me place du Crit\u00e9rium du Dauphin\u00e9, sa premi\u00e8re course du<br \/>\nWorld Tour,\u00a0 puis en terminant troisi\u00e8me des Championnats<br \/>\nd\u2019Europe avant de signer un nouveau Top 10 sur le Tour de<br \/>\nLombardie, son premier Monument, le jeune prodige du cyclisme<br \/>\nfran\u00e7ais est entr\u00e9 dans une nouvelle dimension.<\/p>\n<p class=\"p1\">Le natif de Lyon sera<br \/>\nparticuli\u00e8rement attendu en 2026. Et s\u2019il a d\u00e9cid\u00e9 d\u2019attendre le<br \/>\nprintemps pour trancher sur sa pr\u00e9sence ou non sur les routes du<br \/>\nTour de France, il est d\u00e9sormais acquis qu\u2019il croisera \u00e0 de<br \/>\nnombreuses reprises Tadej Pogacar. Son programme des prochains mois<br \/>\ncomprend en effet les Strade Bianche, la Fl\u00e8che Wallonne ou<br \/>\nLiege-Bastogbe-Liege, autant de courses o\u00f9 le Slov\u00e8ne sera de la<br \/>\npartie.<\/p>\n<p class=\"p1\">Mais Paul Seixas risque \u00e9galement de<br \/>\nr\u00e9guli\u00e8rement croiser le num\u00e9ro un mondial \u00e0 l\u2019entra\u00eenement. Le<br \/>\njeune Tricolore a en effet d\u00e9cid\u00e9 d\u2019imiter le leader d\u2019UAE-Emirates<br \/>\nen s\u2019installant sur la C\u00f4te d\u2019Azur. Tandis que Tadej Pogacar r\u00e9side<br \/>\n\u00e0 Monaco, la p\u00e9pite fran\u00e7aise a choisi Nice et les conditions<br \/>\nm\u00e9t\u00e9orologiques de la r\u00e9gion y sont pour beaucoup.<\/p>\n<p>Seixas comme Gaudu et Vauquelin<\/p>\n<p class=\"p1\">\u00ab\u00a0J\u2019ai d\u00e9j\u00e0 d\u00e9m\u00e9nag\u00e9 \u00e0<br \/>\nNice, pour les conditions, j\u2019adore la r\u00e9gion. C\u2019est super pour<br \/>\nrouler, c\u2019est un plaisir de pouvoir passer l\u2019hiver l\u00e0-bas. En<br \/>\nd\u00e9cembre, chez toi tu prends 3-4 \u00b0C, il y a le brouillard tu ne<br \/>\nvois pas le soleil, a-t-il confi\u00e9 lors de la pr\u00e9sentation de<br \/>\nson \u00e9quipe. \u00c0 Nice, il y a le soleil, 15 \u00b0C. Quand on veut tout<br \/>\nmettre en place pour r\u00e9ussir, c\u2019est important d\u2019avoir de bonnes<br \/>\nconditions d\u2019entra\u00eenement. \u00bb<\/p>\n<p class=\"p1\">Et Tadej Pogacar et Paul Seixas ne<br \/>\nsont pas des cas isol\u00e9s. Chez les Fran\u00e7ais, David Gaudu et Kevin<br \/>\nVauquelin ont \u00e9galement d\u00e9m\u00e9nag\u00e9 sur la C\u00f4te, au m\u00eame titre que<br \/>\nPauline Ferrand-Prevot.<\/p>\n","protected":false},"excerpt":{"rendered":"\u00c0 l\u2019instar de nombreux autres coureurs, Paul Seixas a d\u00e9cid\u00e9 de s\u2019installer sur la C\u00f4te d\u2019Azur. Paul Seixas&hellip;\n","protected":false},"author":2,"featured_media":600726,"comment_status":"","ping_status":"","sticky":false,"template":"","format":"standard","meta":{"footnotes":""},"categories":[1411],"tags":[1154,207,1011,27,60],"class_list":{"0":"post-600725","1":"post","2":"type-post","3":"status-publish","4":"format-standard","5":"has-post-thumbnail","7":"category-cyclisme","8":"tag-cycling","9":"tag-cyclisme","10":"tag-fr","11":"tag-france","12":"tag-sports"},"share_on_mastodon":{"url":"https:\/\/pubeurope.com\/@fr\/115723539896433154","error":""},"_links":{"self":[{"href":"https:\/\/www.europesays.com\/fr\/wp-json\/wp\/v2\/posts\/600725","targetHints":{"allow":["GET"]}}],"collection":[{"href":"https:\/\/www.europesays.com\/fr\/wp-json\/wp\/v2\/posts"}],"about":[{"href":"https:\/\/www.europesays.com\/fr\/wp-json\/wp\/v2\/types\/post"}],"author":[{"embeddable":true,"href":"https:\/\/www.europesays.com\/fr\/wp-json\/wp\/v2\/users\/2"}],"replies":[{"embeddable":true,"href":"https:\/\/www.europesays.com\/fr\/wp-json\/wp\/v2\/comments?post=600725"}],"version-history":[{"count":0,"href":"https:\/\/www.europesays.com\/fr\/wp-json\/wp\/v2\/posts\/600725\/revisions"}],"wp:featuredmedia":[{"embeddable":true,"href":"https:\/\/www.europesays.com\/fr\/wp-json\/wp\/v2\/media\/600726"}],"wp:attachment":[{"href":"https:\/\/www.europesays.com\/fr\/wp-json\/wp\/v2\/media?parent=600725"}],"wp:term":[{"taxonomy":"category","embeddable":true,"href":"https:\/\/www.europesays.com\/fr\/wp-json\/wp\/v2\/categories?post=600725"},{"taxonomy":"post_tag","embeddable":true,"href":"https:\/\/www.europesays.com\/fr\/wp-json\/wp\/v2\/tags?post=600725"}],"curies":[{"name":"wp","href":"https:\/\/api.w.org\/{rel}","templated":true}]}}