{"id":600727,"date":"2025-12-15T12:17:13","date_gmt":"2025-12-15T12:17:13","guid":{"rendered":"https:\/\/www.europesays.com\/fr\/600727\/"},"modified":"2025-12-15T12:17:13","modified_gmt":"2025-12-15T12:17:13","slug":"coup-dur-pour-manuel-neuer","status":"publish","type":"post","link":"https:\/\/www.europesays.com\/fr\/600727\/","title":{"rendered":"coup dur pour Manuel Neuer"},"content":{"rendered":"<p>Mauvaise nouvelle pour <a href=\"https:\/\/www.footmercato.net\/joueur\/manuel-neuer\/\" target=\"_blank\" rel=\"noopener\">Manuel Neuer<\/a> et le <a href=\"https:\/\/www.footmercato.net\/club\/bayern-munich\/\" target=\"_blank\" rel=\"noopener\">Bayern Munich<\/a>. Titulaire lors <a href=\"https:\/\/www.footmercato.net\/a6209492957707453869-bl-le-bayern-munich-freine-par-le-bon-dernier-mayence\" target=\"_blank\" rel=\"noopener\">du match contre Mayence (2-2) dimanche en Bundesliga<\/a>, le portier a \u00e9t\u00e9 touch\u00e9 \u00e0 l\u2019arri\u00e8re de la cuisse droite et devrait \u00eatre \u00e9loign\u00e9 des terrains pendant un certain temps.<\/p>\n<p>            La suite apr\u00e8s cette publicit\u00e9<\/p>\n<p>\u00ab Les examens m\u00e9dicaux r\u00e9alis\u00e9s par le service m\u00e9dical du Bayern Munich ont r\u00e9v\u00e9l\u00e9 que Manuel Neuer souffre d\u2019une d\u00e9chirure musculaire \u00e0 l\u2019ischio-jambier droit. La dur\u00e9e exacte de son indisponibilit\u00e9 n\u2019a pas encore \u00e9t\u00e9 d\u00e9termin\u00e9e, mais il est certain qu\u2019il manquera la prochaine rencontre du championnat face \u00e0 Heidenheim. Le Bayern Munich souhaite un prompt r\u00e9tablissement \u00e0 son capitaine et continuera de suivre son \u00e9volution de pr\u00e8s \u00bb, a pr\u00e9cis\u00e9 le club bavarois dans son communiqu\u00e9. En attendant, l\u2019entra\u00eeneur Vincent Kompany pourrait aligner Jonas Urbig, 22 ans, qui compte deux clean sheets en autant de matchs de championnat disput\u00e9s cette saison.<\/p>\n<p>\n    Pub. le 15\/12\/2025 12:20<br \/>\n            &#8211; MAJ le 15\/12\/2025 13:00\n    <\/p>\n","protected":false},"excerpt":{"rendered":"Mauvaise nouvelle pour Manuel Neuer et le Bayern Munich. Titulaire lors du match contre Mayence (2-2) dimanche en&hellip;\n","protected":false},"author":2,"featured_media":600728,"comment_status":"","ping_status":"","sticky":false,"template":"","format":"standard","meta":{"footnotes":""},"categories":[1410],"tags":[63,1011,27,60],"class_list":{"0":"post-600727","1":"post","2":"type-post","3":"status-publish","4":"format-standard","5":"has-post-thumbnail","7":"category-football","8":"tag-football","9":"tag-fr","10":"tag-france","11":"tag-sports"},"share_on_mastodon":{"url":"https:\/\/pubeurope.com\/@fr\/115723543859257372","error":""},"_links":{"self":[{"href":"https:\/\/www.europesays.com\/fr\/wp-json\/wp\/v2\/posts\/600727","targetHints":{"allow":["GET"]}}],"collection":[{"href":"https:\/\/www.europesays.com\/fr\/wp-json\/wp\/v2\/posts"}],"about":[{"href":"https:\/\/www.europesays.com\/fr\/wp-json\/wp\/v2\/types\/post"}],"author":[{"embeddable":true,"href":"https:\/\/www.europesays.com\/fr\/wp-json\/wp\/v2\/users\/2"}],"replies":[{"embeddable":true,"href":"https:\/\/www.europesays.com\/fr\/wp-json\/wp\/v2\/comments?post=600727"}],"version-history":[{"count":0,"href":"https:\/\/www.europesays.com\/fr\/wp-json\/wp\/v2\/posts\/600727\/revisions"}],"wp:featuredmedia":[{"embeddable":true,"href":"https:\/\/www.europesays.com\/fr\/wp-json\/wp\/v2\/media\/600728"}],"wp:attachment":[{"href":"https:\/\/www.europesays.com\/fr\/wp-json\/wp\/v2\/media?parent=600727"}],"wp:term":[{"taxonomy":"category","embeddable":true,"href":"https:\/\/www.europesays.com\/fr\/wp-json\/wp\/v2\/categories?post=600727"},{"taxonomy":"post_tag","embeddable":true,"href":"https:\/\/www.europesays.com\/fr\/wp-json\/wp\/v2\/tags?post=600727"}],"curies":[{"name":"wp","href":"https:\/\/api.w.org\/{rel}","templated":true}]}}