{"id":600746,"date":"2025-12-15T12:28:12","date_gmt":"2025-12-15T12:28:12","guid":{"rendered":"https:\/\/www.europesays.com\/fr\/600746\/"},"modified":"2025-12-15T12:28:12","modified_gmt":"2025-12-15T12:28:12","slug":"ex-ballerine-diplomee-du-mit-qui-est-luana-lopes-lara-la-plus-jeune-milliardaire-self-made-woman-du-monde","status":"publish","type":"post","link":"https:\/\/www.europesays.com\/fr\/600746\/","title":{"rendered":"Ex-ballerine, dipl\u00f4m\u00e9e du MIT\u2026 Qui est Luana Lopes Lara, la plus jeune milliardaire \u00ab\u00a0self made woman\u00a0\u00bb du monde\u00a0?"},"content":{"rendered":"<p>Elle n\u2019a pas encore 30 ans et vient de rejoindre le club des milliardaires. Luana Lopes Lara, n\u00e9e au <a href=\"https:\/\/www.20minutes.fr\/dossier\/bresil\" class=\"c-link c-link--is-underlined\" target=\"_blank\" rel=\"noopener\">Br\u00e9sil<\/a> en\u00a01996, a \u00e9t\u00e9 d\u00e9sign\u00e9e par le magazine <a href=\"https:\/\/www.forbes.com\/sites\/aliciapark\/2025\/12\/02\/how-kalshis-luana-lopes-lara-cofounder-went-from-professional-ballerina-to-worlds-youngest-self-made-woman-billionaire\/\" rel=\"nofollow noopener\" target=\"_blank\" class=\"c-link c-link--is-underlined\">Forbes<\/a> comme \u00ab\u00a0la plus jeune femme milliardaire autodidacte de la plan\u00e8te\u00a0\u00bb. Sa soci\u00e9t\u00e9 Kalshi, qu\u2019elle a cofond\u00e9e avec Tarek Mansour, 29 ans, est d\u00e9sormais \u00e9valu\u00e9e \u00e0 11\u00a0milliards de dollars.<\/p>\n<p>Comme l\u2019entreprise concurrente <a href=\"https:\/\/www.20minutes.fr\/economie\/4167021-20250809-polymarket-plateforme-permet-parier-tout-surtout-importe-quoi\" class=\"c-link c-link--is-underlined\" target=\"_blank\" rel=\"noopener\">Polymarket<\/a>, cette soci\u00e9t\u00e9 lanc\u00e9e officiellement en\u00a02021 permet aux investisseurs de parier sur des actualit\u00e9s vari\u00e9es, des \u00e9lections aux r\u00e9sultats d\u2019\u00e9v\u00e8nements culturels ou sportifs. Sa valeur a quintupl\u00e9 en six mois, pr\u00e9cise Forbes, ce qui permet aux cofondateurs, qui d\u00e9tiennent environ 12\u00a0% de l\u2019entreprise, d\u2019obtenir une fortune de 1,3\u00a0milliard de dollars chacun.<\/p>\n<\/p>\n<p>Une ancienne ballerine professionnelle<\/p>\n<p>N\u00e9e \u00e0 Belo Horizonte, dans le sud-est du Br\u00e9sil, d\u2019une m\u00e8re professeur de math\u00e9matiques et d\u2019un p\u00e8re ing\u00e9nieur \u00e9lectricien, Luana Lopes Lara a consacr\u00e9 une partie de sa vie \u00e0 la danse classique. Elle est pass\u00e9e par l\u2019\u00e9cole du th\u00e9\u00e2tre Bolcho\u00ef \u00e0 Joinville, au Br\u00e9sil. Cigarette allum\u00e9e sous la cuisse pour garder une jambe lev\u00e9e, \u00e9clats de verre dans les chaussons\u2026 Dans Forbes, elle raconte ce programme \u00ab\u00a0ultra-comp\u00e9titif\u00a0\u00bb et difficile m\u00ealant cours th\u00e9oriques et cours de ballet de 7 heures \u00e0 21 heures.<\/p>\n<p>La jeune femme devient m\u00eame ballerine professionnelle en Autriche mais d\u00e9cide finalement de suivre une autre ambition\u00a0: \u00ab\u00a0devenir la prochaine <a href=\"https:\/\/www.20minutes.fr\/high-tech\/steve-jobs\/\" class=\"c-link c-link--is-underlined\" target=\"_blank\" rel=\"noopener\">Steve Jobs<\/a>\u00a0\u00bb. Le changement de voie n\u2019est pas une surprise\u00a0: passionn\u00e9e par les math\u00e9matiques, elle a particip\u00e9 durant sa scolarit\u00e9 \u00e0 des olympiades de physique et d\u2019astronomie. Elle part aux Etats-Unis et int\u00e8gre la prestigieuse universit\u00e9 du Massachusetts Institute of Technology (MIT), d\u2019o\u00f9 elle sort dipl\u00f4m\u00e9e apr\u00e8s avoir rencontr\u00e9 son futur associ\u00e9, Tarek Mansour. Ensemble, ils d\u00e9crochent un stage \u00e0 <a href=\"https:\/\/www.20minutes.fr\/dossier\/new_york\" class=\"c-link c-link--is-underlined\" target=\"_blank\" rel=\"noopener\">New York<\/a> en\u00a02018 au sein de l\u2019entreprise de trading Five Rings Capital. C\u2019est \u00e0 cette p\u00e9riode que na\u00eet leur id\u00e9e d\u2019une entreprise de march\u00e9 pr\u00e9dictif.<\/p>\n<p>\u00ab\u00a0Le meilleur de moi-m\u00eame\u00a0\u00bb<\/p>\n<p>Confront\u00e9e \u00e0 des obstacles judiciaires et r\u00e9guli\u00e8rement l\u2019objet de controverse, l\u2019entreprise revendique n\u00e9anmoins un volume de transactions qui d\u00e9passe d\u00e9sormais un milliard de dollars par semaine, indique Forbes, dont plus de 90\u00a0% proviennent de contrats sportifs. Son conseil consultatif a \u00e9t\u00e9 rejoint par Donald Trump Jr, le fils du pr\u00e9sident am\u00e9ricain. D\u00e9but d\u00e9cembre, ce dernier louait les march\u00e9s pr\u00e9dictifs qui \u00ab\u00a0d\u00e9mocratisent la v\u00e9rit\u00e9 et \u00e9liminent les absurdit\u00e9s et les sondages truqu\u00e9s et achet\u00e9s destin\u00e9s \u00e0 imposer un r\u00e9cit\u00a0\u00bb.<\/p>\n<p>En\u00a02021, d\u00e9j\u00e0, Luana Lopes Lara \u00e9tait la seule Br\u00e9silienne \u00e0 figurer dans la liste \u00ab\u00a0Forbes 30 Under 30\u00a0\u00bb pour les Etats-Unis. \u00ab\u00a0J\u2019ai toujours voulu donner le meilleur de moi-m\u00eame\u00a0\u00bb, confiait-elle au <a href=\"https:\/\/forbes.com.br\/forbes-money\/2021\/12\/quem-e-luana-lopes-lara-a-unica-brasileira-na-lista-forbes-30-under-30-dos-eua\/\" rel=\"nofollow noopener\" target=\"_blank\" class=\"c-link c-link--is-underlined\">magazine<\/a> \u00e0 l\u2019\u00e9poque. Depuis, elle a d\u00e9tr\u00f4n\u00e9 Lucy Guo, 30 ans, cofondatrice d\u2019une soci\u00e9t\u00e9 d\u2019<a href=\"https:\/\/www.20minutes.fr\/dossier\/intelligence_artificielle\" class=\"c-link c-link--is-underlined\" target=\"_blank\" rel=\"noopener\">intelligence artificielle<\/a> Scale AI, qui avait elle-m\u00eame battu en avril la pop star <a href=\"https:\/\/www.20minutes.fr\/arts-stars\/people\/taylor_swift\/\" class=\"c-link c-link--is-underlined\" target=\"_blank\" rel=\"noopener\">Taylor Swift.<\/a><\/p>\n","protected":false},"excerpt":{"rendered":"Elle n\u2019a pas encore 30 ans et vient de rejoindre le club des milliardaires. Luana Lopes Lara, n\u00e9e&hellip;\n","protected":false},"author":2,"featured_media":600747,"comment_status":"","ping_status":"","sticky":false,"template":"","format":"standard","meta":{"footnotes":""},"categories":[6],"tags":[47,340,4686,2548,35,71334,33,34,73,590,3531,36726,1011,27,2112,6817],"class_list":{"0":"post-600746","1":"post","2":"type-post","3":"status-publish","4":"format-standard","5":"has-post-thumbnail","7":"category-economie","8":"tag-actualite","9":"tag-bourse","10":"tag-bourse-de-new-york","11":"tag-bresil","12":"tag-business","13":"tag-classement-forbes","14":"tag-economie","15":"tag-economy","16":"tag-etats-unis","17":"tag-finance","18":"tag-financement","19":"tag-forbes","20":"tag-fr","21":"tag-france","22":"tag-marches-financiers","23":"tag-milliardaire"},"share_on_mastodon":{"url":"https:\/\/pubeurope.com\/@fr\/115723587065090605","error":""},"_links":{"self":[{"href":"https:\/\/www.europesays.com\/fr\/wp-json\/wp\/v2\/posts\/600746","targetHints":{"allow":["GET"]}}],"collection":[{"href":"https:\/\/www.europesays.com\/fr\/wp-json\/wp\/v2\/posts"}],"about":[{"href":"https:\/\/www.europesays.com\/fr\/wp-json\/wp\/v2\/types\/post"}],"author":[{"embeddable":true,"href":"https:\/\/www.europesays.com\/fr\/wp-json\/wp\/v2\/users\/2"}],"replies":[{"embeddable":true,"href":"https:\/\/www.europesays.com\/fr\/wp-json\/wp\/v2\/comments?post=600746"}],"version-history":[{"count":0,"href":"https:\/\/www.europesays.com\/fr\/wp-json\/wp\/v2\/posts\/600746\/revisions"}],"wp:featuredmedia":[{"embeddable":true,"href":"https:\/\/www.europesays.com\/fr\/wp-json\/wp\/v2\/media\/600747"}],"wp:attachment":[{"href":"https:\/\/www.europesays.com\/fr\/wp-json\/wp\/v2\/media?parent=600746"}],"wp:term":[{"taxonomy":"category","embeddable":true,"href":"https:\/\/www.europesays.com\/fr\/wp-json\/wp\/v2\/categories?post=600746"},{"taxonomy":"post_tag","embeddable":true,"href":"https:\/\/www.europesays.com\/fr\/wp-json\/wp\/v2\/tags?post=600746"}],"curies":[{"name":"wp","href":"https:\/\/api.w.org\/{rel}","templated":true}]}}