{"id":600748,"date":"2025-12-15T12:29:11","date_gmt":"2025-12-15T12:29:11","guid":{"rendered":"https:\/\/www.europesays.com\/fr\/600748\/"},"modified":"2025-12-15T12:29:11","modified_gmt":"2025-12-15T12:29:11","slug":"guerre-en-ukraine-lue-a-trop-peu-de-cartes-en-main-pour-hesiter-a-abattre-celle-des-avoirs-russes-geles-le-monde-fr","status":"publish","type":"post","link":"https:\/\/www.europesays.com\/fr\/600748\/","title":{"rendered":"Guerre en Ukraine : \u00ab L\u2019UE a trop peu de cartes en main pour h\u00e9siter \u00e0 abattre celle des avoirs russes gel\u00e9s \u00bb &#8211; Le Monde.fr"},"content":{"rendered":"<ol>\n<li><a href=\"https:\/\/news.google.com\/rss\/articles\/CBMi_wFBVV95cUxNTG9uSVhSVVdtZ3M3TVZhN0NuRnFyWHNuWEthRDVTSGlleC1sR1BjaFU4SEtMbU81djNvU1RWaHpuOGhaQ1BhQ1lwVnpiSUZmU1Z6V1hvcGdRUVJGWllGdkQ2VERVaVpVZUxhZHR3NzdFamZNLVZyRk91bHVwVy1jYWxuaUEtN2lRZGpqTDdtYXcyMFVQZUw2cm1McE1ZQm4tM01OZFVZZ1pLNE9DVjA1dXBONkc3QnE5Y3dCUmNYeEVQQVk3U2xVSEY3LWkxNXNUMnFiTjZZalpjejRZdWdCNVlucUllZXZSZTJ4S2dBMnYyQU5feTZ2ZFl4SzBLSHc?oc=5\" target=\"_blank\" rel=\"noopener\">Guerre en Ukraine : \u00ab L\u2019UE a trop peu de cartes en main pour h\u00e9siter \u00e0 abattre celle des avoirs russes gel\u00e9s \u00bb<\/a>&nbsp;&nbsp;Le Monde.fr<\/li>\n<li><a href=\"https:\/\/news.google.com\/rss\/articles\/CBMi2AFBVV95cUxOVzVpT0JpQ1plMjBJclN0M3poN0I1SEstS2lqTldqcGh1SzF1SGpPcjdiTUpRbklUT0U4V2tnTGU1U1c0VWtZWDZTQlNQSWpnUW5mVzZpZUhZa2JmeC04WUtCUE8tNWwycUFpR211Q1hjM2JmN2wtUm9TSlZsY3JGS1ZVWlZnU0VrdVVQUm5nMW13OWdzZlNYZS1nS3lINmtraTJ3WXlNSU5iclozcWZxVEt6My1fNHlBXzFiLWtjVzhMYUprTkpDUGN3MlhKSmpDemxsVHhtOWQ?oc=5\" target=\"_blank\" rel=\"noopener\">Actifs russes : l&rsquo;Italie prend ses distances avec le pr\u00eat de r\u00e9paration pour l&rsquo;Ukraine<\/a>&nbsp;&nbsp;Les Echos<\/li>\n<li><a href=\"https:\/\/news.google.com\/rss\/articles\/CBMi0AFBVV95cUxOYkliMVQ4NFE5VlJyNjdEVk82d1hSQkVEQWI1MGtJMDFieG03S3MwWm9taTNkM2I4MkFQdnh3dUtaSExOREhGODV2Yi1XdnZwdXZ5Xy00MFd3WldtdnlpRi1VNC1GaV9zZlVMRWV2RlhQOWpGQjFlMi1lLVByMVRTdHBDYkJLZUhwVldiajNBcHQzV2ZmMXRBandORDRZT0ZfZzg4cGNfcjJTNmRzV09LdjVNZUhhbmhpSkxwelQ0YmNkLVZuU2RjZWdvb3hRdnZw?oc=5\" target=\"_blank\" rel=\"noopener\">Ukraine en direct : semaine \u00ab\u00a0d\u00e9cisive\u00a0\u00bb pour le financement de Kiev<\/a>&nbsp;&nbsp;France 24<\/li>\n<li><a href=\"https:\/\/news.google.com\/rss\/articles\/CBMixgFBVV95cUxOVGFlazBNSVNWLVo0eWFlcExrbGFPZmFKZGNCRUpNdWdlbElBMDJKbGNUd3BpN3VMdUg1ZkhJYWVLTFJ4YmtoakdWT3hfNUhBZExnaXpSWkM1QXBlbmd1RjZHMTJoQzB3TllDY0s5aVpuNXQyanBQT2R3dlgxOWpyU25zUWlKdnQwejJHQzY4OUtBaTVQak5rdjU3TE9GZDZtSTlTNU5XeC0wLU15SEI1WElMaUU4RVNxelc2R3pRQThaYklpWUE?oc=5\" target=\"_blank\" rel=\"noopener\">Comment l\u2019Europe a contourn\u00e9 Viktor Orban pour s\u00e9curiser les avoirs russes gel\u00e9s<\/a>&nbsp;&nbsp;Le Figaro<\/li>\n<li><a href=\"https:\/\/news.google.com\/rss\/articles\/CBMimgJBVV95cUxOSTVELVo1bTJxNEw2bjZsYWlkTmpnREdRc2FUTFZBcExvX0ZXQWh0anpnUHE3MnNXbHZRazVwelhwRUUzdUNFX1QzYlRubGlQdFkyRGg2Rjh6U21WZ2lOaXdsMFlLUHNndjZSaXFvMUxjcEIwYXdOZm8wUTVGcnRoSlZrbzJhS2VLaGFCbkRrLTRncU1YaV9rWThxbHc2eEpscXIwV0RPc0ZBd2RpSW9qeVQ0TzYxUkFxRkVDS2NjTlR1b0Zmem9uenJuOFVOZl91OFhxY1BSdDd3djZMbVp1OGVqU3kyaXZXNUpxT3lEWEhralh6OWxwdHNZXzNLck9CMkdXN1JQc0FIRTRIS2NvRlhKTFluc1EwZXc?oc=5\" target=\"_blank\" rel=\"noopener\">La semaine sera \u00ab d\u00e9cisive \u00bb pour le financement de l\u2019Ukraine, selon la cheffe de la diplomatie de l\u2019Union europ\u00e9enne<\/a>&nbsp;&nbsp;Ouest-France<\/li>\n<\/ol>\n","protected":false},"excerpt":{"rendered":"Guerre en Ukraine : \u00ab L\u2019UE a trop peu de cartes en main pour h\u00e9siter \u00e0 abattre celle&hellip;\n","protected":false},"author":2,"featured_media":395849,"comment_status":"","ping_status":"","sticky":false,"template":"","format":"standard","meta":{"footnotes":""},"categories":[5],"tags":[11,1011,27,14,12,28],"class_list":{"0":"post-600748","1":"post","2":"type-post","3":"status-publish","4":"format-standard","5":"has-post-thumbnail","7":"category-international","8":"tag-actualites","9":"tag-fr","10":"tag-france","11":"tag-international","12":"tag-news","13":"tag-world"},"share_on_mastodon":{"url":"https:\/\/pubeurope.com\/@fr\/115723591061338178","error":""},"_links":{"self":[{"href":"https:\/\/www.europesays.com\/fr\/wp-json\/wp\/v2\/posts\/600748","targetHints":{"allow":["GET"]}}],"collection":[{"href":"https:\/\/www.europesays.com\/fr\/wp-json\/wp\/v2\/posts"}],"about":[{"href":"https:\/\/www.europesays.com\/fr\/wp-json\/wp\/v2\/types\/post"}],"author":[{"embeddable":true,"href":"https:\/\/www.europesays.com\/fr\/wp-json\/wp\/v2\/users\/2"}],"replies":[{"embeddable":true,"href":"https:\/\/www.europesays.com\/fr\/wp-json\/wp\/v2\/comments?post=600748"}],"version-history":[{"count":0,"href":"https:\/\/www.europesays.com\/fr\/wp-json\/wp\/v2\/posts\/600748\/revisions"}],"wp:featuredmedia":[{"embeddable":true,"href":"https:\/\/www.europesays.com\/fr\/wp-json\/wp\/v2\/media\/395849"}],"wp:attachment":[{"href":"https:\/\/www.europesays.com\/fr\/wp-json\/wp\/v2\/media?parent=600748"}],"wp:term":[{"taxonomy":"category","embeddable":true,"href":"https:\/\/www.europesays.com\/fr\/wp-json\/wp\/v2\/categories?post=600748"},{"taxonomy":"post_tag","embeddable":true,"href":"https:\/\/www.europesays.com\/fr\/wp-json\/wp\/v2\/tags?post=600748"}],"curies":[{"name":"wp","href":"https:\/\/api.w.org\/{rel}","templated":true}]}}