{"id":600763,"date":"2025-12-15T12:40:19","date_gmt":"2025-12-15T12:40:19","guid":{"rendered":"https:\/\/www.europesays.com\/fr\/600763\/"},"modified":"2025-12-15T12:40:19","modified_gmt":"2025-12-15T12:40:19","slug":"la-reserve-revient-avec-un-point-de-montpellier","status":"publish","type":"post","link":"https:\/\/www.europesays.com\/fr\/600763\/","title":{"rendered":"la r\u00e9serve revient avec un point de Montpellier"},"content":{"rendered":"<p>                            <img width=\"770\" height=\"433\" src=\"https:\/\/www.europesays.com\/fr\/wp-content\/uploads\/2025\/09\/IMG_3493-770x433.jpg\" class=\"attachment-article size-article wp-post-image\" alt=\"T\u00e9o Barisic lors d'OL - RWDM Brussels\" decoding=\"async\" fetchpriority=\"high\"  \/><\/p>\n<p>T\u00e9o Barisic lors d\u2019OL \u2013 RWDM Brussels (cr\u00e9dit : David Hernandez \/ OetL)<\/p>\n<p>Men\u00e9e 2-0 \u00e0 la pause sur la pelouse de Montpellier, la r\u00e9serve de l\u2019OL a trouv\u00e9 les ressources pour ne pas rentrer bredouille. Un point pour finir l\u2019ann\u00e9e sur une note un peu positive.<\/p>\n<p>C\u2019est avec une place dans la seconde partie de tableau que la r\u00e9serve de l\u2019OL finit son ann\u00e9e 2025. Dans un exercice 2025-2026 plus compliqu\u00e9 que le pr\u00e9c\u00e9dent, les joueurs de Gue\u00efda <strong>Fofana<\/strong> sont loin de se m\u00ealer \u00e0 la course \u00e0 la mont\u00e9e. Au contraire, c\u2019est plut\u00f4t en regardant derri\u00e8re que les Lyonnais entament leur match depuis onze journ\u00e9es. Les r\u00e9cents r\u00e9sultats ont donn\u00e9 un peu d\u2019air aux co\u00e9quipiers de Daryll <strong>Benlahlou<\/strong>, mais avec 13 points sur cette premi\u00e8re partie de saison, l\u2019OL est encore loin du maintien. Vainqueur de la r\u00e9serve de l\u2019OM il y a une semaine, la formation rhodanienne esp\u00e9rait surfer sur ce succ\u00e8s pour terminer l\u2019ann\u00e9e en beaut\u00e9.<\/p>\n<p>Barisic buteur<\/p>\n<p>Il y avait \u00e9galement un peu de revanche dans l\u2019air au moment d\u2019affronter Montpellier, ce dimanche dans le sud de la France. Pourquoi ? Tout simplement parce que le MHSC avait fait tomber la r\u00e9serve <a href=\"https:\/\/www.olympique-et-lyonnais.com\/ol-academie-une-de-chute-pour-la-reserve-en-challenge-espoirs,385638.html\" target=\"_blank\" rel=\"noopener\">pour la premi\u00e8re fois<\/a> de la saison en Challenge Espoirs. Malheureusement, le carton rouge montpelli\u00e9rain d\u00e8s le d\u00e9but du match (9e minute) n\u2019a pas aid\u00e9 la r\u00e9serve de l\u2019OL \u00e0 prendre les devants. Au contraire, ce sont les locaux qui ont fait la diff\u00e9rence par deux fois en premi\u00e8re mi-temps pour rentrer avec un break d\u2019avance au vestiaire. Non-retenu avec les pros, T\u00e9o <strong>Barisic<\/strong> a relanc\u00e9 les siens \u00e0 l\u2019heure de jeu avant que Nehemie <strong>Lurika<\/strong> ne remette les deux \u00e9quipes \u00e0 \u00e9galit\u00e9 \u00e0 treize minutes de la fin.<\/p>\n<p>\t\t\t\t\t<a href=\"https:\/\/www.olympique-et-lyonnais.com\/ol-abonnez-vous-a-notre-chaine-youtube-19,386726.html\" title=\"OL : abonnez-vous \u00e0 notre cha\u00eene YouTube\" target=\"_blank\" rel=\"noopener\"><img loading=\"lazy\" width=\"580\" height=\"326\" src=\"https:\/\/www.europesays.com\/fr\/wp-content\/uploads\/2025\/12\/Capture-decran-2025-11-26-a-13.06.27-580x326.jpg\" class=\"attachment-actularge size-actularge wp-post-image\" alt=\"Cha\u00eene YouTube TKYDG\" decoding=\"async\"  \/>\t\t\t\t\t<\/a><\/p>\n","protected":false},"excerpt":{"rendered":"T\u00e9o Barisic lors d\u2019OL \u2013 RWDM Brussels (cr\u00e9dit : David Hernandez \/ OetL) Men\u00e9e 2-0 \u00e0 la pause&hellip;\n","protected":false},"author":2,"featured_media":422643,"comment_status":"","ping_status":"","sticky":false,"template":"","format":"standard","meta":{"footnotes":""},"categories":[9599],"tags":[1111,11,1777,674,1011,27,2208,12,2680,241,978,25],"class_list":{"0":"post-600763","1":"post","2":"type-post","3":"status-publish","4":"format-standard","5":"has-post-thumbnail","7":"category-montpellier","8":"tag-actu","9":"tag-actualites","10":"tag-eu","11":"tag-europe","12":"tag-fr","13":"tag-france","14":"tag-montpellier","15":"tag-news","16":"tag-occitanie","17":"tag-ol","18":"tag-olympique-lyonnais","19":"tag-republique-francaise"},"share_on_mastodon":{"url":"https:\/\/pubeurope.com\/@fr\/115723635113231021","error":""},"_links":{"self":[{"href":"https:\/\/www.europesays.com\/fr\/wp-json\/wp\/v2\/posts\/600763","targetHints":{"allow":["GET"]}}],"collection":[{"href":"https:\/\/www.europesays.com\/fr\/wp-json\/wp\/v2\/posts"}],"about":[{"href":"https:\/\/www.europesays.com\/fr\/wp-json\/wp\/v2\/types\/post"}],"author":[{"embeddable":true,"href":"https:\/\/www.europesays.com\/fr\/wp-json\/wp\/v2\/users\/2"}],"replies":[{"embeddable":true,"href":"https:\/\/www.europesays.com\/fr\/wp-json\/wp\/v2\/comments?post=600763"}],"version-history":[{"count":0,"href":"https:\/\/www.europesays.com\/fr\/wp-json\/wp\/v2\/posts\/600763\/revisions"}],"wp:featuredmedia":[{"embeddable":true,"href":"https:\/\/www.europesays.com\/fr\/wp-json\/wp\/v2\/media\/422643"}],"wp:attachment":[{"href":"https:\/\/www.europesays.com\/fr\/wp-json\/wp\/v2\/media?parent=600763"}],"wp:term":[{"taxonomy":"category","embeddable":true,"href":"https:\/\/www.europesays.com\/fr\/wp-json\/wp\/v2\/categories?post=600763"},{"taxonomy":"post_tag","embeddable":true,"href":"https:\/\/www.europesays.com\/fr\/wp-json\/wp\/v2\/tags?post=600763"}],"curies":[{"name":"wp","href":"https:\/\/api.w.org\/{rel}","templated":true}]}}