{"id":600764,"date":"2025-12-15T12:41:13","date_gmt":"2025-12-15T12:41:13","guid":{"rendered":"https:\/\/www.europesays.com\/fr\/600764\/"},"modified":"2025-12-15T12:41:13","modified_gmt":"2025-12-15T12:41:13","slug":"municipales-2026-frederic-mazier-tete-de-liste-reconquete-a-rouen-veut-regler-les-problemes-dinsecurite","status":"publish","type":"post","link":"https:\/\/www.europesays.com\/fr\/600764\/","title":{"rendered":"Municipales 2026. Fr\u00e9d\u00e9ric Mazier, t\u00eate de liste Reconqu\u00eate \u00e0 Rouen, veut \u00ab\u00a0r\u00e9gler les probl\u00e8mes d&rsquo;ins\u00e9curit\u00e9\u00a0\u00bb"},"content":{"rendered":"<p melodystyle=\"texte\">Il est engag\u00e9 en politique depuis l&rsquo;\u00e2ge de 14 ans. Son p\u00e8re, Bernard Mazier, \u00e9tait un cadre du Front national. Fr\u00e9d\u00e9ric Mazier lui a quitt\u00e9 le parti lep\u00e9niste en 2002 avant de rejoindre Debout la France, puis le parti Reconqu\u00eate d&rsquo;Eric Zemmour, d\u00e8s sa cr\u00e9ation. \u00ab\u00a0Tous les points qui sont d\u00e9fendus par Reconqu\u00eate ne le sont plus par le Rassemblement national\u00a0\u00bb, estime le fonctionnaire territorial \u00e0 la retraite qui se lance comme t\u00eate de liste pour les municipales \u00e0 Rouen de mars\u00a02026. Il a d\u00e9j\u00e0 particip\u00e9 \u00e0 diff\u00e9rentes \u00e9lections, notamment les d\u00e9partementales ou encore les l\u00e9gislatives, derni\u00e8rement en 2024 dans la 2e circonscription de Seine-Maritime. Rouennais de toujours, il justifie sa candidature pour cette \u00ab\u00a0ville qu'[il] aime \u00e9norm\u00e9ment et qu'[il] voit se d\u00e9grader \u00e0 la suite de la politique que m\u00e8ne <a href=\"https:\/\/www.tendanceouest.com\/actualite-433575-municipales-2026-pas-encore-officiellement-candidat-a-rouen-nicolas-mayer-rossignol-defend-son-bilan\" target=\"_blank\" rel=\"noopener\">Nicolas Mayer-Rossignol\u00a0\u00bb<\/a><a href=\"https:\/\/www.tendanceouest.com\/actualite-433575-municipales-2026-pas-encore-officiellement-candidat-a-rouen-nicolas-mayer-rossignol-defend-son-bilan\" target=\"_blank\" rel=\"noopener\">.<\/a><\/p>\n<p>Les th\u00e9matiques de Reconqu\u00eate<\/p>\n<p melodystyle=\"texte\">Sans grande surprise, le candidat bat campagne sur les th\u00e9matiques du parti d&rsquo;Eric Zemmour, \u00e0 savoir la s\u00e9curit\u00e9 et la lutte contre l&rsquo;immigration.<\/p>\n<p melodystyle=\"texte\">Sur le premier point, Fr\u00e9d\u00e9ric Mazier estime que \u00ab\u00a0le nombre d&rsquo;agents de police municipale est suffisant\u00a0\u00bb, mais qu&rsquo;il faut \u00ab\u00a0recentrer leurs missions\u00a0\u00bb trop orient\u00e9es vers \u00ab\u00a0une politique du chiffre\u00a0\u00bb.<\/p>\n<p melodystyle=\"texte\">Sur l&rsquo;immigration, autre marotte de Reconqu\u00eate, Fr\u00e9d\u00e9ric Mazier promet une priorit\u00e9 aux compatriotes fran\u00e7ais pour l&rsquo;acc\u00e8s au logement. Il assure aussi qu&rsquo;il supprimerait les subventions aux associations \u00ab\u00a0pro-migrantes\u00a0\u00bb qui, selon lui, sont \u00e0 l&rsquo;origine de \u00ab\u00a0la perturbation de la tranquillit\u00e9 publique\u00a0\u00bb.<\/p>\n<p melodystyle=\"texte\">Le candidat le sait, il ne d\u00e9crochera pas la mairie de Rouen, l&rsquo;union des droites souhait\u00e9e n&rsquo;\u00e9tant pas faite. \u00ab\u00a0Notre objectif est de passer entre trois et six conseillers municipaux pour pouvoir \u00eatre une r\u00e9elle opposition \u00e0 monsieur le maire\u00a0\u00bb, lance-t-il.<\/p>\n<p melodystyle=\"texte\">Pas de liste commune donc, l&rsquo;UDR de Ciotti soutenant \u00e0 Rouen la liste men\u00e9e par <a href=\"https:\/\/www.tendanceouest.com\/actualite-434299-municipales-2026-gregoire-houdan-sera-le-candidat-du-rassemblement-national-a-rouen\" target=\"_blank\" rel=\"noopener\">Gr\u00e9goire Houdan<\/a> pour le Rassemblement national. \u00ab\u00a0S&rsquo;il peut se maintenir, j&rsquo;inviterai \u00e0 la rejoindre pour le second tour\u00a0\u00bb, affirme-t-il, m\u00eame s&rsquo;il le mart\u00e8le\u00a0: \u00ab\u00a0Reconqu\u00eate est le seul parti politique de droite qui se pr\u00e9sente aux municipales \u00e0 Rouen.\u00a0\u00bb<\/p>\n","protected":false},"excerpt":{"rendered":"Il est engag\u00e9 en politique depuis l&rsquo;\u00e2ge de 14 ans. Son p\u00e8re, Bernard Mazier, \u00e9tait un cadre du&hellip;\n","protected":false},"author":2,"featured_media":600765,"comment_status":"","ping_status":"","sticky":false,"template":"","format":"standard","meta":{"footnotes":""},"categories":[9587],"tags":[1111,11,1777,674,1011,27,12,5161,25,9590],"class_list":{"0":"post-600764","1":"post","2":"type-post","3":"status-publish","4":"format-standard","5":"has-post-thumbnail","7":"category-rouen","8":"tag-actu","9":"tag-actualites","10":"tag-eu","11":"tag-europe","12":"tag-fr","13":"tag-france","14":"tag-news","15":"tag-normandie","16":"tag-republique-francaise","17":"tag-rouen"},"share_on_mastodon":{"url":"https:\/\/pubeurope.com\/@fr\/115723638199981908","error":""},"_links":{"self":[{"href":"https:\/\/www.europesays.com\/fr\/wp-json\/wp\/v2\/posts\/600764","targetHints":{"allow":["GET"]}}],"collection":[{"href":"https:\/\/www.europesays.com\/fr\/wp-json\/wp\/v2\/posts"}],"about":[{"href":"https:\/\/www.europesays.com\/fr\/wp-json\/wp\/v2\/types\/post"}],"author":[{"embeddable":true,"href":"https:\/\/www.europesays.com\/fr\/wp-json\/wp\/v2\/users\/2"}],"replies":[{"embeddable":true,"href":"https:\/\/www.europesays.com\/fr\/wp-json\/wp\/v2\/comments?post=600764"}],"version-history":[{"count":0,"href":"https:\/\/www.europesays.com\/fr\/wp-json\/wp\/v2\/posts\/600764\/revisions"}],"wp:featuredmedia":[{"embeddable":true,"href":"https:\/\/www.europesays.com\/fr\/wp-json\/wp\/v2\/media\/600765"}],"wp:attachment":[{"href":"https:\/\/www.europesays.com\/fr\/wp-json\/wp\/v2\/media?parent=600764"}],"wp:term":[{"taxonomy":"category","embeddable":true,"href":"https:\/\/www.europesays.com\/fr\/wp-json\/wp\/v2\/categories?post=600764"},{"taxonomy":"post_tag","embeddable":true,"href":"https:\/\/www.europesays.com\/fr\/wp-json\/wp\/v2\/tags?post=600764"}],"curies":[{"name":"wp","href":"https:\/\/api.w.org\/{rel}","templated":true}]}}