{"id":600776,"date":"2025-12-15T12:47:15","date_gmt":"2025-12-15T12:47:15","guid":{"rendered":"https:\/\/www.europesays.com\/fr\/600776\/"},"modified":"2025-12-15T12:47:15","modified_gmt":"2025-12-15T12:47:15","slug":"entre-colmar-et-strasbourg-plusieurs-voitures-impliquees-dans-des-accidents-sur-la35","status":"publish","type":"post","link":"https:\/\/www.europesays.com\/fr\/600776\/","title":{"rendered":"Entre Colmar et Strasbourg. Plusieurs voitures impliqu\u00e9es dans des accidents sur l&rsquo;A35"},"content":{"rendered":"<p>Un accident impliquant trois voitures est survenu vers 8h45 sur l&rsquo;A35, dans le sens Colmar-Strasbourg, au niveau de la commune de Zellwiller, a-t-on appris dans un communiqu\u00e9 de la Collectivit\u00e9 europ\u00e9enne d&rsquo;Alsace (CEA).<\/p>\n<p>La voie rapide a \u00e9t\u00e9 neutralis\u00e9e jusqu&rsquo;\u00e0 9h30. L&rsquo;accident a g\u00e9n\u00e8r\u00e9 environ quatre kilom\u00e8tres de ralentissements.<\/p>\n<p>Quelques kilom\u00e8tres plus au sud, un nouvel accident a eu lieu vers 8h50, dans le sens S\u00e9lestat-Colmar, au niveau de Saint-Hippolyte, o\u00f9 cinq voitures sont entr\u00e9es en collision.<\/p>\n<p>La voie de gauche a \u00e9t\u00e9 ferm\u00e9e \u00e0 la circulation le temps des op\u00e9rations de secours et de d\u00e9pannage, cr\u00e9ant-l\u00e0 un bouchon de cinq kilom\u00e8tres.<\/p>\n<p>Il y avait 10 personnes au total \u00e0 bord de ces cinq v\u00e9hicules. Aucune n&rsquo;a \u00e9t\u00e9 bless\u00e9e.<\/p>\n","protected":false},"excerpt":{"rendered":"Un accident impliquant trois voitures est survenu vers 8h45 sur l&rsquo;A35, dans le sens Colmar-Strasbourg, au niveau de&hellip;\n","protected":false},"author":2,"featured_media":600777,"comment_status":"","ping_status":"","sticky":false,"template":"","format":"standard","meta":{"footnotes":""},"categories":[2820],"tags":[119,1111,11,2389,2413,24625,3143,1777,674,107,1011,27,775,12,25,70664,640,71336],"class_list":{"0":"post-600776","1":"post","2":"type-post","3":"status-publish","4":"format-standard","5":"has-post-thumbnail","7":"category-strasbourg","8":"tag-accident","9":"tag-actu","10":"tag-actualites","11":"tag-alsace","12":"tag-edition-colmar-guebwiller","13":"tag-edition-molsheim-obernai","14":"tag-edition-selestat-erstein","15":"tag-eu","16":"tag-europe","17":"tag-fil-info","18":"tag-fr","19":"tag-france","20":"tag-grand-est","21":"tag-news","22":"tag-republique-francaise","23":"tag-saint-hippolyte","24":"tag-strasbourg","25":"tag-zellwiller"},"share_on_mastodon":{"url":"https:\/\/pubeurope.com\/@fr\/115723661767674118","error":""},"_links":{"self":[{"href":"https:\/\/www.europesays.com\/fr\/wp-json\/wp\/v2\/posts\/600776","targetHints":{"allow":["GET"]}}],"collection":[{"href":"https:\/\/www.europesays.com\/fr\/wp-json\/wp\/v2\/posts"}],"about":[{"href":"https:\/\/www.europesays.com\/fr\/wp-json\/wp\/v2\/types\/post"}],"author":[{"embeddable":true,"href":"https:\/\/www.europesays.com\/fr\/wp-json\/wp\/v2\/users\/2"}],"replies":[{"embeddable":true,"href":"https:\/\/www.europesays.com\/fr\/wp-json\/wp\/v2\/comments?post=600776"}],"version-history":[{"count":0,"href":"https:\/\/www.europesays.com\/fr\/wp-json\/wp\/v2\/posts\/600776\/revisions"}],"wp:featuredmedia":[{"embeddable":true,"href":"https:\/\/www.europesays.com\/fr\/wp-json\/wp\/v2\/media\/600777"}],"wp:attachment":[{"href":"https:\/\/www.europesays.com\/fr\/wp-json\/wp\/v2\/media?parent=600776"}],"wp:term":[{"taxonomy":"category","embeddable":true,"href":"https:\/\/www.europesays.com\/fr\/wp-json\/wp\/v2\/categories?post=600776"},{"taxonomy":"post_tag","embeddable":true,"href":"https:\/\/www.europesays.com\/fr\/wp-json\/wp\/v2\/tags?post=600776"}],"curies":[{"name":"wp","href":"https:\/\/api.w.org\/{rel}","templated":true}]}}