{"id":600780,"date":"2025-12-15T12:49:13","date_gmt":"2025-12-15T12:49:13","guid":{"rendered":"https:\/\/www.europesays.com\/fr\/600780\/"},"modified":"2025-12-15T12:49:13","modified_gmt":"2025-12-15T12:49:13","slug":"les-avocats-du-barreau-de-nice-invites-a-troquer-la-robe-pour-les-baskets-le","status":"publish","type":"post","link":"https:\/\/www.europesays.com\/fr\/600780\/","title":{"rendered":"Les avocats du Barreau de Nice invit\u00e9s \u00e0 troquer la robe pour les baskets le (\u2026)"},"content":{"rendered":"<p>                    <img loading=\"lazy\" decoding=\"async\" src=\"https:\/\/www.europesays.com\/fr\/wp-content\/uploads\/2025\/12\/18e0242ebe2affbb964e92413e8629.png\" class=\"img-responsive post-image\" width=\"680\" height=\"510\" alt=\"Les avocats du Barreau de\" title=\"Les avocats du Barreau de Nice invit\u00e9s \u00e0 troquer la robe pour les baskets le temps d'un Footing de No\u00ebl\"\/><\/p>\n<p class=\"chapo\">\u00c0 l\u2019initiative de la Commission Sport du Barreau, en partenariat avec l\u2019\u00e9quipe Running du Barreau, un footing de No\u00ebl sera organis\u00e9 le mercredi 17 d\u00e9cembre 2025 \u00e0 12h15, sur la Prom\u2019.<\/p>\n<p>Loin des codes de la comp\u00e9tition et des chronos, ce nouveau format promeut une autre vision du sport au sein de la profession\u00a0: accessible, d\u00e9tendue et f\u00e9d\u00e9ratrice. Pendant 30 \u00e0 40 minutes, les participantes et participants sont invit\u00e9s \u00e0 partager un footing collectif \u00e0 allure mod\u00e9r\u00e9e, ouvert \u00e0 tous les niveaux, face \u00e0 la M\u00e9diterran\u00e9e.<\/p>\n<p><strong>Le rendez-vous est fix\u00e9 Place du Palais, en tenue sportive et baskets recommand\u00e9es<\/strong>. Pour marquer l\u2019esprit de f\u00eate, les avocats qui le souhaitent pourront agr\u00e9menter leur tenue d\u2019un accessoire de No\u00ebl, ajoutant une touche ludique \u00e0 cet \u00e9v\u00e9nement in\u00e9dit.<br class=\"texte\"\/><br \/>\nAu-del\u00e0 de l\u2019activit\u00e9 physique, cette initiative confirme la volont\u00e9 du Barreau de Nice de renforcer les liens confraternels, de favoriser le bien-\u00eatre et d\u2019encourager des moments de partage en dehors des pr\u00e9toires. Un esprit salu\u00e9 par le B\u00e2tonnier <strong>Emmanuel Brancaleoni <\/strong> et la Vice-B\u00e2tonni\u00e8re<strong> Val\u00e9rie Serra,<\/strong> qui voient dans ce footing convivial le possible point de d\u00e9part d\u2019une tradition annuelle.<\/p>\n<p>Pour tout renseignement compl\u00e9mentaire, les avocats int\u00e9ress\u00e9s peuvent contacter <strong>Ma\u00eetre Julien Prandi, <\/strong> Pr\u00e9sident de la Commission Sport du Barreau.<br class=\"autobr\"\/><br \/>\nUne pause sportive bienvenue, qui rappelle que m\u00eame dans une profession exigeante, le collectif et la convivialit\u00e9 ont toute leur place &#8211; surtout \u00e0 l\u2019approche des f\u00eates.<\/p>\n","protected":false},"excerpt":{"rendered":"\u00c0 l\u2019initiative de la Commission Sport du Barreau, en partenariat avec l\u2019\u00e9quipe Running du Barreau, un footing de&hellip;\n","protected":false},"author":2,"featured_media":600781,"comment_status":"","ping_status":"","sticky":false,"template":"","format":"standard","meta":{"footnotes":""},"categories":[2819],"tags":[1111,11,2408,1777,674,1011,27,12,2401,882,25],"class_list":{"0":"post-600780","1":"post","2":"type-post","3":"status-publish","4":"format-standard","5":"has-post-thumbnail","7":"category-nice","8":"tag-actu","9":"tag-actualites","10":"tag-appels-d","11":"tag-eu","12":"tag-europe","13":"tag-fr","14":"tag-france","15":"tag-news","16":"tag-nice","17":"tag-provence-alpes-cote-dazur","18":"tag-republique-francaise"},"share_on_mastodon":{"url":"https:\/\/pubeurope.com\/@fr\/115723670351454589","error":""},"_links":{"self":[{"href":"https:\/\/www.europesays.com\/fr\/wp-json\/wp\/v2\/posts\/600780","targetHints":{"allow":["GET"]}}],"collection":[{"href":"https:\/\/www.europesays.com\/fr\/wp-json\/wp\/v2\/posts"}],"about":[{"href":"https:\/\/www.europesays.com\/fr\/wp-json\/wp\/v2\/types\/post"}],"author":[{"embeddable":true,"href":"https:\/\/www.europesays.com\/fr\/wp-json\/wp\/v2\/users\/2"}],"replies":[{"embeddable":true,"href":"https:\/\/www.europesays.com\/fr\/wp-json\/wp\/v2\/comments?post=600780"}],"version-history":[{"count":0,"href":"https:\/\/www.europesays.com\/fr\/wp-json\/wp\/v2\/posts\/600780\/revisions"}],"wp:featuredmedia":[{"embeddable":true,"href":"https:\/\/www.europesays.com\/fr\/wp-json\/wp\/v2\/media\/600781"}],"wp:attachment":[{"href":"https:\/\/www.europesays.com\/fr\/wp-json\/wp\/v2\/media?parent=600780"}],"wp:term":[{"taxonomy":"category","embeddable":true,"href":"https:\/\/www.europesays.com\/fr\/wp-json\/wp\/v2\/categories?post=600780"},{"taxonomy":"post_tag","embeddable":true,"href":"https:\/\/www.europesays.com\/fr\/wp-json\/wp\/v2\/tags?post=600780"}],"curies":[{"name":"wp","href":"https:\/\/api.w.org\/{rel}","templated":true}]}}