{"id":600804,"date":"2025-12-15T13:01:10","date_gmt":"2025-12-15T13:01:10","guid":{"rendered":"https:\/\/www.europesays.com\/fr\/600804\/"},"modified":"2025-12-15T13:01:10","modified_gmt":"2025-12-15T13:01:10","slug":"un-homme-a-trottinette-mortellement-percute-par-une-camionnette-le-chauffeur-positif-au-cannabis","status":"publish","type":"post","link":"https:\/\/www.europesays.com\/fr\/600804\/","title":{"rendered":"un homme \u00e0 trottinette mortellement percut\u00e9 par une camionnette, le chauffeur positif au cannabis"},"content":{"rendered":"<p itemprop=\"description\"><strong>Terrible drame dans la nuit de dimanche \u00e0 lundi dans le 8e arrondissement.<\/strong><\/p>\n<p>Les faits se sont d\u00e9roul\u00e9s un peu avant 1 heure du matin sur l\u2019avenue Paul-Santy dans le 8e arrondissement de Lyon. Un homme \u00e2g\u00e9 de 29 ans a \u00e9t\u00e9 violemment percut\u00e9 par une camionnette de livraison, au croisement de la rue Hugues-Gu\u00e9rin. Cette derni\u00e8re venait d\u2019entrer en collision avec une voiture apr\u00e8s avoir grill\u00e9 un feu rouge.\u00a0<\/p>\n<p>Selon Actu.fr, la victime serait d\u00e9c\u00e9d\u00e9e sur place malgr\u00e9 l\u2019intervention rapide des secours. Le chauffeur de la camionnette \u00e0 l\u2019origine du drame a lui \u00e9t\u00e9 bless\u00e9 et conduit \u00e0 l\u2019h\u00f4pital o\u00f9 il a \u00e9t\u00e9 plac\u00e9 en garde \u00e0 vue. L\u2019individu a \u00e9t\u00e9 contr\u00f4l\u00e9 positif au cannabis. Les investigations se poursuivent.<\/p>\n","protected":false},"excerpt":{"rendered":"Terrible drame dans la nuit de dimanche \u00e0 lundi dans le 8e arrondissement. Les faits se sont d\u00e9roul\u00e9s&hellip;\n","protected":false},"author":2,"featured_media":600805,"comment_status":"","ping_status":"","sticky":false,"template":"","format":"standard","meta":{"footnotes":""},"categories":[1889],"tags":[1111,11,2813,2190,2430,1109,251,1112,2811,1777,674,118,1011,27,1922,1110,1114,2428,2810,12,241,316,25,2812,517,800],"class_list":{"0":"post-600804","1":"post","2":"type-post","3":"status-publish","4":"format-standard","5":"has-post-thumbnail","7":"category-lyon","8":"tag-actu","9":"tag-actualites","10":"tag-article","11":"tag-asvel","12":"tag-auvergne-rhone-alpes","13":"tag-breves","14":"tag-culture","15":"tag-depeches","16":"tag-economique","17":"tag-eu","18":"tag-europe","19":"tag-faits-divers","20":"tag-fr","21":"tag-france","22":"tag-info","23":"tag-informations","24":"tag-infos","25":"tag-lyon","26":"tag-lyonmag","27":"tag-news","28":"tag-ol","29":"tag-politique","30":"tag-republique-francaise","31":"tag-sociale","32":"tag-sport","33":"tag-transports"},"share_on_mastodon":{"url":"https:\/\/pubeurope.com\/@fr\/115723716885576799","error":""},"_links":{"self":[{"href":"https:\/\/www.europesays.com\/fr\/wp-json\/wp\/v2\/posts\/600804","targetHints":{"allow":["GET"]}}],"collection":[{"href":"https:\/\/www.europesays.com\/fr\/wp-json\/wp\/v2\/posts"}],"about":[{"href":"https:\/\/www.europesays.com\/fr\/wp-json\/wp\/v2\/types\/post"}],"author":[{"embeddable":true,"href":"https:\/\/www.europesays.com\/fr\/wp-json\/wp\/v2\/users\/2"}],"replies":[{"embeddable":true,"href":"https:\/\/www.europesays.com\/fr\/wp-json\/wp\/v2\/comments?post=600804"}],"version-history":[{"count":0,"href":"https:\/\/www.europesays.com\/fr\/wp-json\/wp\/v2\/posts\/600804\/revisions"}],"wp:featuredmedia":[{"embeddable":true,"href":"https:\/\/www.europesays.com\/fr\/wp-json\/wp\/v2\/media\/600805"}],"wp:attachment":[{"href":"https:\/\/www.europesays.com\/fr\/wp-json\/wp\/v2\/media?parent=600804"}],"wp:term":[{"taxonomy":"category","embeddable":true,"href":"https:\/\/www.europesays.com\/fr\/wp-json\/wp\/v2\/categories?post=600804"},{"taxonomy":"post_tag","embeddable":true,"href":"https:\/\/www.europesays.com\/fr\/wp-json\/wp\/v2\/tags?post=600804"}],"curies":[{"name":"wp","href":"https:\/\/api.w.org\/{rel}","templated":true}]}}