{"id":600806,"date":"2025-12-15T13:02:14","date_gmt":"2025-12-15T13:02:14","guid":{"rendered":"https:\/\/www.europesays.com\/fr\/600806\/"},"modified":"2025-12-15T13:02:14","modified_gmt":"2025-12-15T13:02:14","slug":"concertation-lancee-reunion-a-pusignan-ce-mardi","status":"publish","type":"post","link":"https:\/\/www.europesays.com\/fr\/600806\/","title":{"rendered":"concertation lanc\u00e9e, r\u00e9union \u00e0 Pusignan ce mardi"},"content":{"rendered":"<p>Depuis mi-novembre et jusqu\u2019au 14\u00a0janvier inclus, une concertation publique est lanc\u00e9e pour recueillir les observations des habitants sur le projet de liaison Cr\u00e9mieu-Lyon par Meyzieu. Pilot\u00e9e par la R\u00e9gion Auvergne-Rh\u00f4ne-Alpes, elle inclut des ateliers interactifs. Le prochain se tient ce mardi 16\u00a0d\u00e9cembre \u00e0 Pusignan, \u00e0 la salle Jules-Verne de l\u2019Odyss\u00e9e, \u00e0 19 heures.<\/p>\n<p>  De quoi s\u2019agit-il\u00a0?<\/p>\n<p>Ce projet vise \u00e0 fluidifier les d\u00e9placements quotidiens gr\u00e2ce \u00e0 une ligne de tramway reliant Cr\u00e9mieu \u00e0 Lyon via Meyzieu. Il pr\u00e9voit six nouvelles stations, dont une \u00e0 Pusignan, et un itin\u00e9raire cyclable connectant les r\u00e9seaux existants \u00e0 l\u2019est de Cr\u00e9mieu et \u00e0 l\u2019ouest de Meyzieu.<\/p>\n<p>Avec une fr\u00e9quence toutes les 15 minutes, il permettra de rejoindre Lyon en moins d\u2019une heure en tramway, ou en 1\u00a0h\u00a015 \u00e0 v\u00e9lo. Co\u00fbt pr\u00e9visionnel\u00a0: 250\u00a0millions d\u2019euros.<\/p>\n<p>  Quelles \u00e9ch\u00e9ances et motivations\u00a0?<\/p>\n<p>Les \u00e9tudes pr\u00e9alables sont achev\u00e9es. Une nouvelle phase de concertation est pr\u00e9vue en 2028, apr\u00e8s les \u00e9tudes de conception. La mise en service est attendue \u00e0 l\u2019horizon 2032.<\/p>\n<p>Ce tramway doit am\u00e9liorer l\u2019accessibilit\u00e9 du bassin de vie Pont-de-Ch\u00e9ruy \u2013 Cr\u00e9mieu, proposer une alternative \u00e0 la voiture pour d\u00e9sengorger les routes, et r\u00e9pondre aux enjeux environnementaux (climat, biodiversit\u00e9, cadre de vie). Il accompagnera aussi la croissance d\u00e9mographique et \u00e9conomique du nord-Is\u00e8re et de l\u2019est lyonnais.<\/p>\n","protected":false},"excerpt":{"rendered":"Depuis mi-novembre et jusqu\u2019au 14\u00a0janvier inclus, une concertation publique est lanc\u00e9e pour recueillir les observations des habitants sur&hellip;\n","protected":false},"author":2,"featured_media":600807,"comment_status":"","ping_status":"","sticky":false,"template":"","format":"standard","meta":{"footnotes":""},"categories":[1889],"tags":[1111,11,2430,3542,71338,33,3152,16734,2757,1777,674,107,1011,27,2428,12,39947,25,2429,23534,2803],"class_list":{"0":"post-600806","1":"post","2":"type-post","3":"status-publish","4":"format-standard","5":"has-post-thumbnail","7":"category-lyon","8":"tag-actu","9":"tag-actualites","10":"tag-auvergne-rhone-alpes","11":"tag-circulation","12":"tag-cremeaux","13":"tag-economie","14":"tag-edition-est-lyonnais","15":"tag-edition-loire-nord","16":"tag-edition-lyon-villeurbanne","17":"tag-eu","18":"tag-europe","19":"tag-fil-info","20":"tag-fr","21":"tag-france","22":"tag-lyon","23":"tag-news","24":"tag-pusignan","25":"tag-republique-francaise","26":"tag-rhone","27":"tag-saint-laurent-de-mure-bassin","28":"tag-transport"},"share_on_mastodon":{"url":"https:\/\/pubeurope.com\/@fr\/115723720651952811","error":""},"_links":{"self":[{"href":"https:\/\/www.europesays.com\/fr\/wp-json\/wp\/v2\/posts\/600806","targetHints":{"allow":["GET"]}}],"collection":[{"href":"https:\/\/www.europesays.com\/fr\/wp-json\/wp\/v2\/posts"}],"about":[{"href":"https:\/\/www.europesays.com\/fr\/wp-json\/wp\/v2\/types\/post"}],"author":[{"embeddable":true,"href":"https:\/\/www.europesays.com\/fr\/wp-json\/wp\/v2\/users\/2"}],"replies":[{"embeddable":true,"href":"https:\/\/www.europesays.com\/fr\/wp-json\/wp\/v2\/comments?post=600806"}],"version-history":[{"count":0,"href":"https:\/\/www.europesays.com\/fr\/wp-json\/wp\/v2\/posts\/600806\/revisions"}],"wp:featuredmedia":[{"embeddable":true,"href":"https:\/\/www.europesays.com\/fr\/wp-json\/wp\/v2\/media\/600807"}],"wp:attachment":[{"href":"https:\/\/www.europesays.com\/fr\/wp-json\/wp\/v2\/media?parent=600806"}],"wp:term":[{"taxonomy":"category","embeddable":true,"href":"https:\/\/www.europesays.com\/fr\/wp-json\/wp\/v2\/categories?post=600806"},{"taxonomy":"post_tag","embeddable":true,"href":"https:\/\/www.europesays.com\/fr\/wp-json\/wp\/v2\/tags?post=600806"}],"curies":[{"name":"wp","href":"https:\/\/api.w.org\/{rel}","templated":true}]}}