{"id":600808,"date":"2025-12-15T13:04:11","date_gmt":"2025-12-15T13:04:11","guid":{"rendered":"https:\/\/www.europesays.com\/fr\/600808\/"},"modified":"2025-12-15T13:04:11","modified_gmt":"2025-12-15T13:04:11","slug":"rer-e-un-an-apres-le-prolongement-jusqua-nanterre-la-ligne-en-forte-croissance","status":"publish","type":"post","link":"https:\/\/www.europesays.com\/fr\/600808\/","title":{"rendered":"RER\u00a0E\u00a0: un an apr\u00e8s le prolongement jusqu\u2019\u00e0 Nanterre, la ligne en forte croissance"},"content":{"rendered":"<p class=\"paragraph text_align_left lp-f-body-02\">Vous avez dit Eole ? Le nom du prolongement ouest du RER E n\u2019est pas toujours associ\u00e9 \u00e0 de bonnes nouvelles. Entre les retards, les d\u00e9rapages budg\u00e9taires et les perturbations d\u2019une infrastructure en rodage, l\u2019\u00e9norme chantier SNCF a fait couler beaucoup d\u2019encre.<\/p>\n<p class=\"\">Il y a un an, le 15 d\u00e9cembre 2024, <a href=\"https:\/\/www.leparisien.fr\/info-paris-ile-de-france-oise\/transports\/des-rer-e-toute-la-journee-jusqua-nanterre-je-vais-gagner-plus-de-15-minutes-cest-cool-16-12-2024-FCTHWJ36BJFUBAPTFEPE2CYNMI.php\" target=\"_blank\" rel=\"noreferrer noopener\">les voyageurs ont enfin pu emprunter,<\/a> toute la journ\u00e9e, le fameux tunnel entre Haussmann &#8211; Saint-Lazare (Paris, IXe) et Nanterre &#8211; La Folie (Hauts-de-Seine), en passant par deux nouvelles gares majestueuses : Porte Maillot et La D\u00e9fense &#8211; Grande Arche.<\/p>\n","protected":false},"excerpt":{"rendered":"Vous avez dit Eole ? Le nom du prolongement ouest du RER E n\u2019est pas toujours associ\u00e9 \u00e0&hellip;\n","protected":false},"author":2,"featured_media":600809,"comment_status":"","ping_status":"","sticky":false,"template":"","format":"standard","meta":{"footnotes":""},"categories":[1592],"tags":[1111,11,1777,674,1011,27,662,1944,12,626,25,2382],"class_list":{"0":"post-600808","1":"post","2":"type-post","3":"status-publish","4":"format-standard","5":"has-post-thumbnail","7":"category-ile-de-france","8":"tag-actu","9":"tag-actualites","10":"tag-eu","11":"tag-europe","12":"tag-fr","13":"tag-france","14":"tag-ile-de-france","15":"tag-ma-ville","16":"tag-news","17":"tag-paris","18":"tag-republique-francaise","19":"tag-transport-idf-oise"},"share_on_mastodon":{"url":"https:\/\/pubeurope.com\/@fr\/115723728709686374","error":""},"_links":{"self":[{"href":"https:\/\/www.europesays.com\/fr\/wp-json\/wp\/v2\/posts\/600808","targetHints":{"allow":["GET"]}}],"collection":[{"href":"https:\/\/www.europesays.com\/fr\/wp-json\/wp\/v2\/posts"}],"about":[{"href":"https:\/\/www.europesays.com\/fr\/wp-json\/wp\/v2\/types\/post"}],"author":[{"embeddable":true,"href":"https:\/\/www.europesays.com\/fr\/wp-json\/wp\/v2\/users\/2"}],"replies":[{"embeddable":true,"href":"https:\/\/www.europesays.com\/fr\/wp-json\/wp\/v2\/comments?post=600808"}],"version-history":[{"count":0,"href":"https:\/\/www.europesays.com\/fr\/wp-json\/wp\/v2\/posts\/600808\/revisions"}],"wp:featuredmedia":[{"embeddable":true,"href":"https:\/\/www.europesays.com\/fr\/wp-json\/wp\/v2\/media\/600809"}],"wp:attachment":[{"href":"https:\/\/www.europesays.com\/fr\/wp-json\/wp\/v2\/media?parent=600808"}],"wp:term":[{"taxonomy":"category","embeddable":true,"href":"https:\/\/www.europesays.com\/fr\/wp-json\/wp\/v2\/categories?post=600808"},{"taxonomy":"post_tag","embeddable":true,"href":"https:\/\/www.europesays.com\/fr\/wp-json\/wp\/v2\/tags?post=600808"}],"curies":[{"name":"wp","href":"https:\/\/api.w.org\/{rel}","templated":true}]}}