{"id":600812,"date":"2025-12-15T13:06:16","date_gmt":"2025-12-15T13:06:16","guid":{"rendered":"https:\/\/www.europesays.com\/fr\/600812\/"},"modified":"2025-12-15T13:06:16","modified_gmt":"2025-12-15T13:06:16","slug":"donald-trump-veut-ecraser-larc-de-triomphe-de-paris-avec-son-projet","status":"publish","type":"post","link":"https:\/\/www.europesays.com\/fr\/600812\/","title":{"rendered":"Donald Trump veut \u00ab \u00e9craser \u00bb l\u2019Arc de Triomphe de Paris avec son projet"},"content":{"rendered":"<p class=\"mb-4 text-lg md:leading-8 break-words\">\u00ab Nous allons construire un arc comme l\u2019Arc de Triomphe. Il sera comme celui \u00e0 Paris, mais pour \u00eatre honn\u00eate, il l\u2019\u00e9crasera. Il l\u2019\u00e9crasera sur tous les plans \u00bb, voici ce qu\u2019a d\u00e9clar\u00e9 <a data-i13n=\"cpos:1;pos:1\" href=\"https:\/\/fr.news.yahoo.com\/donald-trump-lanc%C3%A9-gold-card-135417833.html\" data-ylk=\"slk:Donald Trump;cpos:1;pos:1;elm:context_link;itc:0;sec:content-canvas;outcm:mb_qualified_link;_E:mb_qualified_link;ct:story;\" class=\"link  yahoo-link\" target=\"_blank\" rel=\"noopener\">Donald Trump<\/a>, dimanche 14 d\u00e9cembre, lors d\u2019une conf\u00e9rence de presse \u00e0 la Maison Blanche, <strong>comme vous pouvez le voir dans la vid\u00e9o en t\u00eate de l\u2019article<\/strong>.<\/p>\n<p class=\"mb-4 text-lg md:leading-8 break-words\">D\u00e9j\u00e0 annonc\u00e9 en octobre dernier, le pr\u00e9sident des \u00c9tats-Unis en a remis une couche sur la construction de <a data-i13n=\"cpos:2;pos:1\" href=\"https:\/\/fr.news.yahoo.com\/donald-trump-pr%C3%A9sente-projet-monumental-150537010.html\" data-ylk=\"slk:son arc de triomphe;cpos:2;pos:1;elm:context_link;itc:0;sec:content-canvas;outcm:mb_qualified_link;_E:mb_qualified_link;ct:story;\" class=\"link  yahoo-link\" target=\"_blank\" rel=\"noopener\">son arc de triomphe<\/a> \u00e0 Washington D.C., la capitale am\u00e9ricaine. L\u2019ouvrage doit \u00eatre \u00e9difi\u00e9 pour 2026, afin de f\u00eater les 250 ans de la d\u00e9claration d\u2019ind\u00e9pendance des \u00c9tats-Unis, et qui n\u2019est pas sans rappeler celui d\u00e9j\u00e0 \u00e0 pr\u00e9sent \u00e0 Paris.<\/p>\n<p class=\"mb-4 text-lg md:leading-8 break-words\"><a data-i13n=\"cpos:3;pos:1\" href=\"https:\/\/fr.news.yahoo.com\/trump-va-tr%C3%A8s-loin-s-203024396.html\" data-ylk=\"slk:Trump va tr\u00e8s (trop) loin pour s\u2019assurer de la construction de sa salle de bal et de son Arc de triomphe;cpos:3;pos:1;elm:context_link;itc:0;sec:content-canvas;outcm:mb_qualified_link;_E:mb_qualified_link;ct:story;\" class=\"link  yahoo-link\" target=\"_blank\" rel=\"noopener\">Trump va tr\u00e8s (trop) loin pour s\u2019assurer de la construction de sa salle de bal et de son Arc de triomphe <\/a><\/p>\n<p class=\"mb-4 text-lg md:leading-8 break-words\">Mais qu\u2019\u00e0 cela ne tienne, Donald Trump l\u2019assure, le sien sera beaucoup mieux. \u00ab [Washington D.C.] est la seule ville au monde d\u2019une grande importance \u00e0 ne pas avoir d\u2019arc de triomphe. Et celui-ci va les impressionner. Celui que la plupart des gens connaissent est l\u2019Arc de Triomphe \u00e0 Paris, en France. Et nous allons le d\u00e9passer de beaucoup \u00bb assure-t-il devant la presse.<\/p>\n<p class=\"mb-4 text-lg md:leading-8 break-words\">Revenant sur la guerre de S\u00e9cession aux \u00c9tats-Unis (1860-1864), il met en parall\u00e8le l\u2019histoire des deux pays : \u00ab La seule chose qu\u2019ils ont, c\u2019est l\u2019histoire. Les ann\u00e9es 1860\u2026 Je dis toujours que c\u2019est la seule chose contre laquelle vous ne pouvez pas rivaliser, nous aurons aussi de l\u2019histoire \u00bb.<\/p>\n<p class=\"mb-4 text-lg md:leading-8 break-words\">Ce nouvel arc de triomphe vient s\u2019ajouter \u00e0 aux autres projets du pr\u00e9sident am\u00e9ricain. Il a d\u00e9j\u00e0 fait d\u00e9truire \u00ab l\u2019East Wing \u00bb (l\u2019aile est) de la Maison Blanche <a data-i13n=\"cpos:4;pos:1\" href=\"https:\/\/fr.news.yahoo.com\/%C3%A0-ressemblera-salle-bal-%C3%A0-114514800.html\" data-ylk=\"slk:pour construire une immense salle de bal;cpos:4;pos:1;elm:context_link;itc:0;sec:content-canvas;outcm:mb_qualified_link;_E:mb_qualified_link;ct:story;\" class=\"link  yahoo-link\" target=\"_blank\" rel=\"noopener\">pour construire une immense salle de bal<\/a>.<\/p>\n<p class=\"mb-4 text-lg md:leading-8 break-words\">Ce nouveau b\u00e2timent doit avoir une surface de plus de 8 000 m\u00e8tres carr\u00e9s et pouvoir accueillir 650 personnes. Il devrait \u00eatre termin\u00e9 \u00ab bien avant \u00bb la fin de son second mandat, le 20 janvier 2029, a assur\u00e9 Donald Trump. Initialement estim\u00e9 \u00e0 200 millions de dollars, le projet d\u00e9passe d\u00e9sormais les 350 millions de dollars.<\/p>\n","protected":false},"excerpt":{"rendered":"\u00ab Nous allons construire un arc comme l\u2019Arc de Triomphe. Il sera comme celui \u00e0 Paris, mais pour&hellip;\n","protected":false},"author":2,"featured_media":600813,"comment_status":"","ping_status":"","sticky":false,"template":"","format":"standard","meta":{"footnotes":""},"categories":[1888],"tags":[1111,1928,11,1927,17864,71339,75,1777,674,1011,27,1324,12,1926,626,1925,1325,25],"class_list":{"0":"post-600812","1":"post","2":"type-post","3":"status-publish","4":"format-standard","5":"has-post-thumbnail","7":"category-paris","8":"tag-actu","9":"tag-actu-paris","10":"tag-actualites","11":"tag-actualites-paris","12":"tag-arc-de-triomphe","13":"tag-capitale-americaine","14":"tag-donald-trump","15":"tag-eu","16":"tag-europe","17":"tag-fr","18":"tag-france","19":"tag-la-maison-blanche","20":"tag-news","21":"tag-news-paris","22":"tag-paris","23":"tag-paris-news","24":"tag-president-des-etats-unis","25":"tag-republique-francaise"},"share_on_mastodon":{"url":"https:\/\/pubeurope.com\/@fr\/115723736445015636","error":""},"_links":{"self":[{"href":"https:\/\/www.europesays.com\/fr\/wp-json\/wp\/v2\/posts\/600812","targetHints":{"allow":["GET"]}}],"collection":[{"href":"https:\/\/www.europesays.com\/fr\/wp-json\/wp\/v2\/posts"}],"about":[{"href":"https:\/\/www.europesays.com\/fr\/wp-json\/wp\/v2\/types\/post"}],"author":[{"embeddable":true,"href":"https:\/\/www.europesays.com\/fr\/wp-json\/wp\/v2\/users\/2"}],"replies":[{"embeddable":true,"href":"https:\/\/www.europesays.com\/fr\/wp-json\/wp\/v2\/comments?post=600812"}],"version-history":[{"count":0,"href":"https:\/\/www.europesays.com\/fr\/wp-json\/wp\/v2\/posts\/600812\/revisions"}],"wp:featuredmedia":[{"embeddable":true,"href":"https:\/\/www.europesays.com\/fr\/wp-json\/wp\/v2\/media\/600813"}],"wp:attachment":[{"href":"https:\/\/www.europesays.com\/fr\/wp-json\/wp\/v2\/media?parent=600812"}],"wp:term":[{"taxonomy":"category","embeddable":true,"href":"https:\/\/www.europesays.com\/fr\/wp-json\/wp\/v2\/categories?post=600812"},{"taxonomy":"post_tag","embeddable":true,"href":"https:\/\/www.europesays.com\/fr\/wp-json\/wp\/v2\/tags?post=600812"}],"curies":[{"name":"wp","href":"https:\/\/api.w.org\/{rel}","templated":true}]}}