{"id":600816,"date":"2025-12-15T13:08:13","date_gmt":"2025-12-15T13:08:13","guid":{"rendered":"https:\/\/www.europesays.com\/fr\/600816\/"},"modified":"2025-12-15T13:08:13","modified_gmt":"2025-12-15T13:08:13","slug":"paris-un-sans-abri-poignarde-place-de-la-nation-un-suspect-interpelle-avec-un-couteau","status":"publish","type":"post","link":"https:\/\/www.europesays.com\/fr\/600816\/","title":{"rendered":"Paris\u00a0: un sans-abri poignard\u00e9 place de la Nation, un suspect interpell\u00e9 avec un couteau"},"content":{"rendered":"<p class=\"paragraph text_align_left lp-f-body-02\">Les faits se sont d\u00e9roul\u00e9s dimanche. Il est 19 heures environ quand, sur la place de la Nation (<a href=\"https:\/\/www.leparisien.fr\/paris-75\/paris-75012\/\" target=\"_self\" rel=\"noopener\">XIIe arrondissement<\/a> de <a href=\"https:\/\/www.leparisien.fr\/paris-75\/\" target=\"_self\" rel=\"noopener\">Paris<\/a>), les forces de l\u2019ordre sont appel\u00e9es pour une agression \u00e0 l\u2019arme blanche. Sur place, un homme saigne abondamment au niveau de l\u2019abdomen.<\/p>\n<p class=\"\">La victime, un homme sans domicile fixe, est alors conduite imm\u00e9diatement \u00e0 l\u2019h\u00f4pital en urgence absolue, fait savoir une source polici\u00e8re. Contact\u00e9, le parquet de Paris assure que son pronostic vital n\u2019a pas \u00e9t\u00e9 engag\u00e9.<\/p>\n<p>Le suspect plac\u00e9 en garde \u00e0 vue<\/p>\n<p class=\"\">Qu\u2019a-t-il pu arriver \u00e0 cette personne ? Des premiers t\u00e9moignages recueillis sur les lieux de l\u2019agression, les policiers apprennent que la victime s\u2019est battue avec un autre sans-abri, pour une raison encore inconnue. Mais les descriptions fournies par les t\u00e9moins pr\u00e9sents place de la Nation permettent aux forces de l\u2019ordre de se lancer \u00e0 la recherche du suspect.<\/p>\n<p class=\"\">Ce dernier, un homme \u00e2g\u00e9 de 43 ans, finira par \u00eatre interpell\u00e9 vers 20 heures non loin de la porte de Montreuil, dans le <a href=\"https:\/\/www.leparisien.fr\/paris-75\/paris-75020\/\" target=\"_self\" rel=\"noopener\">XXe arrondissement<\/a>. Le parquet de Paris fait savoir qu\u2019il pr\u00e9sentait des h\u00e9matomes et qu\u2019il portait sur lui un couteau. Dans le cadre de l\u2019enqu\u00eate diligent\u00e9e par le commissariat du XIIe arrondissement, l\u2019homme a \u00e9t\u00e9 plac\u00e9 en garde \u00e0 vue pour tentative d\u2019homicide.<\/p>\n","protected":false},"excerpt":{"rendered":"Les faits se sont d\u00e9roul\u00e9s dimanche. Il est 19 heures environ quand, sur la place de la Nation&hellip;\n","protected":false},"author":2,"featured_media":309093,"comment_status":"","ping_status":"","sticky":false,"template":"","format":"standard","meta":{"footnotes":""},"categories":[1888],"tags":[11,1777,674,118,1011,27,1944,12,626,25],"class_list":{"0":"post-600816","1":"post","2":"type-post","3":"status-publish","4":"format-standard","5":"has-post-thumbnail","7":"category-paris","8":"tag-actualites","9":"tag-eu","10":"tag-europe","11":"tag-faits-divers","12":"tag-fr","13":"tag-france","14":"tag-ma-ville","15":"tag-news","16":"tag-paris","17":"tag-republique-francaise"},"share_on_mastodon":{"url":"https:\/\/pubeurope.com\/@fr\/115723744340945102","error":""},"_links":{"self":[{"href":"https:\/\/www.europesays.com\/fr\/wp-json\/wp\/v2\/posts\/600816","targetHints":{"allow":["GET"]}}],"collection":[{"href":"https:\/\/www.europesays.com\/fr\/wp-json\/wp\/v2\/posts"}],"about":[{"href":"https:\/\/www.europesays.com\/fr\/wp-json\/wp\/v2\/types\/post"}],"author":[{"embeddable":true,"href":"https:\/\/www.europesays.com\/fr\/wp-json\/wp\/v2\/users\/2"}],"replies":[{"embeddable":true,"href":"https:\/\/www.europesays.com\/fr\/wp-json\/wp\/v2\/comments?post=600816"}],"version-history":[{"count":0,"href":"https:\/\/www.europesays.com\/fr\/wp-json\/wp\/v2\/posts\/600816\/revisions"}],"wp:featuredmedia":[{"embeddable":true,"href":"https:\/\/www.europesays.com\/fr\/wp-json\/wp\/v2\/media\/309093"}],"wp:attachment":[{"href":"https:\/\/www.europesays.com\/fr\/wp-json\/wp\/v2\/media?parent=600816"}],"wp:term":[{"taxonomy":"category","embeddable":true,"href":"https:\/\/www.europesays.com\/fr\/wp-json\/wp\/v2\/categories?post=600816"},{"taxonomy":"post_tag","embeddable":true,"href":"https:\/\/www.europesays.com\/fr\/wp-json\/wp\/v2\/tags?post=600816"}],"curies":[{"name":"wp","href":"https:\/\/api.w.org\/{rel}","templated":true}]}}