{"id":600817,"date":"2025-12-15T13:09:16","date_gmt":"2025-12-15T13:09:16","guid":{"rendered":"https:\/\/www.europesays.com\/fr\/600817\/"},"modified":"2025-12-15T13:09:16","modified_gmt":"2025-12-15T13:09:16","slug":"actifs-russes-geles-la-banque-centrale-de-russie-attaque-euroclear-en-justice","status":"publish","type":"post","link":"https:\/\/www.europesays.com\/fr\/600817\/","title":{"rendered":"Actifs russes gel\u00e9s : la Banque centrale de Russie attaque Euroclear en justice"},"content":{"rendered":"<p>Vendredi 12 d\u00e9cembre, la Banque centrale de Russie a engag\u00e9 une proc\u00e9dure judiciaire contre Euroclear, le d\u00e9positaire de titres bas\u00e9 \u00e0 Bruxelles qui conserve environ 185 milliards d\u2019euros d\u2019avoirs russes immobilis\u00e9s en vertu des sanctions europ\u00e9ennes.\u00a0<\/p>\n<p>L\u2019action a \u00e9t\u00e9 d\u00e9pos\u00e9e devant la Cour d\u2019arbitrage de Moscou, \u00e9voquant une demande de \u00ab recouvrement des dommages \u00bb et accusant Euroclear de bloquer ind\u00fbment la restitution de ces actifs soumis au droit de l\u2019Union europ\u00e9enne (UE).<\/p>\n<p>La Commission europ\u00e9enne a imm\u00e9diatement rejet\u00e9 cette initiative, qualifiant la plainte de \u00ab sp\u00e9culative \u00bb et d\u00e9pourvue de fondement juridique. Ce contentieux intervient alors que l\u2019Union europ\u00e9enne finalise un m\u00e9canisme visant \u00e0 utiliser les avoirs souverains russes gel\u00e9s pour soutenir financi\u00e8rement l\u2019Ukraine sous la forme d\u2019un pr\u00eat \u00e0 taux z\u00e9ro.\u00a0<\/p>\n","protected":false},"excerpt":{"rendered":"Vendredi 12 d\u00e9cembre, la Banque centrale de Russie a engag\u00e9 une proc\u00e9dure judiciaire contre Euroclear, le d\u00e9positaire de&hellip;\n","protected":false},"author":2,"featured_media":33767,"comment_status":"","ping_status":"","sticky":false,"template":"","format":"standard","meta":{"footnotes":""},"categories":[1591],"tags":[11,1887,12,1885,1886,132],"class_list":{"0":"post-600817","1":"post","2":"type-post","3":"status-publish","4":"format-standard","5":"has-post-thumbnail","7":"category-russie","8":"tag-actualites","9":"tag-federation-de-russie","10":"tag-news","11":"tag-russia","12":"tag-russian-federation","13":"tag-russie"},"share_on_mastodon":{"url":"https:\/\/pubeurope.com\/@fr\/115723748487822255","error":""},"_links":{"self":[{"href":"https:\/\/www.europesays.com\/fr\/wp-json\/wp\/v2\/posts\/600817","targetHints":{"allow":["GET"]}}],"collection":[{"href":"https:\/\/www.europesays.com\/fr\/wp-json\/wp\/v2\/posts"}],"about":[{"href":"https:\/\/www.europesays.com\/fr\/wp-json\/wp\/v2\/types\/post"}],"author":[{"embeddable":true,"href":"https:\/\/www.europesays.com\/fr\/wp-json\/wp\/v2\/users\/2"}],"replies":[{"embeddable":true,"href":"https:\/\/www.europesays.com\/fr\/wp-json\/wp\/v2\/comments?post=600817"}],"version-history":[{"count":0,"href":"https:\/\/www.europesays.com\/fr\/wp-json\/wp\/v2\/posts\/600817\/revisions"}],"wp:featuredmedia":[{"embeddable":true,"href":"https:\/\/www.europesays.com\/fr\/wp-json\/wp\/v2\/media\/33767"}],"wp:attachment":[{"href":"https:\/\/www.europesays.com\/fr\/wp-json\/wp\/v2\/media?parent=600817"}],"wp:term":[{"taxonomy":"category","embeddable":true,"href":"https:\/\/www.europesays.com\/fr\/wp-json\/wp\/v2\/categories?post=600817"},{"taxonomy":"post_tag","embeddable":true,"href":"https:\/\/www.europesays.com\/fr\/wp-json\/wp\/v2\/tags?post=600817"}],"curies":[{"name":"wp","href":"https:\/\/api.w.org\/{rel}","templated":true}]}}