{"id":600818,"date":"2025-12-15T13:10:25","date_gmt":"2025-12-15T13:10:25","guid":{"rendered":"https:\/\/www.europesays.com\/fr\/600818\/"},"modified":"2025-12-15T13:10:25","modified_gmt":"2025-12-15T13:10:25","slug":"guerre-en-ukraine-debut-de-la-rencontre-a-berlin-entre-zelensky-et-les-negociateurs-americains","status":"publish","type":"post","link":"https:\/\/www.europesays.com\/fr\/600818\/","title":{"rendered":"Guerre en Ukraine\u00a0: d\u00e9but de la rencontre \u00e0 Berlin entre Zelensky et les n\u00e9gociateurs am\u00e9ricains"},"content":{"rendered":"<p>Vladimir \u00abPoutine veut des territoires. Les Am\u00e9ricains disent que l\u2019Ukraine \u00abdoit se retire\u00bb\u00ab, ce que Kiev refuse, a indiqu\u00e9 \u00e0 l\u2019AFP cette source proche du dossier. \u00abC\u2019est assez frappant que les Am\u00e9ricains adoptent la position des Russes sur cette question\u00bb, a-t-elle ajout\u00e9.<\/p>\n<p><strong>11h21 &gt; La non-adh\u00e9sion de l\u2019Ukraine \u00e0 l\u2019Otan est une \u00ab\u00a0pierre angulaire\u00a0\u00bb des pourparlers, dit le Kremlin<\/strong><\/p>\n<p>La non-adh\u00e9sion de Kiev \u00e0 l\u2019Otan est une \u00ab\u00a0pierre angulaire\u00a0\u00bb des pourparlers, sous m\u00e9diation am\u00e9ricaine, visant \u00e0 mettre fin \u00e0 la guerre en Ukraine, a affirm\u00e9 lundi le porte-parole du Kremlin, Dmitri Peskov.<\/p>\n<p>Cette question doit faire l\u2019objet de \u00ab\u00a0discussions sp\u00e9cifiques\u00a0\u00bb, a assur\u00e9 M. Peskov lors de son point de presse quotidien auquel participe l\u2019AFP, tout en pr\u00e9cisant que la Russie attendait d\u2019\u00eatre inform\u00e9e par Washington des r\u00e9sultats des pourparlers \u00e0 Berlin entre Am\u00e9ricains, Europ\u00e9ens et Ukrainiens sur un plan de r\u00e8glement du conflit en Ukraine.<\/p>\n<p><strong>9h36 &gt; La banque centrale russe r\u00e9clame 200 milliards d\u2019euros \u00e0 Euroclear<\/strong><\/p>\n<p>La banque centrale de Russie a intent\u00e9 une action en justice afin de r\u00e9clamer 18.200 billions de roubles, soit 200 milliards d\u2019euros, \u00e0 l\u2019institution financi\u00e8re belge Euroclear, rapporte lundi l\u2019agence de presse russe Tass.<\/p>\n<p>Vendredi, on a appris que la banque centrale russe avait entam\u00e9 une proc\u00e9dure en justice contre Euroclear, qui d\u00e9tient quelque 185 milliards d\u2019euros d\u2019avoirs russes immobilis\u00e9s \u00e0 la suite de la guerre en Ukraine. L\u2019affaire a \u00e9t\u00e9 port\u00e9e devant un tribunal d\u2019arbitrage \u00e0 Moscou.<\/p>\n<p>La banque souhaite r\u00e9cup\u00e9rer ses pertes financi\u00e8res gr\u00e2ce \u00e0 cette proc\u00e9dure judiciaire. Selon Tass, la banque r\u00e9clame 18,2 billions de roubles, ce qui correspond aux fonds bloqu\u00e9s et aux revenus perdus.<\/p>\n<p><strong>8h45 &gt; Avoirs russes gel\u00e9s\u00a0: \u00ab\u00a0il importe que la Belgique soit \u00e0 bord, quoi que nous fassions\u00a0\u00bb, dit Kallas<\/strong><\/p>\n<p>La cheffe de la diplomatie europ\u00e9enne Kaja Kallas s\u2019est inscrite en faux lundi contre l\u2019id\u00e9e de contourner la Belgique dans le d\u00e9bat sur le pr\u00eat de r\u00e9parations \u00e0 l\u2019Ukraine. \u00ab\u00a0Il importe que la Belgique soit \u00e0 bord, quoi que nous fassions\u00a0\u00bb, a affirm\u00e9 la Haute repr\u00e9sentante, \u00e0 trois jours d\u2019un sommet europ\u00e9en o\u00f9 ce pays sera au c\u0153ur de la question.<\/p>\n<p>L\u2019option du pr\u00eat \u00e0 l\u2019Ukraine adoss\u00e9 aux actifs financiers de la Banque centrale de Russie immobilis\u00e9s dans l\u2019UE, principalement chez Euroclear \u00e0 Bruxelles, reste \u00ab\u00a0la plus cr\u00e9dible\u00a0\u00bb, mais \u00ab\u00a0on n\u2019y est pas encore et cela devient de plus en plus difficile\u00a0\u00bb, a reconnu Mme Kallas, \u00e0 son arriv\u00e9e \u00e0 une r\u00e9union des ministres des Affaires \u00e9trang\u00e8res de l\u2019UE.<\/p>\n<p>L\u2019autre piste sur la table, celle d\u2019un nouveau grand emprunt commun, \u00ab\u00a0ne fonctionne pas\u00a0\u00bb car elle requiert l\u2019unanimit\u00e9, a-t-elle rappel\u00e9. La Hongrie s\u2019est d\u00e9j\u00e0 exprim\u00e9e contre cette id\u00e9e et d\u2019autres pays dits \u00ab\u00a0frugaux\u00a0\u00bb sur le plan budg\u00e9taire y sont traditionnellement oppos\u00e9s.<\/p>\n<p>Pour le pr\u00eat de r\u00e9parations, \u00ab\u00a0bien s\u00fbr, on a la (proc\u00e9dure de) d\u00e9cision \u00e0 la majorit\u00e9 qualifi\u00e9e, mais sans la Belgique, ce ne serait pas tr\u00e8s facile, car ils ont la majorit\u00e9 des actifs (sur leur territoire), et je pense qu\u2019il importe qu\u2019ils soient \u00e0 bord, quoi que nous fassions\u00a0\u00bb, a poursuivi Kaja Kallas.<\/p>\n<p>Et l\u2019Estonienne de s\u2019adresser aux pays de l\u2019UE plus \u00e9loign\u00e9s de la fronti\u00e8re avec la Russie. \u00ab\u00a0Certains pays d\u2019Europe sont plus habitu\u00e9s aux menaces de la Russie que d\u2019autres, et je veux dire qu\u2019il ne s\u2019agit que de menaces. Si nous restons unis, nous sommes beaucoup plus forts\u00a0\u00bb, a-t-elle plaid\u00e9.<\/p>\n<p><strong>8h03 &gt; Semaine \u00ab\u00a0d\u00e9cisive\u00a0\u00bb pour le financement de l\u2019Ukraine<\/strong><\/p>\n<p>La semaine qui s\u2019ouvre \u00e0 Bruxelles sera \u00ab\u00a0d\u00e9cisive\u00a0\u00bb pour l\u2019Ukraine et le financement de sa guerre contre la Russie, a averti lundi la cheffe de la diplomatie de l\u2019UE, Kaja Kallas.<\/p>\n<p>\u00ab\u00a0C\u2019est une semaine tr\u00e8s importante\u00a0\u00bb pour le financement de l\u2019Ukraine, sur lequel les dirigeants de l\u2019Union europ\u00e9enne devront devront prendre une d\u00e9cision lors d\u2019un sommet jeudi et vendredi, a-t-elle d\u00e9clar\u00e9 avant le d\u00e9but d\u2019une r\u00e9union des ministres des Affaires \u00e9trang\u00e8res de l\u2019UE \u00e0 Bruxelles. Elle a soulign\u00e9 que la n\u00e9gociation entre les 27 sur les avoirs russes gel\u00e9s se poursuivait mais \u00e9tait \u00ab\u00a0de plus en plus difficile\u00a0\u00bb.<\/p>\n<p>Les informations du dimanche 14 d\u00e9cembre<\/p>\n<p><strong>21h45 &gt; \u00ab\u00a0Beaucoup de progr\u00e8s\u00a0\u00bb, salue l\u2019\u00e9missaire Witkoff<\/strong><\/p>\n<p>\u00ab\u00a0Beaucoup de progr\u00e8s ont \u00e9t\u00e9 faits\u00a0\u00bb, a salu\u00e9 dimanche l\u2019\u00e9missaire am\u00e9ricain Steve Witkoff \u00e0 l\u2019issue d\u2019une journ\u00e9e de discussions \u00e0 Berlin avec Volodymyr Zelensky.<\/p>\n<p>La r\u00e9union a inclus \u00ab\u00a0des discussions approfondies sur le plan en 20 points pour la paix, les programmes \u00e9conomiques, et davantage\u00a0\u00bb, a d\u00e9clar\u00e9 l\u2019\u00e9missaire sur X, pr\u00e9cisant qu\u2019une nouvelle rencontre aurait lieu lundi matin.<\/p>\n<p><strong>21h01 &gt; Les pourparlers entre Zelensky et les \u00e9missaires am\u00e9ricains se poursuivront lundi<\/strong><\/p>\n<p>Les pourparlers \u00e0 Berlin entre Volodymyr Zelensky et les \u00e9missaires am\u00e9ricains Steve Witkoff et Jared Kushner, aux c\u00f4t\u00e9s du chancelier allemand Friedrich Merz, se sont termin\u00e9s dimanche apr\u00e8s plus de cinq heures d\u2019\u00e9changes et se poursuivront lundi, a indiqu\u00e9 Kiev.<\/p>\n<p>Ils \u00ab\u00a0ont convenu de continuer demain\u00a0\u00bb, a indiqu\u00e9 \u00e0 la presse le conseiller du pr\u00e9sident ukrainien, Dmytro Lytvyn, pr\u00e9cisant que Volodymyr Zelensky s\u2019exprimerait lundi sur le sujet.<\/p>\n<p><strong>16h52 &gt; Zelensky annonce le d\u00e9but de sa rencontre \u00e0 Berlin avec les envoy\u00e9s am\u00e9ricains Witkoff et Kushner<\/strong><\/p>\n<p>La rencontre \u00e0 Berlin entre Volodymyr Zelensky et les \u00e9missaires am\u00e9ricains Steve Witkoff et Jared Kushner, aux c\u00f4t\u00e9s du chancelier allemand Friedrich Merz, a d\u00e9but\u00e9 dimanche, en pleins \u00e9changes diplomatiques pour trouver une issue \u00e0 la guerre en Ukraine.<\/p>\n<p>\n  <img decoding=\"async\" data-copyright=\"AFP\" class=\"r-img lazy\" data-  src=\"https:\/\/www.europesays.com\/fr\/wp-content\/uploads\/2025\/12\/57310098.jpeg\" typeof=\"foaf:Image\" alt=\"AFP_883V4WE\"\/>AFP\n<\/p>\n<p>Dans un message sur Facebook, le pr\u00e9sident ukrainien a publi\u00e9 des images le montrant serrer la main de Steve Witkoff et de Jared Kushner et d\u2019autres montrant des responsables am\u00e9ricains, ukrainiens et allemands, dont M. Merz, assis autour d\u2019une table.<\/p>\n<p><strong>13h06 &gt; Zelensky dit vouloir convaincre les Am\u00e9ricains \u00e0 Berlin de soutenir un gel de la ligne de front en Ukraine<\/strong><\/p>\n<p>Le pr\u00e9sident ukrainien Volodymyr Zelensky a affirm\u00e9 dimanche qu\u2019il souhaitait convaincre les \u00c9tats-Unis de soutenir un cessez-le-feu impliquant un gel de la ligne de front en Ukraine, lors des discussions entre Europ\u00e9ens et Am\u00e9ricains attendues \u00e0 Berlin.<\/p>\n<p>\u00ab\u00a0J\u2019estime qu\u2019aujourd\u2019hui l\u2019option la plus juste possible, c\u2019est +On reste o\u00f9 on est+ (sur le front, NDLR) (\u2026) Il s\u2019agit d\u2019un cessez-le-feu\u00a0: les parties restent sur leurs positions et tentent ensuite de r\u00e9soudre tous les probl\u00e8mes communs par voie diplomatique. Je sais que la Russie ne voit pas cela d\u2019un bon \u0153il et j\u2019aimerais que les Am\u00e9ricains nous soutiennent sur ce point\u00a0\u00bb, a-t-il affirm\u00e9.<\/p>\n<p>Son conseiller, Dmytro Lytvyn, a par ailleurs indiqu\u00e9 \u00e0 la presse que Volodymyr Zelensky \u00e9tait arriv\u00e9 dimanche en Allemagne pour participer \u00e0 ces pourparlers.<\/p>\n<p><strong>12h27 &gt; Zelensky se dit pr\u00eat au \u00ab\u00a0dialogue\u00a0\u00bb avant de rencontrer Am\u00e9ricains et Europ\u00e9ens \u00e0 Berlin<\/strong><\/p>\n<p>Le pr\u00e9sident ukrainien Volodymyr Zelensky s\u2019est dit pr\u00eat \u00ab\u00a0au dialogue\u00a0\u00bb lors de ses discussions avec des hauts responsables europ\u00e9ens et am\u00e9ricains attendues dimanche et lundi \u00e0 Berlin pour trouver une issue diplomatique \u00e0 la guerre en Ukraine.<\/p>\n<p>\u00ab\u00a0Le sommet \u00e0 Berlin est important\u00a0\u00bb, a d\u00e9clar\u00e9 M. Zelensky lors d\u2019une conf\u00e9rence de presse en ligne, pr\u00e9cisant que des discussions \u00e9taient pr\u00e9vues dans la capitale allemande \u00ab\u00a0aujourd\u2019hui et demain\u00a0\u00bb.<\/p>\n<p>Les informations du samedi 13 d\u00e9cembre<\/p>\n<p><strong>17h14 &gt; \u00ab\u00a0Poutine ne s\u2019arr\u00eatera pas\u00a0\u00bb\u00a0: la nouvelle mise en garde du chancelie allemand<\/strong><\/p>\n<p>Le chancelier allemand Friedrich Merz a, une nouvelle fois, mis en garde contre la menace russe lors d\u2019un congr\u00e8s de son parti, la CDU. \u00ab\u00a0Poutine ne s\u2019arr\u00eatera pas\u00a0\u00bb, a affirm\u00e9 le chancelier.<\/p>\n<p>Le dirigeant allemand a \u00e9voqu\u00e9 des changements \u00ab\u00a0tectoniques\u00a0\u00bb dans la politique mondiale, dont les cons\u00e9quences ne seront visibles qu\u2019apr\u00e8s coup. \u00ab\u00a0Et nous, Allemands, Europ\u00e9ens, sommes au c\u0153ur de ce processus\u00a0\u00bb.<\/p>\n<p>Une mise en garde qui tombe alors que l\u2019Allemagne avait annonc\u00e9 cette semaine l\u2019envoi de militaires en Pologne pour renforcer la fronti\u00e8re orientale de l\u2019Union europ\u00e9enne.<\/p>\n<p><strong>15h49 &gt; Le Belarus lib\u00e8re le prix Nobel de la paix Bialiatski et l\u2019opposante Kolesnikova<\/strong><\/p>\n<p>Le B\u00e9larus a lib\u00e9r\u00e9 samedi le militant Al\u00e8s Bialiatski, colaur\u00e9at du prix Nobel de la paix 2022, et la figure de l\u2019opposition Maria Kolesnikova, a annonc\u00e9 l\u2019ONG de d\u00e9fense des droits humains Viasna, apr\u00e8s des pourparlers entre Minsk et Washington.<\/p>\n<p>Ces deux figures de l\u2019opposition, d\u00e9tenus depuis plus de quatre ans au B\u00e9larus, font partie d\u2019un groupe de 123 personnes dont la lib\u00e9ration a \u00e9t\u00e9 annonc\u00e9 par Minsk.<\/p>\n<p>Le pr\u00e9sident b\u00e9larusse Alexandre Loukachenko a graci\u00e9 \u00ab\u00a0123 citoyens de diff\u00e9rents pays\u00a0\u00bb apr\u00e8s les discussions avec les Etats-Unis, a indiqu\u00e9 sur Telegram le compte Poul Pervogo, affili\u00e9 \u00e0 la pr\u00e9sidence, sans fournir les noms des personnes lib\u00e9r\u00e9es.<\/p>\n<p>Ag\u00e9 de 63 ans, Ales Bialiatski a fond\u00e9 en 1996 et anim\u00e9 pendant des ann\u00e9es Viasna (\u00bb Printemps\u00a0\u00bb), le principal groupe de d\u00e9fense des droits humains et source essentielle d\u2019informations sur les r\u00e9pressions dans ce pays d\u2019Europe orientale.<\/p>\n<p>Musicienne de formation, Maria Kolesnikova, 43 ans, a pour sa part \u00e9t\u00e9 l\u2019une des meneuses des manifestations massives contre la r\u00e9\u00e9lection jug\u00e9e frauduleuse d\u2019Alexandre Loukachenko, en 2020.<\/p>\n<p><strong>12h27 &gt; Donald Trump envoie Steve Witkoff rencontrer Zelensky et les Europ\u00e9ens<\/strong><\/p>\n<p>Donald Trump envoie son \u00e9missaire Steve Witkoff \u00e0 Berlin ce week-end pour rencontrer Volodymyr Zelensky et des dirigeants europ\u00e9ens, au moment o\u00f9 les Etats-Unis poussent l\u2019Ukraine \u00e0 des concessions majeures pour mettre fin au conflit avec la Russie.<\/p>\n<p>Mais les deux pays ont poursuivi les hostilit\u00e9s dans la nuit\u00a0: la Russie a affirm\u00e9 samedi avoir frapp\u00e9 des installations industrielles et \u00e9nerg\u00e9tiques ukrainiennes avec des missiles hypersoniques, dans ce qu\u2019elle a qualifi\u00e9 de repr\u00e9sailles \u00e0 des frappes ukrainiennes contre des \u00ab\u00a0cibles civiles\u00a0\u00bb en Russie.<\/p>\n<p>Volodymyr Zelensky a fait \u00e9tat de frappes russes ayant endommag\u00e9 plus d\u2019une douzaine d\u2019installations civiles en Ukraine et priv\u00e9 des milliers de personnes d\u2019\u00e9lectricit\u00e9 dans sept r\u00e9gions.<\/p>\n<p>Une femme de 80 ans a \u00e9t\u00e9 tu\u00e9e dans la r\u00e9gion de Soumy (nord-est), selon le gouverneur r\u00e9gional.<\/p>\n<p>Dans le centre de la Russie, deux personnes ont \u00e9t\u00e9 tu\u00e9es samedi \u00e0 la suite d\u2019une attaque de drones ukrainiens contre un immeuble r\u00e9sidentiel \u00e0 Saratov, ont indiqu\u00e9 les autorit\u00e9s locales.<\/p>\n<p>Donald Trump a clairement affich\u00e9 son impatience concernant l\u2019avanc\u00e9e des discussions autour de son plan qui vise \u00e0 r\u00e9gler le conflit d\u00e9clench\u00e9 par l\u2019invasion russe \u00e0 grande \u00e9chelle de f\u00e9vrier 2022 et ayant fait des centaines de milliers de morts et de bless\u00e9s.<\/p>\n<p>Alors que Kiev et ses alli\u00e9s cherchent \u00e0 amender ce document jug\u00e9 initialement tr\u00e8s favorable \u00e0 Moscou, un haut responsable de la Maison Blanche a confirm\u00e9 vendredi soir \u00e0 l\u2019AFP le d\u00e9placement de M. Witkoff en Allemagne.<\/p>\n<p>L\u2019\u00e9missaire, re\u00e7u d\u00e9but d\u00e9cembre par Vladimir Poutine \u00e0 Moscou, doit rencontrer \u00e0 Berlin Volodymyr Zelensky ainsi que des dirigeants europ\u00e9ens dont la liste n\u2019a pas \u00e9t\u00e9 pr\u00e9cis\u00e9e.<\/p>\n<p>Le pr\u00e9sident ukrainien avait d\u00e9j\u00e0 pr\u00e9vu de se rendre lundi dans la capitale allemande pour rencontrer ses alli\u00e9s europ\u00e9ens, dans le cadre de l\u2019intense ballet diplomatique engag\u00e9 autour du plan am\u00e9ricain d\u00e9voil\u00e9 il y a pr\u00e8s d\u2019un mois.<\/p>\n<p>Les n\u00e9gociateurs bloquent en particulier sur les questions territoriales, les Etats-Unis r\u00e9clamant, d\u00e9plore Kiev, d\u2019importantes concessions.<\/p>\n<p>Selon M. Zelensky, Washington veut que les forces ukrainiennes se retirent de la partie de la r\u00e9gion de Donetsk (est de l\u2019Ukraine) qu\u2019elles contr\u00f4lent encore et qui est cens\u00e9e devenir une \u00ab\u00a0zone \u00e9conomique libre\u00a0\u00bb d\u00e9militaris\u00e9e, sans demander la m\u00eame chose aux troupes d\u2019occupation.<\/p>\n<p>En \u00e9change, l\u2019arm\u00e9e russe se retirerait de toutes petites zones conquises par elle dans les r\u00e9gions de Soumy, Kharkiv et Dnipropetrovsk (nord, nord-est et centre-est) mais conserverait des territoires plus larges dans celles de Kherson et de Zaporijjia (sud).<\/p>\n<p>Avant toute n\u00e9gociation territoriale, les Europ\u00e9ens et Ukrainiens ont demand\u00e9 aux Am\u00e9ricains des \u00ab\u00a0garanties de s\u00e9curit\u00e9\u00a0\u00bb qui seraient pr\u00e9vues en cas de nouvelle offensive russe, a d\u00e9clar\u00e9 la pr\u00e9sidence fran\u00e7aise vendredi.<\/p>\n<p>Un haut responsable a pour sa part dit \u00e0 l\u2019AFP qu\u2019une adh\u00e9sion de l\u2019Ukraine \u00e0 l\u2019Union europ\u00e9enne d\u00e8s 2027 \u00e9tait envisag\u00e9e dans le plan am\u00e9ricain.<\/p>\n<p>Une telle adh\u00e9sion, en \u00e0 peine plus d\u2019un an, semble cependant peu probable du fait de la possible opposition, entre autres, d\u2019Etats membres de l\u2019UE aux relations tendues avec l\u2019Ukraine, comme la Hongrie.<\/p>\n<p>Le temps presse pour Donald Trump, dont la porte-parole a fait savoir jeudi qu\u2019\u00bb il en a assez des r\u00e9unions qui n\u2019ont d\u2019autre but que de se r\u00e9unir\u00a0\u00bb.<\/p>\n<p><strong>11H50 &gt; La Russie dit avoir frapp\u00e9 des installations ukrainiennes avec des missiles hypersoniques<\/strong><\/p>\n<p>La Russie a affirm\u00e9 samedi avoir frapp\u00e9 des installations industrielles et \u00e9nerg\u00e9tiques ukrainiennes dans la nuit avec des missiles hypersoniques, dans ce qu\u2019elle a qualifi\u00e9 de repr\u00e9sailles \u00e0 des frappes ukrainiennes contre des \u00ab\u00a0cibles civiles\u00a0\u00bb en Russie.<\/p>\n<p>Le minist\u00e8re russe de la D\u00e9fense a indiqu\u00e9 avoir men\u00e9 une \u00ab\u00a0frappe massive\u00a0\u00bb contre des installations de l\u2019arm\u00e9e et du secteur \u00e9nerg\u00e9tique en Ukraine, utilisant notamment des missiles hypersoniques Kinjal, en \u00ab\u00a0r\u00e9ponse aux attaques terroristes de l\u2019Ukraine contre des cibles civiles en Russie\u00a0\u00bb.<\/p>\n<p><strong>10H45 &gt; Des frappes russes sur l\u2019Ukraine ont priv\u00e9 des milliers de personnes d\u2019\u00e9lectricit\u00e9<\/strong> Des frappes russes dans la nuit ont endommag\u00e9 plus d\u2019une douzaine d\u2019installations civiles en Ukraine et priv\u00e9 des milliers de personnes d\u2019\u00e9lectricit\u00e9 dans sept r\u00e9gions, a d\u00e9clar\u00e9 samedi le pr\u00e9sident Volodymyr Zelensky.<\/p>\n<p>\u00ab\u00a0Il est important que chacun voie maintenant ce que fait la Russie\u2026 car il ne s\u2019agit clairement pas de mettre fin \u00e0 la guerre\u00a0\u00bb, a d\u00e9clar\u00e9 M. Zelensky sur les r\u00e9seaux sociaux, ajoutant qu\u2019\u00bb ils visent toujours \u00e0 d\u00e9truire notre \u00c9tat et \u00e0 infliger le plus de souffrance \u00e0 notre peuple\u00a0\u00bb.<\/p>\n<p>Les informations du vendredi 12 d\u00e9cembre<\/p>\n<p><strong>20h01 &gt; La justice russe condamne le procureur et les juges de la CPI in absentia<\/strong><\/p>\n<p>La justice russe a condamn\u00e9 vendredi in absentia \u00e0 des peines de prison le procureur g\u00e9n\u00e9ral et des juges de la Cour p\u00e9nale internationale, notamment pour avoir \u00e9mis des \u00abmandats d\u2019arr\u00eat ill\u00e9gaux\u00bb contre des responsables russes, dont Vladimir Poutine.\u00abLe procureur de la CPI Karim Khan a ill\u00e9galement lanc\u00e9 des poursuites contre des citoyens russes \u00e0 la Haye\u00bb, a statu\u00e9 vendredi un tribunal de Moscou. Il a \u00abdonn\u00e9 instructions aux juges de la cour d\u2019\u00e9mettre des mandats d\u2019arr\u00eat ill\u00e9gaux\u00bb, a-t-elle ajout\u00e9.<\/p>\n<p>M. Khan a \u00e9t\u00e9 condamn\u00e9 in absentia \u00e0 15 ans de d\u00e9tention, et huit membres de la CPI, dont son ancien pr\u00e9sident Piotr Hofmanski, ont \u00e9t\u00e9 condamn\u00e9s \u00e0 des peines allant de 3 ans et demi \u00e0 15 ans de d\u00e9tention .En 2023, le procureur g\u00e9n\u00e9ral Karim Khan avait \u00e9mis un mandat d\u2019arr\u00eat contre le pr\u00e9sident russe Vladimir Poutine pour le crime de guerre pr\u00e9sum\u00e9 de \u00abd\u00e9portation ill\u00e9gale d\u2019enfants\u00bb, dans le cadre de l\u2019offensive men\u00e9e par Moscou en Ukraine. Elle avait \u00e9mis l\u2019ann\u00e9e suivante des mandats d\u2019arr\u00eat contre le chef d\u2019\u00e9tat-major de l\u2019arm\u00e9e russe Val\u00e9ri Gu\u00e9rassimov et contre Sergue\u00ef Cho\u00efgou, ministre de la D\u00e9fense jusqu\u2019en mai 2024, pour crimes de guerre et crime contre l\u2019humanit\u00e9 pr\u00e9sum\u00e9s.<\/p>\n<p><strong>19h51 &gt; Les Europ\u00e9ens demandent des \u00abgaranties de s\u00e9curit\u00e9\u00bb aux Am\u00e9ricains avant toute concession territoriale <\/strong><\/p>\n<p>Les Europ\u00e9ens et Ukrainiens demandent aux Am\u00e9ricains de leur apporter des \u00abgaranties de s\u00e9curit\u00e9\u00bb avant toute n\u00e9gociation territoriale dans l\u2019est de l\u2019Ukraine occup\u00e9e par les Russes, a d\u00e9clar\u00e9 vendredi soir la pr\u00e9sidence fran\u00e7aise.<\/p>\n<p>\u00abLes attentes des Europ\u00e9ens \u00e0 l\u2019\u00e9gard des Am\u00e9ricains (..) \u00e7a peut ressembler \u00e0 ce qu\u2019on appelle un peu facilement une sorte d\u2019+article cinq+ (comme \u00e0 l\u2019Otan, ndlr), c\u2019est-\u00e0-dire une garantie am\u00e9ricaine pour ceux qui participent \u00e0 la coalition des volontaires\u00bb, a soulign\u00e9 un conseiller du pr\u00e9sident fran\u00e7ais. <\/p>\n<p>\u00abIl faut une pleine visibilit\u00e9 sur les garanties de s\u00e9curit\u00e9 que peuvent donner les Europ\u00e9ens et les Am\u00e9ricains aux Ukrainiens avant tout am\u00e9nagement sur les questions territoriales contentieuses\u00bb a-t-il conclut.<\/p>\n<p><strong>19h33 &gt; Bart De\u00a0Wever veut un effort collectif europ\u00e9en avant d\u2019utiliser les avoirs russes\u00a0: \u00ab\u00a0Si nous avons l\u2019assurance que nous ne sommes pas seuls\u00a0\u00bb\u00a0<\/strong><\/p>\n<p>Les Belges sont pr\u00eats \u00e0 contribuer en vue de garantir que l\u2019Ukraine reste un pays libre, \u00e0 condition que les autres pays europ\u00e9ens et leurs alli\u00e9s soient dispos\u00e9s \u00e0 le faire ensemble et au m\u00eame niveau. Le Premier ministre Bart De\u00a0Wever a formul\u00e9 cette d\u00e9claration vendredi \u00e0 l\u2019issue de sa rencontre avec son homologue britannique Keir Starmer. <\/p>\n<p>\n  <a class=\"embedly-card\" href=\"https:\/\/www.sudinfo.be\/id1082255\/article\/2025-12-12\/bart-de-wever-veut-un-effort-collectif-europeen-avant-dutiliser-les-avoirs\" target=\"_blank\" rel=\"noopener\">uri<\/a>\n<\/p>\n<p>Les avoirs russes gel\u00e9s chez Euroclear y ont \u00e9t\u00e9 abord\u00e9s. Bart De\u00a0Wever s\u2019est rendu \u00e0 Londres vendredi, \u00e0 la demande des Britanniques. Cette rencontre s\u2019inscrivait dans le cadre des visites officielles effectu\u00e9es par le Premier ministre dans les pays voisins ces derni\u00e8res semaines.<\/p>\n<p><strong>17h36 &gt; Friedrich Merz recevra lundi \u00e0 Berlin Volodymyr Zelensky et plusieurs dirigeants europ\u00e9ens<\/strong><\/p>\n<p>Le chancelier allemand Friedrich Merz recevra lundi \u00e0 Berlin le pr\u00e9sident ukrainien Volodymyr Zelensky, puis de \u00abnombreux\u00bb dirigeants de pays europ\u00e9ens, ceux de l\u2019Union europ\u00e9enne et de l\u2019Otan, a confirm\u00e9 vendredi son porte-parole.<\/p>\n<p>Les discussions, organis\u00e9es en deux temps, porteront sur \u00abl\u2019\u00e9tat des n\u00e9gociations de paix en Ukraine\u00bb, a indiqu\u00e9 Stefan Kornelius dans un communiqu\u00e9, alors que les \u00c9tats-Unis accentuent leur pression sur Kiev pour parvenir \u00e0 un accord.<\/p>\n<p><strong>17h03 &gt; La Commission s\u2019attend \u00e0 d\u2019autres proc\u00e8s russes, mais notre \u00abproposition est solide\u00bb concernant les avoirs russes gel\u00e9s<\/strong><\/p>\n<p>La Commission europ\u00e9enne s\u2019attend \u00e0 ce que la Russie entame d\u2019autres \u00abproc\u00e9dures juridiques sp\u00e9culatives\u00bb contre le gel de ses avoirs mais pense que sa proposition de pr\u00eat \u00e0 Kiev s\u2019appuie sur une base juridique \u00absolide\u00bb, a comment\u00e9 vendredi le commissaire europ\u00e9en en charge de l\u2019\u00c9conomie, Valdis Dombrovskis.<\/p>\n<p>\n  <img decoding=\"async\" data-copyright=\"Nicolas TUCAT \/ AFP\" class=\"r-img lazy\" data-  src=\"https:\/\/www.europesays.com\/fr\/wp-content\/uploads\/2025\/12\/57142624.jpeg\" typeof=\"foaf:Image\" alt=\"Valdis Dombrovskis, le commissaire europ\u00e9en en charge de l\u2019\u00c9conomie\"\/>Valdis Dombrovskis, le commissaire europ\u00e9en en charge de l\u2019\u00c9conomie &#8211; Nicolas TUCAT \/ AFP\n<\/p>\n<p>Quelque 185 milliards d\u2019euros d\u2019avoirs russes sont actuellement gel\u00e9s en Belgique aupr\u00e8s d\u2019Euroclear. L\u2019ex\u00e9cutif europ\u00e9en souhaite utiliser cet argent comme garantie pour un \u00ab\u00a0pr\u00eat de r\u00e9paration\u00a0\u00bb \u00e0 l\u2019Ukraine. La Belgique s\u2019y oppose fortement, jugeant les risques juridiques et financiers trop \u00e9lev\u00e9s.<\/p>\n<p><strong>15h42 &gt; Sept bless\u00e9s dans une attaque de drone contre un immeuble r\u00e9sidentiel en Russie<\/strong><\/p>\n<p>Sept personnes, parmi lesquelles un enfant, ont \u00e9t\u00e9 bless\u00e9es dans la nuit de jeudi \u00e0 vendredi \u00e0 la suite d\u2019une attaque de drone ukrainienne \u00e0 Tver, \u00e0 environ 180 km au nord-ouest de Moscou, ont indiqu\u00e9 les autorit\u00e9s locales.<\/p>\n<p>\u00ab\u00a0\u00c0 Tver, on est en train de combattre les cons\u00e9quences de la chute des d\u00e9bris d\u2019un drone sur un immeuble r\u00e9sidentiel\u00a0\u00bb, a \u00e9crit sur Telegram le gouverneur r\u00e9gional par int\u00e9rim, Vitali Koroliov. Selon lui, \u00ab\u00a0six adultes et un enfant\u00a0\u00bb ont \u00e9t\u00e9 bless\u00e9s dans l\u2019attaque, et une vingtaine d\u2019habitants ont d\u00fb \u00eatre \u00e9vacu\u00e9s en raison des dommages inflig\u00e9s \u00e0 l\u2019immeuble.<\/p>\n<p><strong>15h05 &gt; Une adh\u00e9sion de l\u2019Ukraine \u00e0 l\u2019UE d\u00e8s 2027 est envisag\u00e9e dans le plan de paix am\u00e9ricain<\/strong><\/p>\n<p>Une adh\u00e9sion de l\u2019Ukraine \u00e0 l\u2019Union europ\u00e9enne d\u00e8s janvier 2027 est envisag\u00e9e dans le plan de paix des Etats-Unis pour mettre fin \u00e0 la guerre entre Kiev et la Russie, a indiqu\u00e9 vendredi \u00e0 l\u2019AFP un haut responsable au fait du dossier.<\/p>\n<p>\u00ab\u00a0C\u2019est stipul\u00e9, mais c\u2019est un sujet de n\u00e9gociation, et les Am\u00e9ricains y sont favorables\u00a0\u00bb, a affirm\u00e9 ce responsable s\u2019exprimant sous couvert d\u2019anonymat.<\/p>\n<p><strong>13h50 &gt; Zelensky dit s\u2019\u00eatre rendu aupr\u00e8s de troupes ukrainiennes sur le front pr\u00e8s de Koupiansk<\/strong><\/p>\n<p><strong>13h30 &gt; L\u2019Ukraine revendique la reprise de deux localit\u00e9s dans la r\u00e9gion de Kharkiv<\/strong> Les forces ukrainiennes ont affirm\u00e9 vendredi avoir repris aux troupes russes deux localit\u00e9s pr\u00e8s de la ville de Koupiansk, un noeud ferroviaire cl\u00e9 dans la r\u00e9gion de Kharkiv (nord-est de l\u2019Ukraine) que la Russie a affirm\u00e9 avoir captur\u00e9 en novembre.<\/p>\n<p>Les troupes ukrainiennes ont \u00ab\u00a0effectu\u00e9 une perc\u00e9e jusqu\u2019\u00e0 la rivi\u00e8re Oskil, coupant les lignes d\u2019approvisionnement de l\u2019ennemi\u00a0\u00bb et \u00ab\u00a0lib\u00e9r\u00e9\u00a0\u00bb les villages de Kindrachivka et de Radkivka ainsi que des quartiers au nord de Koupiansk, a annonc\u00e9 la brigade ukrainienne Khartia.<\/p>\n<p><strong>12h45 &gt; L\u2019Allemagne accuse la Russie d\u2019une cyberattaque et d\u2019ing\u00e9rence \u00e9lectorale<\/strong> L\u2019Allemagne a attribu\u00e9 vendredi \u00e0 la Russie une \u00ab\u00a0attaque informatique\u00a0\u00bb visant son syst\u00e8me de contr\u00f4le du trafic a\u00e9rien ainsi qu\u2019une \u00ab\u00a0campagne\u00a0\u00bb de d\u00e9stabilisation durant les derni\u00e8res l\u00e9gislatives allemandes. L\u2019ambassadeur russe \u00e0 Berlin a \u00e9t\u00e9 convoqu\u00e9 pour ces accusations.<\/p>\n<p>\u00ab\u00a0Le service de renseignement militaire russe GRU est responsable de cette attaque\u00a0\u00bb informatique commise en ao\u00fbt 2024 et \u00ab\u00a0la Russie a tent\u00e9, \u00e0 travers la campagne Storm 1516, d\u2019influencer et de d\u00e9stabiliser\u00a0\u00bb la derni\u00e8re \u00e9lection en f\u00e9vrier, a d\u00e9clar\u00e9 un porte-parole du minist\u00e8re allemand des Affaires \u00e9trang\u00e8res lors d\u2019un point presse r\u00e9gulier.<\/p>\n<p><strong>12h14 &gt; L\u2019Ukraine revendique la reprise de deux localit\u00e9s dans la r\u00e9gion de Kharkiv<\/strong><\/p>\n<p>Les forces ukrainiennes ont affirm\u00e9 vendredi avoir repris aux troupes russes deux localit\u00e9s pr\u00e8s de la ville de Koupiansk, un noeud ferroviaire cl\u00e9 dans la r\u00e9gion de Kharkiv (nord-est de l\u2019Ukraine) que la Russie a affirm\u00e9 avoir captur\u00e9 en novembre.<\/p>\n<p>Les troupes ukrainiennes ont \u00ab\u00a0effectu\u00e9 une perc\u00e9e jusqu\u2019\u00e0 la rivi\u00e8re Oskil, coupant les lignes d\u2019approvisionnement de l\u2019ennemi\u00a0\u00bb et \u00ab\u00a0lib\u00e9r\u00e9\u00a0\u00bb les villages de Kindrachivka et de Radkivka ainsi que des quartiers au nord de Koupiansk, a annonc\u00e9 la brigade ukrainienne Khartia.<\/p>\n<p><strong>10h03 &gt; Sept bless\u00e9s dans une attaque de drone contre un immeuble r\u00e9sidentiel en Russie<\/strong><\/p>\n<p>Sept personnes, parmi lesquelles un enfant, ont \u00e9t\u00e9 bless\u00e9es dans la nuit \u00e0 la suite d\u2019une attaque de drone ukrainienne \u00e0 Tver, \u00e0 environ 180 km au nord-ouest de Moscou, ont indiqu\u00e9 vendredi les autorit\u00e9s locales.<\/p>\n<p>\u00abA Tver, on est en train de combattre les cons\u00e9quences de la chute des d\u00e9bris d\u2019un drone sur un immeuble r\u00e9sidentiel\u00bb, a \u00e9crit sur Telegram le gouverneur r\u00e9gional par int\u00e9rim, Vitali Koroliov.<\/p>\n<p>\n  <img decoding=\"async\" class=\"r-img lazy\" data-  src=\"https:\/\/www.europesays.com\/fr\/wp-content\/uploads\/2025\/12\/57108233.png\" typeof=\"foaf:Image\" alt=\"Slaas.PNG\"\/>\n<\/p>\n<p>Selon lui, \u00absix adultes et un enfant\u00bb ont \u00e9t\u00e9 bless\u00e9s dans l\u2019attaque, et une vingtaine d\u2019habitants ont d\u00fb \u00eatre \u00e9vacu\u00e9s en raison des dommages inflig\u00e9s \u00e0 l\u2019immeuble.<\/p>\n<p>Selon l\u2019agence officielle Tass, la chute des d\u00e9bris du drone a provoqu\u00e9 un violent incendie dans un appartement, et les vitres de plusieurs autres ont \u00e9t\u00e9 bris\u00e9s.<\/p>\n<p><strong>09h00 &gt; La banque centrale russe entame une proc\u00e9dure en justice contre Euroclear<\/strong> La banque centrale russe a entam\u00e9 une proc\u00e9dure en justice contre Euroclear, institution financi\u00e8re install\u00e9e \u00e0 Bruxelles, qui d\u00e9tient quelque 185 milliards d\u2019euros d\u2019avoirs russes immobilis\u00e9s \u00e0 la suite de la guerre en Ukraine. L\u2019affaire a \u00e9t\u00e9 port\u00e9e devant un tribunal d\u2019arbitrage \u00e0 Moscou, pr\u00e9cise l\u2019agence de presse \u00e9tatique Tass.<\/p>\n<p>Les informations du jeudi 11 d\u00e9cembre<\/p>\n<p><strong>23h23 &gt; \u00a0La semaine \u00e0 venir sera d\u00e9cisive pour l\u2019Ukraine, pr\u00e9vient von der Leyen<\/strong><\/p>\n<p>\u00abLa semaine \u00e0 venir sera d\u00e9cisive\u00bb pour l\u2019Ukraine, a soulign\u00e9 la pr\u00e9sidente de la Commission europ\u00e9enne Ursula von der Leyen jeudi soir, r\u00e9it\u00e9rant son appel \u00e0 une \u00abpaix juste et durable\u00bb.<\/p>\n<p>\n  <img decoding=\"async\" data-copyright=\"AFP\" class=\"r-img lazy\" data-  src=\"https:\/\/www.europesays.com\/fr\/wp-content\/uploads\/2025\/12\/57082209.jpeg\" typeof=\"foaf:Image\" alt=\"AFP_87NQ8LM\"\/>AFP\n<\/p>\n<p>La cheffe de l\u2019ex\u00e9cutif europ\u00e9en a indiqu\u00e9 avoir \u00e9chang\u00e9 avec les partenaires de la \u00abcoalition des volontaires\u00bb, qui rassemble des soutiens de Kiev.<\/p>\n<p>\u00abMalgr\u00e9 la pression, nous restons absolument fermes sur notre objectif: parvenir \u00e0 une paix juste et durable pour l\u2019Ukraine\u00bb, a-t-elle insist\u00e9 sur le r\u00e9seau social X.<\/p>\n<p><strong>19h39 &gt; Donald Trump \u00ab extr\u00eamement frustr\u00e9 \u00bb par Kiev et Moscou<\/strong><\/p>\n<p>Le pr\u00e9sident am\u00e9ricain Donald Trump est \u00abextr\u00eamement frustr\u00e9\u00bb par l\u2019Ukraine et la Russie, a indiqu\u00e9 jeudi la porte-parole de la Maison Blanche, soulignant qu\u2019il veut \u00e0 pr\u00e9sent \u00abdes actes\u00bb pour mettre fin \u00e0 la guerre.<\/p>\n<p>\u00abLe pr\u00e9sident est extr\u00eamement frustr\u00e9 par les deux camps impliqu\u00e9s dans cette guerre, et il en a assez des r\u00e9unions qui n\u2019ont d\u2019autre but que de se r\u00e9unir\u00bb, a d\u00e9clar\u00e9 \u00e0 la presse Karoline Leavitt, ajoutant qu\u2019il \u00abveut des actes\u00bb.<\/p>\n<p><strong>18h31 &gt; Volodymyr Zelensky propose un r\u00e9f\u00e9rendum pour le sort des r\u00e9gions de l\u2019est de l\u2019Ukraine<\/strong><\/p>\n<p>Le pr\u00e9sident Volodymyr Zelensky a affirm\u00e9 jeudi, devant un parterre de journalistes, qu\u2019il faudra \u00abune \u00e9lection ou un r\u00e9f\u00e9rendum\u00bb sur la question des territoires de l\u2019est de l\u2019Ukraine. Il a \u00e9galement \u00e9voqu\u00e9 l\u2019id\u00e9e am\u00e9ricaine d\u2019une \u00abzone \u00e9conomique libre\u00bb et d\u00e9militaris\u00e9e dans la r\u00e9gion de Donetsk, toujours \u00e0 l\u2019est de l\u2019Ukraine. Les questions autour de l\u2019avenir de ce territoire et de la centrale nucl\u00e9aire de Zaporijjia restent par contre \u00abirr\u00e9solues\u00bb, a pr\u00e9cis\u00e9 le chef d\u2019\u00c9tat ukrainien.<\/p>\n<p><strong>17h45 &gt; Le contr\u00f4le de la r\u00e9gion de Donetsk et de la centrale de Zaporijjia sont les questions \u00abcl\u00e9s\u00bb encore \u00abirr\u00e9solues\u00bb\u00a0<\/strong><\/p>\n<p>Volodymyr Zelensky a affirm\u00e9 jeudi que le contr\u00f4le de la r\u00e9gion orientale de Donetsk et le statut de la centrale nucl\u00e9aire de Zaporijjia \u00e9taient les deux principaux points qui restaient \u00abirr\u00e9solus\u00bb dans les n\u00e9gociations pour mettre fin \u00e0 la guerre avec la Russie.<\/p>\n<p>\u00abLes territoires de la r\u00e9gion de Donetsk et tout ce qui s\u2019y rapporte, ainsi que la centrale nucl\u00e9aire de Zaporijjia. Ce sont les deux sujets que nous continuons de discuter\u00bb avec Washington.<\/p>\n<p><strong>15h46 &gt; Mark Rutte, chef de l\u2019Otan, appelle \u00e0 \u00ab tester \u00bb Vladimir Poutine<\/strong><\/p>\n<p>Le chef de l\u2019Otan Mark Rutte a appel\u00e9 jeudi \u00e0 \u00abtester\u00bb Vladimir Poutine pour d\u00e9terminer s\u2019il \u00abveut la paix en Ukraine\u00bb en \u00e9tablissant un plan soutenu par les \u00c9tats-Unis et l\u2019Europe, apr\u00e8s la remise par Kiev \u00e0 Washington d\u2019une nouvelle mouture pour mettre fin \u00e0 la guerre .\u00abEst-ce que je pense que les \u00c9tats-Unis et l\u2019Europe parviendront \u00e0 s\u2019entendre sur la question de l\u2019Ukraine ? Oui, j\u2019en suis convaincu\u00bb, a dit le secr\u00e9taire g\u00e9n\u00e9ral de l\u2019Alliance, Mark Rutte, au cours d\u2019un d\u00e9bat \u00e0 Berlin.<\/p>\n<p>\u00abSuis-je s\u00fbr que les Russes accepteront ? Je ne sais pas. C\u2019est le test\u00bb, a-t-il ajout\u00e9, appelant \u00e0 voir si Poutine \u00abest s\u00e9rieux\u00bb .Il a \u00e9galement une nouvelle fois jug\u00e9 que le pr\u00e9sident russe ne s\u2019arr\u00eaterait pas \u00e0 l\u2019Ukraine si les Europ\u00e9ens n\u2019investissaient pas massivement dans leur d\u00e9fense.<\/p>\n<p><strong>15h27 &gt; La Russie revendique la prise de la ville de Siversk, dans l\u2019est de l\u2019Ukraine (agence russe)<\/strong><\/p>\n<p><strong>15h17 &gt; Deux personnes d\u00e9c\u00e9d\u00e9es suite au bombardement du village de Soumy<\/strong><\/p>\n<p>Deux personnes sont d\u00e9c\u00e9d\u00e9es \u00e0 la suite d\u2019une frappe russe dans la r\u00e9gion de Soumy, au nord de l\u2019Ukraine, ont fait savoir jeudi les autorit\u00e9s locales. L\u2019explosion a touch\u00e9 une boutique du village de Velyka Pysarivka, a \u00e9crit sur Telegram le gouverneur militaire Oleg Grygorov. Il a ajout\u00e9 qu\u2019une vendeuse et un habitant avaient \u00e9t\u00e9 tu\u00e9s, et que deux autres personnes ont \u00e9t\u00e9 bless\u00e9es dans l\u2019attaque.<\/p>\n<p><strong>11h06 &gt; L\u2019Ukraine a fait des propositions sur les concessions territoriales soumises \u00e0 Trump, selon Merz<\/strong><\/p>\n<p>Une proposition concernant des concessions territoriales ukrainiennes dans le cadre d\u2019un plan pour mettre fin \u00e0 la guerre en Ukraine ont \u00e9t\u00e9 soumises mercredi au pr\u00e9sident am\u00e9ricain Donald Trump, a annonc\u00e9 jeudi le chancelier allemand Friedrich Merz.<\/p>\n<p>\u00abIl existe une proposition dont (M. Trump) n\u2019avait pas encore connaissance au moment o\u00f9 nous nous sommes entretenus au t\u00e9l\u00e9phone (mercredi), car elle n\u2019avait pas encore \u00e9t\u00e9 transmise aux Am\u00e9ricains. Nous l\u2019avons fait hier en fin d\u2019apr\u00e8s-midi. Il s\u2019agit avant tout de (savoir) quelles concessions territoriales l\u2019Ukraine est pr\u00eate \u00e0 faire\u00bb, a d\u00e9clar\u00e9 M. Merz lors d\u2019une conf\u00e9rence de presse \u00e0 Berlin.<\/p>\n<p><strong>9h09 &gt; La Russie affirme avoir abattu pr\u00e8s de trois cents drones ukrainiens au dessus de ses a\u00e9roports<\/strong><\/p>\n<p>Plusieurs a\u00e9roports russes, dont les quatre a\u00e9roports de Moscou, ont d\u00fb suspendre leurs activit\u00e9s la nuit derni\u00e8re \u00e0 la suite d\u2019une importante attaque de drones ukrainiens. Selon l\u2019autorit\u00e9 a\u00e9ronautique Rosaviatsija, plus de 130 vols \u00e0 Moscou seulement ont \u00e9t\u00e9 d\u00e9tourn\u00e9s, retard\u00e9s ou annul\u00e9s.<\/p>\n<p>Au total, les a\u00e9roports de la capitale \u2014 Domodedovo, Cheremetievo, Vnoukovo et Joukovski \u2014 sont rest\u00e9s hors service pendant plus de sept heures.<\/p>\n<p>Le minist\u00e8re russe de la D\u00e9fense a indiqu\u00e9 que pr\u00e8s de 300 drones ukrainiens ont \u00e9t\u00e9 abattus la nuit derni\u00e8re. Plus d\u2019un tiers aurait \u00e9t\u00e9 intercept\u00e9 dans la r\u00e9gion de Briansk, \u00e0 la fronti\u00e8re avec l\u2019Ukraine, mais environ quarante drones ont \u00e9galement \u00e9t\u00e9 neutralis\u00e9s dans les r\u00e9gions de Kalouga et autour de Moscou, selon l\u2019arm\u00e9e. Comme \u00e0 l\u2019accoutum\u00e9e, le minist\u00e8re n\u2019a communiqu\u00e9 aucune information sur d\u2019\u00e9ventuels d\u00e9g\u00e2ts.<\/p>\n<p><strong>6h33 &gt; La Russie dit avoir abattu dans la nuit 287 drones ukrainiens<\/strong><\/p>\n<p>La Russie a indiqu\u00e9 jeudi avoir abattu dans la nuit 287 drones ukrainiens, soit l\u2019une des attaques les plus massives de l\u2019arm\u00e9e de Kiev en bient\u00f4t quatre ans d\u2019offensive russe.<\/p>\n<p>Sur ces drones \u00abintercept\u00e9s et abattus\u00bb par la d\u00e9fense anti-a\u00e9rienne russe, 32 se dirigeaient vers Moscou, a pr\u00e9cis\u00e9 le minist\u00e8re russe de la D\u00e9fense dans un communiqu\u00e9 sur Telegram.<\/p>\n<p><strong>6h09 &gt; Un p\u00e9trolier de la flotte fant\u00f4me russe attaqu\u00e9 en mer Noire<\/strong><\/p>\n<p>L\u2019Ukraine a men\u00e9 une attaque de drones contre un p\u00e9trolier appartenant \u00e0 la soi-disant flotte fant\u00f4me russe en mer Noire. C\u2019est ce que rapportent mercredi des m\u00e9dias ukrainiens ainsi que CNN.<\/p>\n<p>Selon ces m\u00e9dias, qui citent des sources des services de renseignement, Kiev a utilis\u00e9 des drones maritimes (Sea Baby) lors de l\u2019attaque. Le p\u00e9trolier aurait navigu\u00e9 sous pavillon des Comores et se dirigeait vers le port russe de Novorossi\u00efsk. Le navire n\u2019aurait pas partag\u00e9 de donn\u00e9es de localisation, mais traversait la zone \u00e9conomique exclusive de l\u2019Ukraine.<\/p>\n<p>Le navire est incapable de poursuivre sa route en raison de l\u2019attaque, rapporte CNN. On ne savait pas imm\u00e9diatement quelle cargaison il transportait ni si l\u2019attaque avait provoqu\u00e9 une fuite de p\u00e9trole.<\/p>\n<p><strong>00h01 &gt; Trump a eu une discussion \u00ab difficile \u00bb sur l\u2019Ukraine avec des dirigeants europ\u00e9ens<\/strong><\/p>\n<p>Lors de la discussion sur l\u2019Ukraine entre le pr\u00e9sident am\u00e9ricain Donald Trump et des dirigeants europ\u00e9ens, le ton a \u00e9t\u00e9 \u00ab assez dur \u00bb. C\u2019est ce qu\u2019a d\u00e9clar\u00e9 Trump mercredi apr\u00e8s son entretien t\u00e9l\u00e9phonique avec le pr\u00e9sident fran\u00e7ais Emmanuel Macron, le premier ministre britannique Keir Starmer et le chancelier allemand Friedrich Merz.<\/p>\n<p>Le pr\u00e9sident am\u00e9ricain a \u00e9galement indiqu\u00e9 que les dirigeants europ\u00e9ens souhaitent organiser une r\u00e9union sur l\u2019Ukraine ce week-end, mais que la participation des \u00c9tats-Unis n\u2019est pas encore certaine. \u00ab Avant d\u2019aller \u00e0 une r\u00e9union, il y a des choses que nous voulons savoir \u00bb, a-t-on fait savoir \u00e0 la Maison-Blanche.<\/p>\n<p>\u00ab Nous allons prendre une d\u00e9cision \u00bb concernant cette r\u00e9union, \u00ab nous ne voulons pas perdre de temps \u00bb, a d\u00e9clar\u00e9 Trump. \u00ab Parfois, il faut laisser les gens se battre jusqu\u2019au bout, et parfois non. \u00bb<\/p>\n<p>Les informations du mercredi 10 d\u00e9cembre<\/p>\n<p><strong>21h57 &gt; Trump lance que les Etats-Unis \u00abne veulent pas perdre leur temps\u00bb sur l\u2019Ukraine<\/strong><\/p>\n<p>Donald Trump a dit mercredi avoir eu des \u00abmots assez forts\u00bb pendant son entretien plus t\u00f4t avec le pr\u00e9sident fran\u00e7ais Emmanuel Macron, le Premier ministre britannique Keir Starmer et le chancelier allemand Friedrich Merz.<\/p>\n<p>Le pr\u00e9sident am\u00e9ricain a ajout\u00e9 que les dirigeants europ\u00e9ens voulaient organiser une r\u00e9union sur l\u2019Ukraine ce week-end mais a indiqu\u00e9 que la participation am\u00e9ricaine n\u2019\u00e9tait pas acquise, en lan\u00e7ant: \u00abNous ne voulons pas perdre notre temps.\u00bb<\/p>\n<p><strong>21h48 &gt; Kiev a remis \u00e0 Washington sa derni\u00e8re version du plan pour mettre fin \u00e0 la guerre avec la Russie<\/strong><\/p>\n<p>L\u2019Ukraine a remis mercredi aux Etats-Unis sa version mise \u00e0 jour du plan pour mettre fin \u00e0 la guerre avec la Russie, ont confirm\u00e9 \u00e0 l\u2019AFP deux responsables ukrainiens proches du dossier.<\/p>\n<p>Kiev \u00ab\u00a0a d\u00e9j\u00e0 envoy\u00e9\u00a0\u00bb \u00e0 Washington la nouvelle version du plan de sortie du conflit, a d\u00e9clar\u00e9 un haut responsable ukrainien sans donner davantage de pr\u00e9cisions.<\/p>\n<p>Cette derni\u00e8re version \u00ab\u00a0tient compte de la vision ukrainienne, c\u2019est une proposition plus pouss\u00e9e pour une solution ad\u00e9quate \u00e0 des questions probl\u00e9matiques\u00a0\u00bb, a indiqu\u00e9 un second responsable ukrainien \u00e0 l\u2019AFP. \u00ab\u00a0Nous ne divulguons pas les d\u00e9tails en attendant la r\u00e9action de la partie am\u00e9ricaine\u00a0\u00bb, a ajout\u00e9 ce responsable<\/p>\n<p><strong>17h06 &gt; \u00ab\u00a0La partie n\u2019est pas termin\u00e9e, mais la tension restera palpable jusqu\u2019au dernier moment\u00a0\u00bb\u00a0: Bart De\u00a0Wever n\u2019exclut pas des actions en justice concernant les avoirs russes gel\u00e9s<\/strong><\/p>\n<p>Le Premier ministre belge, Bart De Wever, n\u2019exclut pas d\u2019engager des poursuites judiciaires si l\u2019Union europ\u00e9enne utilise les avoirs russes d\u2019Euroclear sans tenir compte des pr\u00e9occupations belges. Il l\u2019a d\u00e9clar\u00e9 mercredi au Parlement. \u00ab\u00a0La partie n\u2019est pas termin\u00e9e, mais la tension restera palpable jusqu\u2019au dernier moment.\u00a0\u00bb<\/p>\n<p>La question des avoirs russes gel\u00e9s est inscrite \u00e0 l\u2019ordre du jour d\u2019un sommet europ\u00e9en la semaine prochaine. D\u2019autres pays pourraient recourir \u00e0 la majorit\u00e9 qualifi\u00e9e pour faire adopter une d\u00e9cision sans le soutien de la Belgique. Mais M. De Wever \u00e9met de s\u00e9rieux doutes quant \u00e0 la l\u00e9galit\u00e9 du recours \u00e0 l\u2019article 122 \u00e0 cette fin. Cet article s\u2019applique en cas d\u2019\u00e9tat d\u2019urgence, or, selon lui, ce n\u2019est pas le cas aujourd\u2019hui.<\/p>\n<p><strong>16h27 &gt; L\u2019Ukraine s\u2019entretient avec les Etats-Unis autour de la reconstruction<\/strong><\/p>\n<p>L\u2019Ukraine discutait mercredi avec les Etats-Unis de la reconstruction et de la reprise \u00e9conomique du pays une fois la guerre avec la Russie termin\u00e9e. \u00ab\u00a0Nous continuons \u00e0 communiquer avec nos partenaires \u00e0 un rythme quotidien, presque 24 heures sur 24, afin de trouver des d\u00e9marches faisables et r\u00e9alistes qui permettraient de mettre un terme \u00e0 la guerre\u00a0\u00bb, a comment\u00e9 le pr\u00e9sident ukrainien Volodymyr Zelensky sur X.<\/p>\n<p>\u00ab\u00a0Aujourd\u2019hui, les discussions ont eu lieu avec la partie am\u00e9ricaine et portaient sur un document qui d\u00e9taillera le processus de reconstruction d\u2019apr\u00e8s-guerre et de d\u00e9veloppement \u00e9conomique de l\u2019Ukraine\u00a0\u00bb, a ajout\u00e9 le chef d\u2019Etat.<\/p>\n<p><strong>12H15 &gt; Nouvelle r\u00e9union pr\u00e9vue jeudi de la \u00ab\u00a0coalition de volontaires\u00a0\u00bb en soutien \u00e0 Kiev<\/strong><\/p>\n<p>Une nouvelle r\u00e9union de la \u00ab\u00a0coalition des volontaires\u00a0\u00bb, qui rassemble des soutiens de Kiev, se tiendra jeudi pour avancer sur les \u00ab\u00a0garanties de s\u00e9curit\u00e9\u00a0\u00bb pour l\u2019Ukraine, a indiqu\u00e9 mercredi la porte-parole du gouvernement fran\u00e7ais, le pr\u00e9sident Zelensky \u00e9tant la cible de vives critiques de Donald Trump.<\/p>\n<p>\u00ab\u00a0La r\u00e9union de la coalition des volontaires demain, copr\u00e9sid\u00e9e par la France et le Royaume-Uni, permettra d\u2019avancer sur les garanties de s\u00e9curit\u00e9 \u00e0 offrir \u00e0 l\u2019Ukraine et la contribution importante des Am\u00e9ricains\u00a0\u00bb, a indiqu\u00e9 la porte-parole Maud Bregeon. L\u2019Elys\u00e9e a ensuite pr\u00e9cis\u00e9 que cette r\u00e9union aurait lieu jeudi apr\u00e8s-midi en visioconf\u00e9rence.<\/p>\n<p><strong>11h00 &gt; Les r\u00e9centes d\u00e9clarations de Trump sur l\u2019Ukraine sont \u00ab\u00a0conformes\u00a0\u00bb \u00e0 la vision de Moscou<\/strong><\/p>\n<p>Le Kremlin a salu\u00e9 mercredi les derni\u00e8res d\u00e9clarations du pr\u00e9sident am\u00e9ricain Donald Trump qui a notamment soutenu, dans un entretien au site Politico, que la Russie avait \u00ab\u00a0toujours eu\u00a0\u00bb l\u2019avantage militaire sur le front en Ukraine.<\/p>\n<p>\u00ab\u00a0\u00c0 bien des \u00e9gards, concernant une adh\u00e9sion \u00e0 l\u2019OTAN, les territoires, concernant le fait que l\u2019Ukraine perd du terrain, c\u2019est conforme \u00e0 notre compr\u00e9hension. \u00c0 bien des \u00e9gards, le pr\u00e9sident Trump a abord\u00e9 les causes profondes du conflit\u00a0\u00bb, a d\u00e9clar\u00e9 \u00e0 la presse le porte-parole du la pr\u00e9sidence russe, Dmitri Peskov.<\/p>\n<p><strong>17h51 &gt; Vers un prolongement du sommet europ\u00e9en du jeudi 18 d\u00e9cembre pour d\u00e9crocher un accord sur le financement de l\u2019Ukraine<\/strong><\/p>\n<p>Le pr\u00e9sident du Conseil europ\u00e9en Ant\u00f3nio Costa s\u2019est dit pr\u00eat mardi \u00e0 prolonger jusqu\u2019au samedi 20 d\u00e9cembre le sommet europ\u00e9en pr\u00e9vu \u00e0 partir du jeudi 18, afin de d\u00e9crocher un accord sur le financement de l\u2019Ukraine pour 2026 et 2027.<\/p>\n<p>\u00ab\u00a0Je suis convaincu que nous prendrons une d\u00e9cision le 18 d\u00e9cembre. Mais comme je l\u2019ai dit \u00e0 mes coll\u00e8gues, si n\u00e9cessaire, nous poursuivrons nos travaux le 19 ou le 20 d\u00e9cembre, jusqu\u2019\u00e0 ce que nous parvenions \u00e0 une conclusion positive\u00a0\u00bb, a indiqu\u00e9 M. Costa \u00e0 la presse, lors d\u2019une visite de travail \u00e0 Dublin (Irlande).<\/p>\n<p>Les dirigeants de l\u2019UE s\u2019emploient toujours \u00e0 essayer de convaincre la Belgique de soutenir un projet de grand pr\u00eat \u00e0 l\u2019Ukraine (un premier montant de 90 milliards d\u2019euros est envisag\u00e9 pour 2026) qui s\u2019appuierait sur les r\u00e9serves souveraines de la Russie immobilis\u00e9es dans l\u2019UE, en grande partie chez Euroclear \u00e0 Bruxelles. Face aux risques de repr\u00e9sailles, la Belgique, dont le feu vert n\u2019appara\u00eet pas indispensable techniquement, exige un partage du risque et des garanties qui, jusqu\u2019\u00e0 pr\u00e9sent, ne la convainquent pas.<\/p>\n<p>    \u00c0 lire aussi<\/p>\n<p>  <img decoding=\"async\" class=\"r-img\"  typeof=\"foaf:Image\" src=\"https:\/\/www.europesays.com\/fr\/wp-content\/uploads\/2025\/12\/1765804223_226_56029542.jpeg\" alt=\"Prevot01.jpg\"\/><br \/>\n      <a href=\"https:\/\/www.rtl.be\/actu\/belgique\/politique\/cest-la-banqueroute-pour-la-belgique-si-leurope-nous-force-donner-les-milliards\/2025-11-30\/article\/772146\" class=\"r-stories--link\" target=\"_blank\" rel=\"noopener\">\u00ab\u00a0C\u2019est la banqueroute pour la Belgique\u00a0\u00bb si l\u2019Europe nous force \u00e0 donner les\u00a0milliards russes immobilis\u00e9s chez nous\u00a0\u00e0 l\u2019Ukraine<\/a><\/p>\n<p>Il est question ici du droit de l\u2019Ukraine \u00e0 recevoir compensation pour les d\u00e9g\u00e2ts caus\u00e9s par l\u2019invasion russe, rappellent ces \u00c9tats dans leur lettre.<\/p>\n<p>L\u2019\u00e9missaire am\u00e9ricain de Donald Trump, Steve Witkoff, ainsi que Jared Kushner, vont rencontrer le n\u00e9gociateur ukrainien Roustem Oumerov jeudi en Floride, apr\u00e8s leur entretien mardi \u00e0 Moscou avec Vladimir Poutine, a indiqu\u00e9 mercredi un responsable am\u00e9ricain sous couvert de l\u2019anonymat.<\/p>\n<p>La Belgique continue de plaider en faveur d\u2019un pr\u00eat commun sur les march\u00e9s europ\u00e9ens pour l\u2019Ukraine, plut\u00f4t que d\u2019un pr\u00eat de relance adoss\u00e9 \u00e0 des avoirs russes bloqu\u00e9s. Cette position a \u00e9t\u00e9 annonc\u00e9e mercredi soir par le cabinet du ministre des Affaires \u00e9trang\u00e8res, Maxime Pr\u00e9vot (Les Engag\u00e9s). \u00ab\u00a0Nous esp\u00e9rons un d\u00e9bat constructif sur ce sujet dans les prochains jours, et que les ajustements n\u00e9cessaires \u00e0 l\u2019option du pr\u00eat de relance sont apport\u00e9s afin de r\u00e9pondre \u00e0 nos pr\u00e9occupations.\u00a0\u00bb<\/p>\n<p>Aucun \u00ab\u00a0compromis\u00a0\u00bb sur les territoires occup\u00e9s par la Russie en Ukraine n\u2019a \u00e9t\u00e9 trouv\u00e9 \u00e0 l\u2019issue d\u2019une rencontre jug\u00e9e \u00ab\u00a0utile\u00a0\u00bb mardi \u00e0 Moscou entre le pr\u00e9sident Vladimir Poutine et l\u2019\u00e9missaire am\u00e9ricain Steve Witkoff, a annonc\u00e9 le conseiller diplomatique du Kremlin.<\/p>\n<p>Vladimir Poutine a averti mardi que la Russie \u00e9tait \u00ab\u00a0pr\u00eate\u00a0\u00bb \u00e0 la \u00ab\u00a0guerre\u00a0\u00bb dans l\u2019\u00e9ventualit\u00e9 o\u00f9 l\u2019Europe lancerait des hostilit\u00e9s contre elle, juste avant une r\u00e9union tr\u00e8s attendue \u00e0 Moscou avec les \u00e9missaires am\u00e9ricains pour des pourparlers sur l\u2019Ukraine.<\/p>\n<p>Attis\u00e9es par les conflits en Ukraine et \u00e0 Gaza, les ventes des 100 plus grands fabricants d\u2019armes au monde ont atteint un nouveau record en 2024, malgr\u00e9 des probl\u00e8mes de production qui entravent les livraisons, selon un rapport publi\u00e9 lundi. Sur l\u2019ann\u00e9e, les ventes se sont \u00e9lev\u00e9es \u00e0 679 milliards de dollars (586 milliards d\u2019euros), en hausse de 5,9\u00a0% sur un an, rapporte l\u2019Institut international de recherche sur la paix de Stockholm (Sipri).<\/p>\n<p>    \u00c0 lire aussi<\/p>\n<p>  <img decoding=\"async\" data-copyright=\"ANDREW CABALLERO-REYNOLDS \/ AFP\" class=\"r-img\"  typeof=\"foaf:Image\" src=\"https:\/\/www.europesays.com\/fr\/wp-content\/uploads\/2025\/12\/55812357.jpeg\" alt=\"Belgaimage-144116688.jpg\"\/><br \/>\n      <a href=\"https:\/\/www.rtl.be\/actu\/monde\/international\/trump-pret-ceder-face-poutine-les-etats-unis-pourraient-reconnaitre-les\/2025-11-28\/article\/771972\" class=\"r-stories--link\" target=\"_blank\" rel=\"noopener\">Trump\u00a0pr\u00eat \u00e0 c\u00e9der face \u00e0\u00a0Poutine\u00a0? Les \u00c9tats-Unis pourraient reconna\u00eetre les annexions de la Russie\u2026 malgr\u00e9 les objections de l\u2019Europe<\/a><\/p>\n<p>    \u00c0 lire aussi<\/p>\n<p>  <img decoding=\"async\" data-copyright=\"SAUL LOEB \/ AFP\" class=\"r-img\"  typeof=\"foaf:Image\" src=\"https:\/\/www.europesays.com\/fr\/wp-content\/uploads\/2025\/12\/55964173.jpeg\" alt=\"Belgaimage-144144405 (1).jpg\"\/><br \/>\n      <a href=\"https:\/\/www.rtl.be\/actu\/monde\/international\/comment-mettre-fin-la-guerre-sous-fortes-pressions-lukraine-va-negocier-aux\/2025-11-30\/article\/772083\" class=\"r-stories--link\" target=\"_blank\" rel=\"noopener\">Comment mettre fin \u00e0 la guerre ? Sous fortes pressions, l\u2019Ukraine va n\u00e9gocier aux Etats-Unis<\/a><\/p>\n<p><strong>&gt; Retrouvez les informations de ce samedi et de la semaine <a href=\"https:\/\/www.rtl.be\/768\/free-tags\/guerre-en-ukraine\" class=\"r-stories--HyPlink\" id=\"Hyp-\" target=\"_blank\" rel=\"noopener\">ici<\/a><\/strong><\/p>\n","protected":false},"excerpt":{"rendered":"Vladimir \u00abPoutine veut des territoires. Les Am\u00e9ricains disent que l\u2019Ukraine \u00abdoit se retire\u00bb\u00ab, ce que Kiev refuse, a&hellip;\n","protected":false},"author":2,"featured_media":600819,"comment_status":"","ping_status":"","sticky":false,"template":"","format":"standard","meta":{"footnotes":""},"categories":[1590],"tags":[11,1777,674,12,63397,220],"class_list":{"0":"post-600818","1":"post","2":"type-post","3":"status-publish","4":"format-standard","5":"has-post-thumbnail","7":"category-ukraine","8":"tag-actualites","9":"tag-eu","10":"tag-europe","11":"tag-news","12":"tag-rtl-info","13":"tag-ukraine"},"share_on_mastodon":{"url":"https:\/\/pubeurope.com\/@fr\/115723754401348952","error":""},"_links":{"self":[{"href":"https:\/\/www.europesays.com\/fr\/wp-json\/wp\/v2\/posts\/600818","targetHints":{"allow":["GET"]}}],"collection":[{"href":"https:\/\/www.europesays.com\/fr\/wp-json\/wp\/v2\/posts"}],"about":[{"href":"https:\/\/www.europesays.com\/fr\/wp-json\/wp\/v2\/types\/post"}],"author":[{"embeddable":true,"href":"https:\/\/www.europesays.com\/fr\/wp-json\/wp\/v2\/users\/2"}],"replies":[{"embeddable":true,"href":"https:\/\/www.europesays.com\/fr\/wp-json\/wp\/v2\/comments?post=600818"}],"version-history":[{"count":0,"href":"https:\/\/www.europesays.com\/fr\/wp-json\/wp\/v2\/posts\/600818\/revisions"}],"wp:featuredmedia":[{"embeddable":true,"href":"https:\/\/www.europesays.com\/fr\/wp-json\/wp\/v2\/media\/600819"}],"wp:attachment":[{"href":"https:\/\/www.europesays.com\/fr\/wp-json\/wp\/v2\/media?parent=600818"}],"wp:term":[{"taxonomy":"category","embeddable":true,"href":"https:\/\/www.europesays.com\/fr\/wp-json\/wp\/v2\/categories?post=600818"},{"taxonomy":"post_tag","embeddable":true,"href":"https:\/\/www.europesays.com\/fr\/wp-json\/wp\/v2\/tags?post=600818"}],"curies":[{"name":"wp","href":"https:\/\/api.w.org\/{rel}","templated":true}]}}