{"id":600822,"date":"2025-12-15T13:12:20","date_gmt":"2025-12-15T13:12:20","guid":{"rendered":"https:\/\/www.europesays.com\/fr\/600822\/"},"modified":"2025-12-15T13:12:20","modified_gmt":"2025-12-15T13:12:20","slug":"la-carte-vitale-dematerialisee-disponible-pour-les-francais-du-royaume-uni","status":"publish","type":"post","link":"https:\/\/www.europesays.com\/fr\/600822\/","title":{"rendered":"La carte vitale d\u00e9mat\u00e9rialis\u00e9e disponible pour les Fran\u00e7ais du Royaume-Uni"},"content":{"rendered":"<p style=\"color: rgba(0,0,0,0.61); font-family: Aviano Sans old!important; font-size: 10px!important; line-height: 19px!important; font-weight: 400!important; text-transform: uppercase!important;\">Par Leila Lamnaouer \/ Le 15 d\u00e9cembre 2025 \/ <a href=\"https:\/\/mauditsfrancais.ca\/category\/actualite\/\" target=\"_blank\" rel=\"noopener\">Actualit\u00e9<\/a><\/p>\n<p>Le progr\u00e8s ne s\u2019arr\u00eate jamais. Depuis le 18 novembre dernier, l\u2019application Carte Vitale est accessible sur smartphone pour les Fran\u00e7ais de l\u2019Hexagone, des territoires d\u2019outre-mer et de l\u2019\u00e9tranger affili\u00e9s \u00e0 un r\u00e9gime d\u2019assurance maladie.<\/p>\n<p>Alternative \u00e0 la carte physique, souvent oubli\u00e9e quand on en a le plus besoin, la carte Vitale digitale \u2013 qui n\u2019\u00e9tait jusque-l\u00e0 accessible aux personnes ayant un compte France Identit\u00e9 \u2013 est d\u00e9sormais disponible via une application sur Google Play Store et l\u2019App Store (version 10 minimum pour Android et 16.6 pour iOS d\u2019apr\u00e8s Ameli).<\/p>\n<p>L\u2019assur\u00e9 devra t\u00e9l\u00e9charger l\u2019<a href=\"https:\/\/www.applicartevitale.fr\" target=\"_blank\" rel=\"noreferrer noopener\">application Carte Vitale<\/a>, renseigner votre num\u00e9ro de s\u00e9curit\u00e9 sociale ou scanner votre carte vitale physique, entrer votre adresse mail, saisir le code envoy\u00e9 sur l\u2019adresse mail renseign\u00e9e, fournir une vid\u00e9o de votre pi\u00e8ce d\u2019identit\u00e9 et une vid\u00e9o de votre visage.<\/p>\n<p>Pour des raisons de s\u00e9curit\u00e9 et afin d\u2019\u00e9viter les fraudes, la v\u00e9rification du dossier de l\u2019utilisateur sur l\u2019appli Carte Vitale peut prendre jusqu\u2019\u00e0 48 heures avant que la fonctionnalit\u00e9 ne soit op\u00e9rationnelle. Apr\u00e8s validation, il faudra rouvrir l\u2019application pour activer la carte vitale d\u00e9mat\u00e9rialis\u00e9e.<\/p>\n<p>Un dispositif en installation<\/p>\n<p>Comme en physique, la carte verte num\u00e9rique contient toutes les informations pour le remboursement des frais de sant\u00e9 et peut \u00eatre utilis\u00e9e pendant les consultations m\u00e9dicales et les d\u00e9livrances de m\u00e9dicaments en pharmacie. <\/p>\n<p>D\u00e9sormais, l\u2019assur\u00e9 pr\u00e9sentera son smartphone et le professionnel de sant\u00e9 n\u2019aura plus qu\u2019\u00e0 scanner le QR code ou la carte gr\u00e2ce \u00e0 un lecteur NFC similaire \u00e0 celui utilis\u00e9 pour les paiements sans contact.<\/p>\n<p>Cependant, ce nouveau dispositif n\u2019est pas encore install\u00e9 dans l\u2019ensemble des h\u00f4pitaux, cabinets et pharmacies. En attendant que la carte d\u00e9mat\u00e9rialis\u00e9e soit accept\u00e9e partout, il reste donc primordial de conserver la carte Vitale physique au fond de son portefeuille.<\/p>\n","protected":false},"excerpt":{"rendered":"Par Leila Lamnaouer \/ Le 15 d\u00e9cembre 2025 \/ Actualit\u00e9 Le progr\u00e8s ne s\u2019arr\u00eate jamais. Depuis le 18&hellip;\n","protected":false},"author":2,"featured_media":600823,"comment_status":"","ping_status":"","sticky":false,"template":"","format":"standard","meta":{"footnotes":""},"categories":[1588],"tags":[11,70647,732,7564,1777,674,12,473,1853,1851,1850,1852],"class_list":{"0":"post-600822","1":"post","2":"type-post","3":"status-publish","4":"format-standard","5":"has-post-thumbnail","7":"category-royaume-uni","8":"tag-actualites","9":"tag-assurance-sante","10":"tag-assurance-maladie","11":"tag-carte-vitale","12":"tag-eu","13":"tag-europe","14":"tag-news","15":"tag-royaume-uni","16":"tag-royaume-uni-de-grande-bretagne-et-dirlande-du-nord","17":"tag-uk","18":"tag-united-kingdom","19":"tag-united-kingdom-of-great-britain-and-northern-ireland"},"share_on_mastodon":{"url":"https:\/\/pubeurope.com\/@fr\/115723760070671729","error":""},"_links":{"self":[{"href":"https:\/\/www.europesays.com\/fr\/wp-json\/wp\/v2\/posts\/600822","targetHints":{"allow":["GET"]}}],"collection":[{"href":"https:\/\/www.europesays.com\/fr\/wp-json\/wp\/v2\/posts"}],"about":[{"href":"https:\/\/www.europesays.com\/fr\/wp-json\/wp\/v2\/types\/post"}],"author":[{"embeddable":true,"href":"https:\/\/www.europesays.com\/fr\/wp-json\/wp\/v2\/users\/2"}],"replies":[{"embeddable":true,"href":"https:\/\/www.europesays.com\/fr\/wp-json\/wp\/v2\/comments?post=600822"}],"version-history":[{"count":0,"href":"https:\/\/www.europesays.com\/fr\/wp-json\/wp\/v2\/posts\/600822\/revisions"}],"wp:featuredmedia":[{"embeddable":true,"href":"https:\/\/www.europesays.com\/fr\/wp-json\/wp\/v2\/media\/600823"}],"wp:attachment":[{"href":"https:\/\/www.europesays.com\/fr\/wp-json\/wp\/v2\/media?parent=600822"}],"wp:term":[{"taxonomy":"category","embeddable":true,"href":"https:\/\/www.europesays.com\/fr\/wp-json\/wp\/v2\/categories?post=600822"},{"taxonomy":"post_tag","embeddable":true,"href":"https:\/\/www.europesays.com\/fr\/wp-json\/wp\/v2\/tags?post=600822"}],"curies":[{"name":"wp","href":"https:\/\/api.w.org\/{rel}","templated":true}]}}