{"id":600824,"date":"2025-12-15T13:13:13","date_gmt":"2025-12-15T13:13:13","guid":{"rendered":"https:\/\/www.europesays.com\/fr\/600824\/"},"modified":"2025-12-15T13:13:13","modified_gmt":"2025-12-15T13:13:13","slug":"lallemagne-renforce-sa-flotte-avec-20-helicopteres-h145m-supplementaires-dairbus","status":"publish","type":"post","link":"https:\/\/www.europesays.com\/fr\/600824\/","title":{"rendered":"l\u2019Allemagne renforce sa flotte avec 20 h\u00e9licopt\u00e8res H145M suppl\u00e9mentaires d\u2019Airbus"},"content":{"rendered":"<p>Le premier H145M a \u00e9t\u00e9 livr\u00e9 en novembre 2024, moins d\u2019un an apr\u00e8s la signature du contrat en d\u00e9cembre 2023, et d\u2019autres appareils ont depuis \u00e9t\u00e9 remis \u00e0 l\u2019Allemagne. Version militaire du H145 civil, le H145M est un h\u00e9licopt\u00e8re polyvalent, capable de passer en quelques minutes d\u2019une configuration d\u2019attaque l\u00e9g\u00e8re &#8211; avec armement guid\u00e9 et syst\u00e8me d\u2019autoprotection &#8211; \u00e0 une version pour op\u00e9rations sp\u00e9ciales avec \u00e9quipement de descente rapide des commandos. R\u00e9put\u00e9 pour son faible niveau sonore, il est d\u00e9j\u00e0 en service dans plusieurs pays, dont la Hongrie, la Serbie, le Luxembourg, la Tha\u00eflande, l\u2019\u00c9quateur, le Honduras et Chypre.<\/p>\n<p>Un mod\u00e8le qui s\u00e9duit \u00e0 l\u2019international<\/p>\n<p>L\u2019arm\u00e9e am\u00e9ricaine utilise pr\u00e8s de 500 h\u00e9licopt\u00e8res de la famille H145 sous l\u2019appellation UH-72 Lakota. Airbus a r\u00e9cemment engrang\u00e9 des commandes de la Belgique (pour 17 appareils), de Brunei (6 appareils) et de l\u2019Irlande (pour 4 appareils). L&rsquo;arm\u00e9e de terre allemande recevra 72 appareils, tandis que les forces sp\u00e9ciales de l&rsquo;arm\u00e9e de l&rsquo;air en auront dix. La Bundeswehr utilise des H145 pour les op\u00e9rations sp\u00e9ciales et les missions de recherche et sauvetage.<\/p>\n","protected":false},"excerpt":{"rendered":"Le premier H145M a \u00e9t\u00e9 livr\u00e9 en novembre 2024, moins d\u2019un an apr\u00e8s la signature du contrat en&hellip;\n","protected":false},"author":2,"featured_media":600825,"comment_status":"","ping_status":"","sticky":false,"template":"","format":"standard","meta":{"footnotes":""},"categories":[1587],"tags":[11,672,1804,1805,1803,1777,674,1801,12,1802],"class_list":{"0":"post-600824","1":"post","2":"type-post","3":"status-publish","4":"format-standard","5":"has-post-thumbnail","7":"category-allemagne","8":"tag-actualites","9":"tag-allemagne","10":"tag-bundesrepublik-deutschland","11":"tag-de","12":"tag-deutschland","13":"tag-eu","14":"tag-europe","15":"tag-germany","16":"tag-news","17":"tag-republique-federale-dallemagne"},"share_on_mastodon":{"url":"https:\/\/pubeurope.com\/@fr\/115723764201746136","error":""},"_links":{"self":[{"href":"https:\/\/www.europesays.com\/fr\/wp-json\/wp\/v2\/posts\/600824","targetHints":{"allow":["GET"]}}],"collection":[{"href":"https:\/\/www.europesays.com\/fr\/wp-json\/wp\/v2\/posts"}],"about":[{"href":"https:\/\/www.europesays.com\/fr\/wp-json\/wp\/v2\/types\/post"}],"author":[{"embeddable":true,"href":"https:\/\/www.europesays.com\/fr\/wp-json\/wp\/v2\/users\/2"}],"replies":[{"embeddable":true,"href":"https:\/\/www.europesays.com\/fr\/wp-json\/wp\/v2\/comments?post=600824"}],"version-history":[{"count":0,"href":"https:\/\/www.europesays.com\/fr\/wp-json\/wp\/v2\/posts\/600824\/revisions"}],"wp:featuredmedia":[{"embeddable":true,"href":"https:\/\/www.europesays.com\/fr\/wp-json\/wp\/v2\/media\/600825"}],"wp:attachment":[{"href":"https:\/\/www.europesays.com\/fr\/wp-json\/wp\/v2\/media?parent=600824"}],"wp:term":[{"taxonomy":"category","embeddable":true,"href":"https:\/\/www.europesays.com\/fr\/wp-json\/wp\/v2\/categories?post=600824"},{"taxonomy":"post_tag","embeddable":true,"href":"https:\/\/www.europesays.com\/fr\/wp-json\/wp\/v2\/tags?post=600824"}],"curies":[{"name":"wp","href":"https:\/\/api.w.org\/{rel}","templated":true}]}}