{"id":600827,"date":"2025-12-15T13:15:24","date_gmt":"2025-12-15T13:15:24","guid":{"rendered":"https:\/\/www.europesays.com\/fr\/600827\/"},"modified":"2025-12-15T13:15:24","modified_gmt":"2025-12-15T13:15:24","slug":"exclu-je-reviens-et-il-y-en-a-eu-pour-18-000-euros-aurore-morisse-explique-comment-affaire-conclue-peut-empieter-sur-sa-vie-de-couple","status":"publish","type":"post","link":"https:\/\/www.europesays.com\/fr\/600827\/","title":{"rendered":"Exclu. \u00ab\u00a0Je reviens et il y en a eu pour 18 000 euros\u00a0\u00bb : Aurore Morisse explique comment Affaire conclue peut empi\u00e9ter sur sa vie de couple"},"content":{"rendered":"<p>Aurore Morisse est devenue un des piliers de la salle des ventes d&rsquo;Affaire conclue. Devenue tr\u00e8s populaire gr\u00e2ce \u00e0 l&rsquo;\u00e9mission, l&rsquo;antiquaire belge reconna\u00eet cependant que la notori\u00e9t\u00e9 empi\u00e8te parfois sur sa vie priv\u00e9e.<\/p>\n<p>A l&rsquo;antenne depuis 2017, Affaire conclue continue de cartonner tous les jours sur France 2. <a href=\"https:\/\/www.programme-tv.net\/news\/tv\/275671-affaire-conclue-decouvrez-qui-est-aurore-morisse-nouvelle-acheteuse-dans-lemission-de-france-2\/\" data-api-deeplink=\"teleloisirs:\/\/news\/275671\" target=\"_blank\" rel=\"noopener\">Aurore Morisse a rejoint la salle des ventes de l&rsquo;\u00e9mission en mai 2021. <\/a>Dans une interview qu&rsquo;elle a accord\u00e9e \u00e0 T\u00e9l\u00e9-Loisirs,<a href=\"https:\/\/www.programme-tv.net\/news\/tv\/393876-exclu-on-me-prenait-pour-la-fille-qui-ne-savait-rien-aurore-morisse-revient-sur-ses-debuts-parfois-difficiles-dans-affaire-conclue\/#:~:text=C&#039;est%20en%20mai%202021,quitt%C3%A9e%20depuis%2C%20ou%20St%C3%A9phane%20Vanhandenhoven.\" data-api-deeplink=\"teleloisirs:\/\/news\/393876\" target=\"_blank\" rel=\"noopener\"> l&rsquo;antiquaire belge a r\u00e9v\u00e9l\u00e9 que ses d\u00e9buts dans le programme n&rsquo;avaient pas toujours \u00e9t\u00e9 faciles<\/a>. Elle a d\u00fb convaincre les autres acheteurs de sa cr\u00e9dibilit\u00e9. \u00ab\u00a0Au d\u00e9but, quand j&rsquo;ai commenc\u00e9 il y a cinq ans, l&rsquo;\u00e2ge \u00e9tait important, parce qu&rsquo;on me prenait pour la petite nouvelle, la fille qui ne sait rien, la petite jeune. Dans les \u00e9missions, l&rsquo;\u00e2ge \u00e9tait assez mal vu. J&rsquo;\u00e9tais jeune et peut-\u00eatre sans connaissance pour eux. Et aujourd&rsquo;hui, je suis comme eux, je suis au m\u00eame niveau, m\u00eame si je reste la plus jeune de l&rsquo;\u00e9mission\u00a0\u00bb, a-t-elle d\u00e9clar\u00e9. C&rsquo;est gr\u00e2ce \u00e0 sa cha\u00eene YouTube que l&rsquo;antiquaire a \u00e9t\u00e9 rep\u00e9r\u00e9e par la production de l&rsquo;\u00e9mission, mais elle avait d&rsquo;abord refus\u00e9 de la rejoindre. \u00ab\u00a0La premi\u00e8re fois, je leur ai dit que je n&rsquo;\u00e9tais pas int\u00e9ress\u00e9e parce que je n&rsquo;\u00e9tais pas brocanteur\u00a0\u00bb, a-t-elle r\u00e9v\u00e9l\u00e9.<\/p>\n<p>D\u00e9sormais Aurore Morisse compte parmi les piliers d&rsquo;Affaire conclue.<a href=\"https:\/\/www.programme-tv.net\/news\/tv\/393870-du-jamais-vu-dans-affaire-conclue-des-nouveautes-inedites-vous-attendent-dans-le-prime-vendredi-soir\/\" data-api-deeplink=\"teleloisirs:\/\/news\/393870\" target=\"_blank\" rel=\"noopener\"> Lors du prime de No\u00ebl diffus\u00e9 sur France 3 ce vendredi 12 d\u00e9cembre<\/a>, elle a d&rsquo;ailleurs acquis une magnifique c\u00e9ramique de Fernand L\u00e9ger. L&rsquo;antiquaire belge ne se fixe pas de limites lors des ench\u00e8res. \u00ab\u00a0Mon mari me dit toujours quand je lui fais un bisou avant de partir le matin. &lsquo;Ne d\u00e9pense pas trop !&rsquo; Et je reviens en lui disant qu&rsquo;il y en a eu pour 17 000 \/ 18 000 euros&#8230;\u00a0\u00bb, reconna\u00eet-elle. Mais Aurore Morisse constate que son m\u00e9tier lui impose de \u00ab\u00a0prendre des risques\u00a0\u00bb. Elle remarque aussi que son travail et sa notori\u00e9t\u00e9 peuvent s&rsquo;immiscer dans sa vie priv\u00e9e. \u00ab\u00a0Ce n&rsquo;est pas \u00e9vident \u00e0 g\u00e9rer parce que je n&rsquo;arrive pas \u00e0 couper mon t\u00e9l\u00e9phone. Mon mari me cadre. Heureusement qu&rsquo;il est l\u00e0 pour me rappeler \u00e0 la r\u00e9alit\u00e9. Il me l&rsquo;a encore dit hier : &lsquo;Aurore, tu ne sauves pas des vies !&rsquo; Je suis hyper demand\u00e9e, parce que je me rends accessible \u00e0 l&rsquo;\u00e9mission. On a envie de faire copain \/ copine avec Aurore, sauf que mon vrai m\u00e9tier, c&rsquo;est d&rsquo;acheter, de vendre et de faire des expertises\u00a0\u00bb, rappelle-t-elle.<\/p>\n<p>            Aurore Morisse (Affaire conclue) d\u00e9plore que sa notori\u00e9t\u00e9 soit parfois \u00ab\u00a0vampirisante\u00a0\u00bb<\/p>\n<p>A propos de la notori\u00e9t\u00e9 induite par Affaire conclue, Aurore Morisse a d&rsquo;ailleurs constat\u00e9 qu&rsquo;elle pouvait \u00eatre \u00ab\u00a0vampirisante\u00a0\u00bb. \u00ab\u00a0Parfois je la vis mal. C&rsquo;est chouette quand les gens sont bienveillants et il y a les autres qui sont vampirisants, comme si on leur appartenait. Les gens nous tutoient. C&rsquo;est comme si j&rsquo;\u00e9tais la copine qui passe \u00e0 la t\u00e9l\u00e9. Je peux comprendre mais c&rsquo;est vampirisant\u00a0\u00bb.<\/p>\n","protected":false},"excerpt":{"rendered":"Aurore Morisse est devenue un des piliers de la salle des ventes d&rsquo;Affaire conclue. Devenue tr\u00e8s populaire gr\u00e2ce&hellip;\n","protected":false},"author":2,"featured_media":600828,"comment_status":"","ping_status":"","sticky":false,"template":"","format":"standard","meta":{"footnotes":""},"categories":[1586],"tags":[11,9885,71340,244,1777,674,1779,1011,27,594,2173,12,25,32401,9886,1778,364],"class_list":{"0":"post-600827","1":"post","2":"type-post","3":"status-publish","4":"format-standard","5":"has-post-thumbnail","7":"category-europe","8":"tag-actualites","9":"tag-affaire-conclue","10":"tag-aurore-morisse","11":"tag-commentaire","12":"tag-eu","13":"tag-europe","14":"tag-european-union","15":"tag-fr","16":"tag-france","17":"tag-france-2","18":"tag-interview","19":"tag-news","20":"tag-republique-francaise","21":"tag-sophie-davant","22":"tag-tout-le-monde-a-quelque-chose-u00e0-vendre","23":"tag-ue","24":"tag-union-europeenne"},"share_on_mastodon":{"url":"https:\/\/pubeurope.com\/@fr\/115723771785039091","error":""},"_links":{"self":[{"href":"https:\/\/www.europesays.com\/fr\/wp-json\/wp\/v2\/posts\/600827","targetHints":{"allow":["GET"]}}],"collection":[{"href":"https:\/\/www.europesays.com\/fr\/wp-json\/wp\/v2\/posts"}],"about":[{"href":"https:\/\/www.europesays.com\/fr\/wp-json\/wp\/v2\/types\/post"}],"author":[{"embeddable":true,"href":"https:\/\/www.europesays.com\/fr\/wp-json\/wp\/v2\/users\/2"}],"replies":[{"embeddable":true,"href":"https:\/\/www.europesays.com\/fr\/wp-json\/wp\/v2\/comments?post=600827"}],"version-history":[{"count":0,"href":"https:\/\/www.europesays.com\/fr\/wp-json\/wp\/v2\/posts\/600827\/revisions"}],"wp:featuredmedia":[{"embeddable":true,"href":"https:\/\/www.europesays.com\/fr\/wp-json\/wp\/v2\/media\/600828"}],"wp:attachment":[{"href":"https:\/\/www.europesays.com\/fr\/wp-json\/wp\/v2\/media?parent=600827"}],"wp:term":[{"taxonomy":"category","embeddable":true,"href":"https:\/\/www.europesays.com\/fr\/wp-json\/wp\/v2\/categories?post=600827"},{"taxonomy":"post_tag","embeddable":true,"href":"https:\/\/www.europesays.com\/fr\/wp-json\/wp\/v2\/tags?post=600827"}],"curies":[{"name":"wp","href":"https:\/\/api.w.org\/{rel}","templated":true}]}}