{"id":600833,"date":"2025-12-15T13:19:23","date_gmt":"2025-12-15T13:19:23","guid":{"rendered":"https:\/\/www.europesays.com\/fr\/600833\/"},"modified":"2025-12-15T13:19:23","modified_gmt":"2025-12-15T13:19:23","slug":"ile-de-france-baisse-de-35-des-gaz-a-effet-de-serre-en-12-ans","status":"publish","type":"post","link":"https:\/\/www.europesays.com\/fr\/600833\/","title":{"rendered":"\u00cele-de-France : baisse de 35% des gaz \u00e0 effet de serre en 12 ans"},"content":{"rendered":"<p><img loading=\"lazy\" decoding=\"async\" alt=\"\u00a9 Shutterstock - En douze ans, la r\u00e9gion \u00cele-de-France enregistre une baisse marqu\u00e9e de ses \u00e9missions de gaz \u00e0 effet de serre et de particules fines, selon Airparif.\" data-zoom-src=\"https:\/\/www.europesays.com\/fr\/wp-content\/uploads\/2025\/12\/initial-voiture-polution-paris.jpg\" data-zoomable=\"\" height=\"702\" src=\"https:\/\/www.europesays.com\/fr\/wp-content\/uploads\/2025\/12\/initial-voiture-polution-paris.jpg\" width=\"1248\"\/>  <\/p>\n<p class=\"article-desc\">\u00a9 Shutterstock &#8211; En douze ans, la r\u00e9gion \u00cele-de-France enregistre une baisse marqu\u00e9e de ses \u00e9missions de gaz \u00e0 effet de serre et de particules fines, selon Airparif. <\/p>\n<p>Entre 2010 et 2022,<strong> l\u2019\u00cele-de-France<\/strong> r\u00e9duit de 35% ses<strong> \u00e9missions de gaz \u00e0 effet de serre<\/strong> (GES) et de 43% celles de particules fines PM2.5, particuli\u00e8rement nocives pour la sant\u00e9, annonce <a href=\"https:\/\/mesinfos.fr\/ile-de-france\/paris-sans-voiture-de-5-a-20-percent-de-pollution-en-moins-selon-airparif-183859.html\" rel=\"noopener\" target=\"_blank\">Airparif<\/a>. L\u2019association de<strong> surveillance de la qualit\u00e9 de l\u2019air<\/strong> y voit le signe d\u2019une transformation progressive mais encore incompl\u00e8te du <strong>mod\u00e8le \u00e9nerg\u00e9tique francilien<\/strong>. <\/p>\n<p>\u201cCes r\u00e9sultats t\u00e9moignent de l\u2019efficacit\u00e9 des politiques publiques engag\u00e9es\u201d aux \u00e9chelles locale, nationale et europ\u00e9enne, souligne Airparif dans un communiqu\u00e9, tout en estimant que \u201cces efforts doivent \u00eatre amplifi\u00e9s\u201d pour inscrire durablement ces b\u00e9n\u00e9fices dans le temps. <\/p>\n<p>Une baisse\u00a0port\u00e9e par le logement et les transports <\/p>\n<p>Dans le d\u00e9tail, les <strong>\u00e9missions directes et indirectes de GES <\/strong>diminuent de 35% entre 2010 et 2022, et m\u00eame de 39% par rapport \u00e0 2005. Cette \u00e9volution s\u2019explique par des reculs particuli\u00e8rement marqu\u00e9s dans plusieurs secteurs cl\u00e9s. <\/p>\n<p>Le <strong>secteur r\u00e9sidentiel <\/strong>affiche une baisse de 44%, tandis que le tertiaire recule de 38%. <a href=\"https:\/\/mesinfos.fr\/77550-moissy-cramayel\/recharge-electrique-pour-poids-lourds-une-future-station-pilote-a-moissy-cramayel-235809.html\" rel=\"noopener\" target=\"_blank\">Le transport routier<\/a>, longtemps point\u00e9 comme principal \u00e9metteur, enregistre de son c\u00f4t\u00e9 une diminution de 22%, malgr\u00e9 une mobilit\u00e9 toujours tr\u00e8s dense en <strong>r\u00e9gion parisienne<\/strong>. <\/p>\n<p><a href=\"https:\/\/mesinfos.fr\/ile-de-france\/pollution-en-ile-de-france-8-000-morts-evitables-chaque-annee-220265.html\" rel=\"noopener\" target=\"_blank\">Airparif<\/a> souligne que ces r\u00e9sultats s\u2019inscrivent dans un contexte de transition \u00e9nerg\u00e9tique, avec une<strong> consommation d\u2019\u00e9nergies fossiles<\/strong> en recul de 32% sur douze ans, m\u00eame si celles-ci demeurent majoritaires dans le mix \u00e9nerg\u00e9tique r\u00e9gional.<\/p>\n<p> Particules fines : un recul sanitaire majeur <\/p>\n<p>Sur le front de la <strong>pollution atmosph\u00e9rique<\/strong>, les<strong> \u00e9missions de particules fines<\/strong> PM2.5 chutent de 43% entre 2010 et 2022, et de 46% depuis 2005. Une \u00e9volution jug\u00e9e d\u00e9terminante pour la <strong>sant\u00e9 publique<\/strong>, l\u2019exposition \u00e0 ces particules \u00e9tant associ\u00e9e \u00e0 une augmentation des <strong>risques cardiovasculaires<\/strong>, respiratoires et \u00e0 des impacts sur la <strong>sant\u00e9 p\u00e9rinatale<\/strong>.<\/p>\n<p>Le transport routier enregistre la baisse la plus spectaculaire, avec un recul de 64% des \u00e9missions de PM2.5, \u201cgr\u00e2ce aux progr\u00e8s technologiques et \u00e0 la r\u00e9duction du trafic\u201d, pr\u00e9cise Airparif. Le secteur r\u00e9sidentiel suit avec une diminution de 45%, port\u00e9e par la r\u00e9novation \u00e9nerg\u00e9tique des b\u00e2timents et l\u2019am\u00e9lioration des <strong>syst\u00e8mes de chauffage<\/strong>. <\/p>\n<p>Des secteurs encore tr\u00e8s \u00e9metteurs de gaz \u00e0 effet de serre <\/p>\n<p>Malgr\u00e9 ces avanc\u00e9es, Airparif rappelle que le transport routier et le r\u00e9sidentiel restent les principaux contributeurs \u00e0 la<strong> pollution en \u00cele-de-France<\/strong>. En 2022, le premier repr\u00e9sente encore 33% des \u00e9missions de <a href=\"https:\/\/mesinfos.fr\/94000-creteil\/pollution-atmospherique-generali-france-soutient-l-imrb-et-sa-plateforme-pollurisk-231634.html\" rel=\"noopener\" target=\"_blank\">gaz \u00e0 effet de serre<\/a>, tandis que le second concentre 67% des \u00e9missions de particules fines PM2.5.<\/p>\n<p>Les plateformes a\u00e9roportuaires franciliennes contribuent quant \u00e0 elles \u00e0 14% des <strong>\u00e9missions de dioxyde de soufre<\/strong> et \u00e0 3% des \u00e9missions directes et indirectes de GES. <\/p>\n<p>L\u2019association note \u00e9galement une baisse tr\u00e8s significative d\u2019autres polluants sur la p\u00e9riode, avec un recul de 84% des \u00e9missions de <strong>dioxyde de soufre<\/strong>, de 48% des oxydes d\u2019azote, de 36% des compos\u00e9s organiques volatils non m\u00e9thaniques et de 15% de l\u2019<strong>ammoniac<\/strong>. <\/p>\n<p>Dix ans apr\u00e8s l\u2019Accord de Paris, un appel \u00e0 acc\u00e9l\u00e9rer <\/p>\n<p>Dix ans apr\u00e8s l\u2019adoption de l\u2019<strong>Accord de Paris sur le climat<\/strong>, le 12 d\u00e9cembre 2015, <strong>Airparif<\/strong> estime que la dynamique engag\u00e9e doit d\u00e9sormais changer d\u2019\u00e9chelle. L\u2019enjeu est double: consolider les b\u00e9n\u00e9fices sanitaires pour les Franciliens et contribuer davantage \u00e0 l\u2019att\u00e9nuation du changement climatique. <\/p>\n<p>\u201cIl est indispensable de poursuivre et d\u2019intensifier les actions\u201d, insiste l\u2019organisme, alors que la r\u00e9gion doit encore relever des d\u00e9fis majeurs en mati\u00e8re de mobilit\u00e9, de r\u00e9novation du b\u00e2ti et de sortie progressive des \u00e9nergies fossiles.<\/p>\n","protected":false},"excerpt":{"rendered":"\u00a9 Shutterstock &#8211; En douze ans, la r\u00e9gion \u00cele-de-France enregistre une baisse marqu\u00e9e de ses \u00e9missions de gaz&hellip;\n","protected":false},"author":2,"featured_media":600834,"comment_status":"","ping_status":"","sticky":false,"template":"","format":"standard","meta":{"footnotes":""},"categories":[4],"tags":[11,1011,27,12,5170,25],"class_list":{"0":"post-600833","1":"post","2":"type-post","3":"status-publish","4":"format-standard","5":"has-post-thumbnail","7":"category-france","8":"tag-actualites","9":"tag-fr","10":"tag-france","11":"tag-news","12":"tag-pollution-de-lair","13":"tag-republique-francaise"},"share_on_mastodon":{"url":"https:\/\/pubeurope.com\/@fr\/115723788413770256","error":""},"_links":{"self":[{"href":"https:\/\/www.europesays.com\/fr\/wp-json\/wp\/v2\/posts\/600833","targetHints":{"allow":["GET"]}}],"collection":[{"href":"https:\/\/www.europesays.com\/fr\/wp-json\/wp\/v2\/posts"}],"about":[{"href":"https:\/\/www.europesays.com\/fr\/wp-json\/wp\/v2\/types\/post"}],"author":[{"embeddable":true,"href":"https:\/\/www.europesays.com\/fr\/wp-json\/wp\/v2\/users\/2"}],"replies":[{"embeddable":true,"href":"https:\/\/www.europesays.com\/fr\/wp-json\/wp\/v2\/comments?post=600833"}],"version-history":[{"count":0,"href":"https:\/\/www.europesays.com\/fr\/wp-json\/wp\/v2\/posts\/600833\/revisions"}],"wp:featuredmedia":[{"embeddable":true,"href":"https:\/\/www.europesays.com\/fr\/wp-json\/wp\/v2\/media\/600834"}],"wp:attachment":[{"href":"https:\/\/www.europesays.com\/fr\/wp-json\/wp\/v2\/media?parent=600833"}],"wp:term":[{"taxonomy":"category","embeddable":true,"href":"https:\/\/www.europesays.com\/fr\/wp-json\/wp\/v2\/categories?post=600833"},{"taxonomy":"post_tag","embeddable":true,"href":"https:\/\/www.europesays.com\/fr\/wp-json\/wp\/v2\/tags?post=600833"}],"curies":[{"name":"wp","href":"https:\/\/api.w.org\/{rel}","templated":true}]}}