{"id":600837,"date":"2025-12-15T13:23:18","date_gmt":"2025-12-15T13:23:18","guid":{"rendered":"https:\/\/www.europesays.com\/fr\/600837\/"},"modified":"2025-12-15T13:23:18","modified_gmt":"2025-12-15T13:23:18","slug":"le-message-danniversaire-inedit-de-danielle-collins-a-ses-ex-tennistemple","status":"publish","type":"post","link":"https:\/\/www.europesays.com\/fr\/600837\/","title":{"rendered":"le message d\u2019anniversaire in\u00e9dit de Danielle Collins \u00e0 ses ex \u2022 TennisTemple"},"content":{"rendered":"\n<p>\u00c0 32 ans, Danielle Collins continue de faire parler d\u2019elle bien au-del\u00e0 des courts.<\/p>\n<p>  <img decoding=\"async\" src=\"https:\/\/www.europesays.com\/fr\/wp-content\/uploads\/2025\/12\/1765788249698.webp.webp\" fetchpriority=\"high\" alt=\"\u00ab Je remercie mon th\u00e9rapeute \u00bb : le message d\u2019anniversaire in\u00e9dit de Danielle Collins \u00e0 ses ex\"\/>  <\/p>\n<p>\u00a9 AFP<\/p>\n<p>   <img decoding=\"async\" src=\"https:\/\/www.europesays.com\/fr\/wp-content\/uploads\/2025\/11\/1759296022591.webp\" alt=\"Arthur Millot\" class=\"author-photo-main\"\/>   <\/p>\n<p> 2 min de lecture<\/p>\n<p>Danielle Collins n\u2019a pas simplement souffl\u00e9 ses 32 bougies. Fid\u00e8le \u00e0 son temp\u00e9rament explosif et sans filtre, l\u2019Am\u00e9ricaine a profit\u00e9 de son anniversaire pour adresser un message ironique \u00e0 ses ex.<\/p>\n<p>Une saison compliqu\u00e9e\u2026 mais une personnalit\u00e9 toujours atypique  <\/p>\n<p>Danielle Collins traverse une p\u00e9riode contrast\u00e9e. \u00c0 32 ans, l\u2019Am\u00e9ricaine n\u2019a pas v\u00e9cu une saison \u00e0 la hauteur de ses ambitions.<\/p>\n<p>\u00c9limin\u00e9e d\u00e8s son entr\u00e9e en lice \u00e0 l\u2019US Open par Jaqueline Cristian (6-2, 6-0), elle a d\u00fb mettre un terme pr\u00e9matur\u00e9 \u00e0 son ann\u00e9e 2025.<\/p>\n<p>Mais ce n&rsquo;est pas tout, puisque la joueuse avait surpris les fans lorsqu\u2019une annonce publi\u00e9e sur un site de rencontre avait \u00e9t\u00e9 relay\u00e9e :<\/p>\n<p>\u00ab Je suis actuellement joueuse de tennis professionnelle, mais j\u2019aspire \u00e0 devenir une \u00e9pouse traditionnelle. Si tu mens sur ta taille, laisse-moi tranquille. C\u2019est une zone interdite aux petits. \u00bb<\/p>\n<p>Nouvelle romance et confidences in\u00e9dites<\/p>\n<p>Cependant, invit\u00e9e du podcast Nothing Major, anim\u00e9 par John Isner, Sam Querrey, Steve Johnson et Jack Sock, Danielle Collins a fait une r\u00e9v\u00e9lation : elle n\u2019est plus c\u00e9libataire.<\/p>\n<p>\u00ab Je fr\u00e9quente quelqu\u2019un. Nous sommes d\u00e9j\u00e0 sortis ensemble huit ou neuf fois, et tout est all\u00e9 tr\u00e8s vite. Il ne conna\u00eet rien au tennis, il a les yeux bleus et travaille dans la finance. Il vient de cr\u00e9er sa propre entreprise. \u00bb<\/p>\n<p>Avant d\u2019ajouter, fid\u00e8le \u00e0 elle-m\u00eame :<\/p>\n<p>\u00ab Je suis une femme forte, je ne suis pas pour tout le monde. J\u2019ai beaucoup de personnalit\u00e9 et je peux \u00eatre un peu explosive\u2026 comme beaucoup l\u2019ont remarqu\u00e9 sur le terrain. \u00bb<\/p>\n<p>Le message d\u2019anniversaire aux airs de r\u00e8glement de comptes<\/p>\n<p>Enfin, le jour de ses 32 ans, Danielle Collins a offert \u00e0 ses abonn\u00e9s une story Instagram m\u00e9morable :<\/p>\n<p>\u00ab Je voudrais remercier mon th\u00e9rapeute et tous les hommes gays de m\u2019avoir aid\u00e9e \u00e0 atteindre 32 ans. \u00bb<\/p>\n<p>Une phrase cinglante et dr\u00f4le, qui r\u00e9sume bien la personnalit\u00e9 sans filtre de l\u2019Am\u00e9ricaine.<\/p>\n<p> Derni\u00e8re modification le 15\/12\/2025 \u00e0 08h52 <\/p>\n","protected":false},"excerpt":{"rendered":"\u00c0 32 ans, Danielle Collins continue de faire parler d\u2019elle bien au-del\u00e0 des courts. \u00a9 AFP 2 min&hellip;\n","protected":false},"author":2,"featured_media":600838,"comment_status":"","ping_status":"","sticky":false,"template":"","format":"standard","meta":{"footnotes":""},"categories":[1415],"tags":[1011,27,60,1467],"class_list":{"0":"post-600837","1":"post","2":"type-post","3":"status-publish","4":"format-standard","5":"has-post-thumbnail","7":"category-tennis","8":"tag-fr","9":"tag-france","10":"tag-sports","11":"tag-tennis"},"share_on_mastodon":{"url":"https:\/\/pubeurope.com\/@fr\/115723804588843461","error":""},"_links":{"self":[{"href":"https:\/\/www.europesays.com\/fr\/wp-json\/wp\/v2\/posts\/600837","targetHints":{"allow":["GET"]}}],"collection":[{"href":"https:\/\/www.europesays.com\/fr\/wp-json\/wp\/v2\/posts"}],"about":[{"href":"https:\/\/www.europesays.com\/fr\/wp-json\/wp\/v2\/types\/post"}],"author":[{"embeddable":true,"href":"https:\/\/www.europesays.com\/fr\/wp-json\/wp\/v2\/users\/2"}],"replies":[{"embeddable":true,"href":"https:\/\/www.europesays.com\/fr\/wp-json\/wp\/v2\/comments?post=600837"}],"version-history":[{"count":0,"href":"https:\/\/www.europesays.com\/fr\/wp-json\/wp\/v2\/posts\/600837\/revisions"}],"wp:featuredmedia":[{"embeddable":true,"href":"https:\/\/www.europesays.com\/fr\/wp-json\/wp\/v2\/media\/600838"}],"wp:attachment":[{"href":"https:\/\/www.europesays.com\/fr\/wp-json\/wp\/v2\/media?parent=600837"}],"wp:term":[{"taxonomy":"category","embeddable":true,"href":"https:\/\/www.europesays.com\/fr\/wp-json\/wp\/v2\/categories?post=600837"},{"taxonomy":"post_tag","embeddable":true,"href":"https:\/\/www.europesays.com\/fr\/wp-json\/wp\/v2\/tags?post=600837"}],"curies":[{"name":"wp","href":"https:\/\/api.w.org\/{rel}","templated":true}]}}