{"id":600839,"date":"2025-12-15T13:27:14","date_gmt":"2025-12-15T13:27:14","guid":{"rendered":"https:\/\/www.europesays.com\/fr\/600839\/"},"modified":"2025-12-15T13:27:14","modified_gmt":"2025-12-15T13:27:14","slug":"cc-anvers-les-elites-francais-engages-actualite","status":"publish","type":"post","link":"https:\/\/www.europesays.com\/fr\/600839\/","title":{"rendered":"CC &#8211; Anvers : Les \u00c9lites fran\u00e7ais engag\u00e9s &#8211; Actualit\u00e9"},"content":{"rendered":"<p style=\"text-align: justify;\">La cinqui\u00e8me manche de la Coupe du Monde de cyclo-cross 2025-2026 aura lieu ce samedi 20 d\u00e9cembre \u00e0 Anvers, en Belgique. Seules les courses \u00c9lites, Femmes et Hommes, sont au programme. Voici la liste des Fran\u00e7ais engag\u00e9s.<\/p>\n<p style=\"text-align: justify;\"><strong>Les \u00c9lites fran\u00e7ais engag\u00e9s :<\/strong><br \/><strong>Femmes<\/strong><br \/><a class=\"rider-link mention\" href=\"https:\/\/www.directvelo.com\/coureur\/18316\/helene-clauzel\" rel=\"external noopener\" data-rider=\"18316\" target=\"_blank\">H\u00e9l\u00e8ne CLAUZEL<\/a>\u00a0<br \/><a class=\"rider-link mention\" href=\"https:\/\/www.directvelo.com\/coureur\/18310\/perrine-clauzel\" rel=\"external noopener\" data-rider=\"18310\" target=\"_blank\">Perrine CLAUZEL<\/a>\u00a0(Sebmotobikes CX Team)<br \/><a class=\"rider-link mention\" href=\"https:\/\/www.directvelo.com\/coureur\/25212\/amandine-fouquenet\" rel=\"external noopener\" data-rider=\"25212\" target=\"_blank\">Amandine FOUQUENET<\/a>\u00a0(Ark\u00e9a-B&amp;B H\u00f4tels)\u00a0<br \/><a class=\"rider-link mention\" href=\"https:\/\/www.directvelo.com\/coureur\/36918\/electa-gallezot\" rel=\"external noopener\" data-rider=\"36918\" target=\"_blank\">Electa GALLEZOT<\/a>\u00a0(Sebmotobikes CX Team)<br \/><a class=\"rider-link mention\" href=\"https:\/\/www.directvelo.com\/coureur\/36873\/celia-gery\" rel=\"external noopener\" data-rider=\"36873\" target=\"_blank\">C\u00e9lia GERY<\/a>\u00a0(AS Bike Racing-France Literie) &#8211; notre photo\u00a0<br \/><a class=\"rider-link mention\" href=\"https:\/\/www.directvelo.com\/coureur\/43366\/amandine-muller\" rel=\"external noopener\" data-rider=\"43366\" target=\"_blank\">Amandine MULLER<\/a>\u00a0(AS Bike Racing-France Literie)<br \/><a class=\"rider-link mention\" href=\"https:\/\/www.directvelo.com\/coureur\/36912\/alexandra-valade\" rel=\"external noopener\" data-rider=\"36912\" target=\"_blank\">Alexandra VALADE<\/a> (VCESQY Team Voussert)<\/p>\n<p>Rempla\u00e7antes<br \/><a class=\"rider-link mention\" href=\"https:\/\/www.directvelo.com\/coureur\/30708\/lauriane-duraffourg\" rel=\"external noopener\" data-rider=\"30708\" target=\"_blank\">Lauriane DURAFFOURG<\/a>\u00a0(VC Ornans)<br \/><a class=\"rider-link mention\" href=\"https:\/\/www.directvelo.com\/coureur\/30222\/noemie-garnier\" rel=\"external noopener\" data-rider=\"30222\" target=\"_blank\">No\u00e9mie GARNIER<\/a>\u00a0(Team Guevel Roadborn)<\/p>\n<p><strong>Hommes<\/strong><br \/><a class=\"rider-link mention\" href=\"https:\/\/www.directvelo.com\/coureur\/37495\/nathan-bommenel\" rel=\"external noopener\" data-rider=\"37495\" target=\"_blank\">Nathan BOMMENEL<\/a>\u00a0\u00a0(ACT Cycling)<br \/><a class=\"rider-link mention\" href=\"https:\/\/www.directvelo.com\/coureur\/37795\/nathan-dos-reis-graca\" rel=\"external noopener\" data-rider=\"37795\" target=\"_blank\">Nathan DOS REIS GRACA<\/a>\u00a0(Montlu\u00e7on Cyclisme) <br \/><a class=\"rider-link mention\" href=\"https:\/\/www.directvelo.com\/coureur\/30796\/martin-groslambert\" rel=\"external noopener\" data-rider=\"30796\" target=\"_blank\">Martin GROSLAMBERT<\/a>\u00a0(Sebmotobikes CX Team)<br \/><a class=\"rider-link mention\" href=\"https:\/\/www.directvelo.com\/coureur\/36855\/mateo-jot\" rel=\"external noopener\" data-rider=\"36855\" target=\"_blank\">Mat\u00e9o JOT<\/a>\u00a0(Team CX TPM)<br \/><a class=\"rider-link mention\" href=\"https:\/\/www.directvelo.com\/coureur\/30794\/remi-lelandais\" rel=\"external noopener\" data-rider=\"30794\" target=\"_blank\">R\u00e9mi LELANDAIS<\/a>\u00a0(Ark\u00e9a-B&amp;B H\u00f4tels Continentale)<\/p>\n<p>Rempla\u00e7ant<br \/><a class=\"rider-link mention\" href=\"https:\/\/www.directvelo.com\/coureur\/14650\/quentin-navarro\" rel=\"external noopener\" data-rider=\"14650\" target=\"_blank\">Quentin NAVARRO<\/a>\u00a0(Montlu\u00e7on Cyclisme)<\/p>\n","protected":false},"excerpt":{"rendered":"La cinqui\u00e8me manche de la Coupe du Monde de cyclo-cross 2025-2026 aura lieu ce samedi 20 d\u00e9cembre \u00e0&hellip;\n","protected":false},"author":2,"featured_media":600840,"comment_status":"","ping_status":"","sticky":false,"template":"","format":"standard","meta":{"footnotes":""},"categories":[1411],"tags":[834,828,836,829,837,827,83,826,824,823,1154,207,814,817,815,816,822,821,832,211,839,1011,27,820,818,819,835,831,830,833,838,60,212,208,825],"class_list":{"0":"post-600839","1":"post","2":"type-post","3":"status-publish","4":"format-standard","5":"has-post-thumbnail","7":"category-cyclisme","8":"tag-attaque","9":"tag-belgique","10":"tag-braquet","11":"tag-bretagne","12":"tag-chute","13":"tag-competition","14":"tag-coupe-de-france","15":"tag-coureur","16":"tag-course-cyclisme","17":"tag-course-cycliste","18":"tag-cycling","19":"tag-cyclisme","20":"tag-direct","21":"tag-direct-velo","22":"tag-directvelo","23":"tag-directvelo-com","24":"tag-epreuve","25":"tag-epreuve-cycliste","26":"tag-federation-francaise-de-cyclisme","27":"tag-ffc","28":"tag-flandres","29":"tag-fr","30":"tag-france","31":"tag-live","32":"tag-live-course","33":"tag-live-epreuve","34":"tag-peloton","35":"tag-radio-peloton","36":"tag-radio-tour","37":"tag-ravitaillement","38":"tag-relance","39":"tag-sports","40":"tag-uci","41":"tag-velo","42":"tag-velos"},"share_on_mastodon":{"url":"https:\/\/pubeurope.com\/@fr\/115723819078775650","error":""},"_links":{"self":[{"href":"https:\/\/www.europesays.com\/fr\/wp-json\/wp\/v2\/posts\/600839","targetHints":{"allow":["GET"]}}],"collection":[{"href":"https:\/\/www.europesays.com\/fr\/wp-json\/wp\/v2\/posts"}],"about":[{"href":"https:\/\/www.europesays.com\/fr\/wp-json\/wp\/v2\/types\/post"}],"author":[{"embeddable":true,"href":"https:\/\/www.europesays.com\/fr\/wp-json\/wp\/v2\/users\/2"}],"replies":[{"embeddable":true,"href":"https:\/\/www.europesays.com\/fr\/wp-json\/wp\/v2\/comments?post=600839"}],"version-history":[{"count":0,"href":"https:\/\/www.europesays.com\/fr\/wp-json\/wp\/v2\/posts\/600839\/revisions"}],"wp:featuredmedia":[{"embeddable":true,"href":"https:\/\/www.europesays.com\/fr\/wp-json\/wp\/v2\/media\/600840"}],"wp:attachment":[{"href":"https:\/\/www.europesays.com\/fr\/wp-json\/wp\/v2\/media?parent=600839"}],"wp:term":[{"taxonomy":"category","embeddable":true,"href":"https:\/\/www.europesays.com\/fr\/wp-json\/wp\/v2\/categories?post=600839"},{"taxonomy":"post_tag","embeddable":true,"href":"https:\/\/www.europesays.com\/fr\/wp-json\/wp\/v2\/tags?post=600839"}],"curies":[{"name":"wp","href":"https:\/\/api.w.org\/{rel}","templated":true}]}}