{"id":600851,"date":"2025-12-15T13:37:16","date_gmt":"2025-12-15T13:37:16","guid":{"rendered":"https:\/\/www.europesays.com\/fr\/600851\/"},"modified":"2025-12-15T13:37:16","modified_gmt":"2025-12-15T13:37:16","slug":"note-179-20-ces-noix-de-saint-jacques-feront-sensation-a-noel-et-sont-les-meilleures-selon-60-millions-de-consommateurs","status":"publish","type":"post","link":"https:\/\/www.europesays.com\/fr\/600851\/","title":{"rendered":"Not\u00e9 17,9\/20, ces noix de Saint-Jacques feront sensation \u00e0 No\u00ebl et sont les meilleures selon 60 Millions de Consommateurs"},"content":{"rendered":"<p itemprop=\"description\">Pour No\u00ebl, on mise souvent sur des<br \/>\nclassiques\u2026 mais certaines Saint-Jacques valent vraiment le<br \/>\nd\u00e9tour.<\/p>\n<p data-start=\"276\" data-end=\"804\">Quand il s\u2019agit de choisir des<br \/>\nproduits de la mer pour les f\u00eates, on aime savoir que l\u00a0\u00bbon met la<br \/>\nmain sur le meilleur. Et cette ann\u00e9e, le verdict est tomb\u00e9 :<br \/>\n<strong data-start=\"443\" data-end=\"475\">60 Millions de<br \/>\nConsommateurs<\/strong> a pass\u00e9 au crible plusieurs marques de<br \/>\n<strong>noix de Saint-Jacques surgel\u00e9es<\/strong>, et le podium est<br \/>\nsans appel. Les <strong data-start=\"581\" data-end=\"630\">Saint-Jacques de Normandie<\/strong> de la marque<br \/>\n<strong data-start=\"581\" data-end=\"630\">Mar\u00e8s<\/strong> ont d\u00e9croch\u00e9<br \/>\nla note impressionnante de <strong data-start=\"671\" data-end=\"682\">17,9\/20<\/strong>, ex aequo en t\u00eate du classement. Autant dire<br \/>\nque ces petites merveilles risquent de devenir la star des tables<br \/>\nde <a href=\"https:\/\/www.bibamagazine.fr\/lifestyle\/vie-quotidienne\/noel-je-suis-journaliste-lifestyle-et-voici-les-idees-cadeaux-economiques-que-chat-gpt-ne-vous-donnera-jamais-496626.html\" target=\"_blank\" rel=\"noopener\">No\u00ebl.<\/a><\/p>\n<p>Une p\u00e9pite normande \u00e0<br \/>\nd\u00e9couvrir<\/p>\n<p data-start=\"246\" data-end=\"537\">Ces <strong>noix de<br \/>\nSaint-Jacques<\/strong> ont beau \u00eatre belles sur le paquet, elles ne<br \/>\nse r\u00e9sument pas \u00e0 leur apparence. Elles viennent de l\u2019esp\u00e8ce<br \/>\n<strong data-start=\"378\" data-end=\"396\">Pecten maximus<\/strong>, la<br \/>\nvraie <strong>Saint-Jacques de Normandie<\/strong>, avec une chair<br \/>\nferme et l\u00e9g\u00e8rement sucr\u00e9e, exactement ce que l&rsquo;on attend pour un<br \/>\nrepas de f\u00eates r\u00e9ussi.<\/p>\n<p data-start=\"246\" data-end=\"537\">Le label <strong data-start=\"548\" data-end=\"579\">\u00ab\u00a0prot\u00e9geons nos ressources\u00a0\u00bb<\/strong> est un<br \/>\nvrai gage de tranquillit\u00e9 d\u2019esprit : la p\u00eache est respectueuse de<br \/>\nl\u2019environnement, pas de surp\u00eache ni de fonds marins ab\u00eem\u00e9s, et les<br \/>\npopulations ont le temps de se renouveler. On peut donc se faire<br \/>\nplaisir sans se sentir coupable, et savourer un produit de<br \/>\nqualit\u00e9.<\/p>\n<p data-start=\"856\" data-end=\"1166\">Ces <strong>noix<\/strong> sont<br \/>\n<strong>surgel\u00e9es<\/strong>, mais elles gardent une texture proche<br \/>\ndu frais, pratique pour ne pas courir chez le poissonnier \u00e0 la<br \/>\nderni\u00e8re minute. Le paquet de <strong data-start=\"1012\" data-end=\"1027\">250 grammes<\/strong> co\u00fbte environ <strong data-start=\"1042\" data-end=\"1057\">15,55 euros<\/strong> et se trouve dans les<br \/>\n<strong data-start=\"1080\" data-end=\"1094\">magasins U<\/strong>, ce<br \/>\nqui les rend faciles \u00e0 glisser dans le panier sans prise de<br \/>\nt\u00eate.<\/p>\n<p data-start=\"856\" data-end=\"1166\"><img loading=\"lazy\" decoding=\"async\" itemprop=\"thumbnailUrl\" class=\"size-full wp-image-497282 img-responsive aligncenter pinit-here\" src=\"https:\/\/www.europesays.com\/fr\/wp-content\/uploads\/2025\/12\/3760282770578-noix-de-st-jacques-de-normandie-250g.png\" alt=\"\" width=\"400\" height=\"300\" data-pin-media=\"https:\/\/www.europesays.com\/fr\/wp-content\/uploads\/2025\/12\/3760282770578-noix-de-st-jacques-de-normandie-250g.png\"\/><br \/>\n\u00a9<br \/>\nMar\u00e8s<\/p>\n<p data-start=\"1168\" data-end=\"1444\">Et puis, entre nous, c\u2019est ce<br \/>\ngenre de d\u00e9tail qui rend No\u00ebl plus simple : ouvrir le paquet,<br \/>\nadmirer les <strong>Saint-Jacques<\/strong>, et se dire que la<br \/>\nmoiti\u00e9 du <a href=\"https:\/\/www.bibamagazine.fr\/beaute\/actu-beaute\/fini-le-stress-des-fetes-ces-5-coffrets-de-noel-a-moins-de-40e-vont-vous-eviter-la-course-de-derniere-minute-496776.html\" target=\"_blank\" rel=\"noopener\">stress<\/a> du repas est d\u00e9j\u00e0<br \/>\nenvol\u00e9e. Quelques petites merveilles comme cela, et l\u2019ambiance \u00e0<br \/>\ntable devient tout de suite plus douce.<\/p>\n<p>Les<br \/>\nbienfaits qui font du bien<\/p>\n<p data-start=\"239\" data-end=\"750\">Au-del\u00e0 de leur go\u00fbt, les<br \/>\n<strong>noix de Saint-Jacques<\/strong> sont de vrais alli\u00e9s pour la<br \/>\nsant\u00e9. Elles sont particuli\u00e8rement <strong>riches en<\/strong><br \/>\n<strong data-start=\"361\" data-end=\"374\">prot\u00e9ines<\/strong>, ce qui<br \/>\naide \u00e0 <strong>se sentir rassasi\u00e9 sans alourdir l\u2019estomac<\/strong><br \/>\n\u2014 parfait pour profiter d\u2019un repas de f\u00eate sans cette sensation de<br \/>\nlourdeur que l&rsquo;on redoute un peu tous. Elles apportent \u00e9galement<br \/>\nune belle dose de <strong data-start=\"580\" data-end=\"610\">min\u00e9raux<br \/>\net oligo-\u00e9l\u00e9ments<\/strong>, comme le <strong data-start=\"621\" data-end=\"629\">zinc<\/strong> et le <strong data-start=\"636\" data-end=\"648\">s\u00e9l\u00e9nium<\/strong>, essentiels pour <strong>soutenir<br \/>\nle syst\u00e8me immunitaire<\/strong> et <strong>aider le corps \u00e0 se<br \/>\nd\u00e9fendre<\/strong>, surtout en hiver.<\/p>\n<p data-start=\"752\" data-end=\"1230\">On y trouve aussi des<br \/>\n<strong data-start=\"774\" data-end=\"799\">acides gras<br \/>\ninsatur\u00e9s<\/strong>, bons pour le c\u0153ur et le cholest\u00e9rol, tout en<br \/>\nrestant relativement faibles en calories. Bref, c\u2019est un petit<br \/>\nplaisir qui fait du bien sans se culpabiliser. Et pour ne rien<br \/>\ng\u00e2cher, elles sont riches en <strong data-start=\"1001\" data-end=\"1024\">vitamines B12 et B6<\/strong>, qui jouent un r\u00f4le dans la<br \/>\n<strong>production d\u2019\u00e9nergie<\/strong> et le <strong>bon<br \/>\nfonctionnement du cerveau<\/strong> \u2014 id\u00e9al quand on a besoin de<br \/>\nrester alerte pour survivre aux repas de famille un peu longs ou<br \/>\naux pr\u00e9paratifs de No\u00ebl.<\/p>\n<p data-start=\"1232\" data-end=\"1495\">En clair, on se r\u00e9gale tout en<br \/>\nprenant soin de soi, et cela fait du bien \u00e0 la fois au palais et au<br \/>\ncorps. Pour les f\u00eates, o\u00f9 on a tendance \u00e0 se l\u00e2cher un peu, c\u2019est<br \/>\nrassurant de savoir que l&rsquo;on peut ajouter un produit qui combine<br \/>\n<strong>plaisir<\/strong> et <strong>petit coup de pouce<br \/>\nsant\u00e9.<\/strong><\/p>\n","protected":false},"excerpt":{"rendered":"Pour No\u00ebl, on mise souvent sur des classiques\u2026 mais certaines Saint-Jacques valent vraiment le d\u00e9tour. Quand il s\u2019agit&hellip;\n","protected":false},"author":2,"featured_media":600852,"comment_status":"","ping_status":"","sticky":false,"template":"","format":"standard","meta":{"footnotes":""},"categories":[10],"tags":[14479,4307,4934,13041,9122,6409,1805,12219,71341,1011,27,72,19023,151,15799,4657,15830,24341,377,3213,71,15298,30683,3333],"class_list":{"0":"post-600851","1":"post","2":"type-post","3":"status-publish","4":"format-standard","5":"has-post-thumbnail","7":"category-sante","8":"tag-14479","9":"tag-4307","10":"tag-4934","11":"tag-a","12":"tag-ces","13":"tag-consommateurs","14":"tag-de","15":"tag-et","16":"tag-feront","17":"tag-fr","18":"tag-france","19":"tag-health","20":"tag-jacques","21":"tag-les","22":"tag-meilleures","23":"tag-millions","24":"tag-noel","25":"tag-noix","26":"tag-note","27":"tag-saint","28":"tag-sante","29":"tag-selon","30":"tag-sensation","31":"tag-sont"},"share_on_mastodon":{"url":"https:\/\/pubeurope.com\/@fr\/115723859063094340","error":""},"_links":{"self":[{"href":"https:\/\/www.europesays.com\/fr\/wp-json\/wp\/v2\/posts\/600851","targetHints":{"allow":["GET"]}}],"collection":[{"href":"https:\/\/www.europesays.com\/fr\/wp-json\/wp\/v2\/posts"}],"about":[{"href":"https:\/\/www.europesays.com\/fr\/wp-json\/wp\/v2\/types\/post"}],"author":[{"embeddable":true,"href":"https:\/\/www.europesays.com\/fr\/wp-json\/wp\/v2\/users\/2"}],"replies":[{"embeddable":true,"href":"https:\/\/www.europesays.com\/fr\/wp-json\/wp\/v2\/comments?post=600851"}],"version-history":[{"count":0,"href":"https:\/\/www.europesays.com\/fr\/wp-json\/wp\/v2\/posts\/600851\/revisions"}],"wp:featuredmedia":[{"embeddable":true,"href":"https:\/\/www.europesays.com\/fr\/wp-json\/wp\/v2\/media\/600852"}],"wp:attachment":[{"href":"https:\/\/www.europesays.com\/fr\/wp-json\/wp\/v2\/media?parent=600851"}],"wp:term":[{"taxonomy":"category","embeddable":true,"href":"https:\/\/www.europesays.com\/fr\/wp-json\/wp\/v2\/categories?post=600851"},{"taxonomy":"post_tag","embeddable":true,"href":"https:\/\/www.europesays.com\/fr\/wp-json\/wp\/v2\/tags?post=600851"}],"curies":[{"name":"wp","href":"https:\/\/api.w.org\/{rel}","templated":true}]}}