{"id":600859,"date":"2025-12-15T13:41:15","date_gmt":"2025-12-15T13:41:15","guid":{"rendered":"https:\/\/www.europesays.com\/fr\/600859\/"},"modified":"2025-12-15T13:41:15","modified_gmt":"2025-12-15T13:41:15","slug":"leurope-boursiere-au-rebond-avant-la-bce-boursorama","status":"publish","type":"post","link":"https:\/\/www.europesays.com\/fr\/600859\/","title":{"rendered":"L&#039;Europe boursi\u00e8re au rebond avant la BCE &#8211; Boursorama"},"content":{"rendered":"<ol>\n<li><a href=\"https:\/\/news.google.com\/rss\/articles\/CBMiuwFBVV95cUxNR3lVZmJVaEt0dERDWEtWS01oejE0bFN3YWxEeUtDdXB5M3RiYWNWVlRlVkEtemVubzZLbHZUczYwVHJRakxmU1dTV2NRMzJGbVplVmVKanBobm5JV2RoV2VjcGRxbmM3RVFxNmlKbm5hZjI5MzRBN202WS14cWxIMHY5WnFwNU5VckFHTTBkaHoxUm13TDhvM0UzdGlVSmZYaW5wbkp4R3pJTjZhNC1hcW9QNVJsWHBBbkxV0gHAAUFVX3lxTE9TRTFtOFRqN3piLUZZNExkSUFTd3A3MkJvUnR3V2RWWFFodHpKeVpFMUFsNk9yd3oxY1MxSW9EbExhSTVjd1Vzcl9TREh1M0swWjZLMDgzYVNoaUJuaVFjZ0NaUUg0ZVF0REx3ZUtXSnBoSkRoRmlwcV9vbk1iNWhGMGZBMzlYbGpzUVljUU5pU01sczJva1R2SElfTUNkdzBHSVhMRThuX2FOUFJ4RXk0TzhhdnluLWxVNDhHZU94Tg?oc=5\" target=\"_blank\" rel=\"noopener\">L&rsquo;Europe boursi\u00e8re au rebond avant la BCE<\/a>&nbsp;&nbsp;Boursorama<\/li>\n<li><a href=\"https:\/\/news.google.com\/rss\/articles\/CBMitAFBVV95cUxPN1JVYktrY3JySUNsb0FqWkVoYXZxX1hIVmM1YVVRMUNMREJ1YUo5R3F2QXhMTW1uZW9LbjNOWVNhRGlTWmVZbmFjVEFvN0JibFh4aDF0OU02TGdQNnA5T3JDc0VrQ3JmcjBuSm1fZEpFaHlDRWZUcld5aVkyeXhsNDIyZGlMajRWWnNDUWczSDBEY2xjc285ZUI3dXZXeW41ZHRfNTlyN1VRT0s0Vk1HVlpMc3Q?oc=5\" target=\"_blank\" rel=\"noopener\">Le Mib en hausse avec les europ\u00e9ennes, tir\u00e9 par le luxe<\/a>&nbsp;&nbsp;Zonebourse Suisse<\/li>\n<li><a href=\"https:\/\/news.google.com\/rss\/articles\/CBMi0wFBVV95cUxNSW1weHVMRk0wVUhBVXpZU2dOeV9vQm1zZWxxYXVqS2dGUWRmWDMxeGhycXMwYXpBWGY2cjNhOU9rUll4U2JkTk1IZmRlLVpqVUNPX0VrekxQdkM2bGhGOXRYUXMzaWNlcXlsLUhHWmFuSlRkcVRvQ3daeWxNdjhJMmRhSlE1SlprdTBnS1pJX21JR3JNTC1yZDBfSno1ZWNYWk9CazZucFJYdVlxTnVSX0prWFFwOUwwNlhVTEdwTDJ0SjNmbEY5MVUwaGlQaDhBc0tn?oc=5\" target=\"_blank\" rel=\"noopener\">L&rsquo;Europe boursi\u00e8re attendue en l\u00e9g\u00e8re hausse, les banques centrales dans le viseur<\/a>&nbsp;&nbsp;Boursier.com<\/li>\n<li><a href=\"https:\/\/news.google.com\/rss\/articles\/CBMinAFBVV95cUxNVmU4RVo2cUlfQVVXSXV5b3FaQjNDZ3ZaRk41MEVBOWttWTFCd2VpRmRsT1pFMGhadnJ0bkdqNXBOZC1wa1FXdXQxSEE2b2tiYXhzeEtRNFVZMk8wdVZabXBiajZpN2EtbHYtY0JBX29BcmtqdkRyNTRZcjY2dU4weWJpZ2dUZHJ5Sm9GdzUwaUNPcFM2SzVseDNQZy0?oc=5\" target=\"_blank\" rel=\"noopener\">Les actions europ\u00e9ennes en l\u00e9g\u00e8re hausse<\/a>&nbsp;&nbsp;Investing.com France<\/li>\n<li><a href=\"https:\/\/news.google.com\/rss\/articles\/CBMimAFBVV95cUxPWHVBMVZ1aExoZmJQQUY1LUNXMUxvNVJiaDVkNlZRLWx5YjhtWUd4UEQ3QW1HWjlmVkNSV1J2NmFTcHVOY3JQVHJrUy1Tc1VPdFdreEdjQ05DbGxmNzhZanNZOXExVktQUGc5Y2ZxeUNzUWRsc3NGMzY1d0FEaDUzbXpRaHNoVzFZVkQ5Slllbkp1QXp4T29JRdIBngFBVV95cUxQT0kxWUtiU2dkdXlzQ3pwZHN4RjFON0E4RDJFYVg3ZmlMU0RIcXVqWXpLbGdoS3k1aERFTnVQcnFudE9VTXZXbm9BQjByQTF1WlRtakZFd0dZazJjQkk5THZoVW5BUThxWGkwWWVBOFF4M2NBMl85bmhIQ0EyUmVhbDN5OUV5ek8xWjhNSjFBSnl2b1dEQ2k4b24wdDZSUQ?oc=5\" target=\"_blank\" rel=\"noopener\">Hausse en vue en Europe ; la BCE en ligne de mire&#8230;<\/a>&nbsp;&nbsp;Fortuneo<\/li>\n<\/ol>\n","protected":false},"excerpt":{"rendered":"L&rsquo;Europe boursi\u00e8re au rebond avant la BCE&nbsp;&nbsp;Boursorama Le Mib en hausse avec les europ\u00e9ennes, tir\u00e9 par le luxe&nbsp;&nbsp;Zonebourse&hellip;\n","protected":false},"author":2,"featured_media":15273,"comment_status":"","ping_status":"","sticky":false,"template":"","format":"standard","meta":{"footnotes":""},"categories":[6],"tags":[400,398,408,35,405,33,34,1011,27,403,402,399,404,401,406,407],"class_list":{"0":"post-600859","1":"post","2":"type-post","3":"status-publish","4":"format-standard","5":"has-post-thumbnail","7":"category-economie","8":"tag-action-cac-40","9":"tag-bourse-de-paris","10":"tag-boursorama","11":"tag-business","12":"tag-cotations","13":"tag-economie","14":"tag-economy","15":"tag-fr","16":"tag-france","17":"tag-indices-devises","18":"tag-investir","19":"tag-investissement","20":"tag-marche-boursier","21":"tag-sicav","22":"tag-trackers","23":"tag-warrants"},"share_on_mastodon":{"url":"https:\/\/pubeurope.com\/@fr\/115723874146603436","error":""},"_links":{"self":[{"href":"https:\/\/www.europesays.com\/fr\/wp-json\/wp\/v2\/posts\/600859","targetHints":{"allow":["GET"]}}],"collection":[{"href":"https:\/\/www.europesays.com\/fr\/wp-json\/wp\/v2\/posts"}],"about":[{"href":"https:\/\/www.europesays.com\/fr\/wp-json\/wp\/v2\/types\/post"}],"author":[{"embeddable":true,"href":"https:\/\/www.europesays.com\/fr\/wp-json\/wp\/v2\/users\/2"}],"replies":[{"embeddable":true,"href":"https:\/\/www.europesays.com\/fr\/wp-json\/wp\/v2\/comments?post=600859"}],"version-history":[{"count":0,"href":"https:\/\/www.europesays.com\/fr\/wp-json\/wp\/v2\/posts\/600859\/revisions"}],"wp:featuredmedia":[{"embeddable":true,"href":"https:\/\/www.europesays.com\/fr\/wp-json\/wp\/v2\/media\/15273"}],"wp:attachment":[{"href":"https:\/\/www.europesays.com\/fr\/wp-json\/wp\/v2\/media?parent=600859"}],"wp:term":[{"taxonomy":"category","embeddable":true,"href":"https:\/\/www.europesays.com\/fr\/wp-json\/wp\/v2\/categories?post=600859"},{"taxonomy":"post_tag","embeddable":true,"href":"https:\/\/www.europesays.com\/fr\/wp-json\/wp\/v2\/tags?post=600859"}],"curies":[{"name":"wp","href":"https:\/\/api.w.org\/{rel}","templated":true}]}}