{"id":600860,"date":"2025-12-15T13:42:19","date_gmt":"2025-12-15T13:42:19","guid":{"rendered":"https:\/\/www.europesays.com\/fr\/600860\/"},"modified":"2025-12-15T13:42:19","modified_gmt":"2025-12-15T13:42:19","slug":"au-maroc-les-destins-croises-de-la-fille-adoptive-et-de-la-fille-cachee-du-defunt-roi-hassan-ii","status":"publish","type":"post","link":"https:\/\/www.europesays.com\/fr\/600860\/","title":{"rendered":"Au Maroc, les destins crois\u00e9s de la fille adoptive et de la \u00ab\u00a0fille cach\u00e9e\u00a0\u00bb du d\u00e9funt roi Hassan\u00a0II"},"content":{"rendered":"\n<p class=\"article__fact article__fact--false\">LETTRE DE CASABLANCA<\/p>\n<p>                     <img loading=\"lazy\" decoding=\"async\" src=\"https:\/\/www.europesays.com\/fr\/wp-content\/uploads\/2025\/12\/5c63c69_upload-1-0rmqsikhmnpg-1993-08-31t120000z-532760654-pbeahunjxed-rtrmadp-3-casablanca.JPG\" alt=\"Le roi Hassan II lors de l\u2019inauguration de la mosqu\u00e9e \u00e0 son nom, \u00e0 Casablanca, le 30\u00a0ao\u00fbt\u00a01993. \"   width=\"664\" height=\"443\"\/>    Le roi Hassan II lors de l\u2019inauguration de la mosqu\u00e9e \u00e0 son nom, \u00e0 Casablanca, le 30\u00a0ao\u00fbt\u00a01993.  DESMOND BOYLAN                 <\/p>\n<p class=\"article__paragraph  \">Atika Benzidane \u00e9tait jusqu\u2019\u00e0 pr\u00e9sent une \u00e9crivaine \u00e0 la renomm\u00e9e discr\u00e8te. Depuis la sortie de son troisi\u00e8me ouvrage, A l\u2019ombre de deux ch\u00eanes, paru en avril chez Virgule Editions, l\u2019autrice marocaine de 66\u00a0ans s\u2019est fait un nom. Le sujet a de quoi susciter la curiosit\u00e9. Dans ce \u00ab\u00a0r\u00e9cit de vie\u00a0\u00bb, ainsi que le qualifie son \u00e9diteur, la femme de lettres, silhouette longiligne et cheveux longs, r\u00e9v\u00e8le son adoption par le roi du Maroc, Hassan II (1929-1999), \u00e0 l\u2019\u00e2ge de 1 an. Les \u00ab\u00a0deux ch\u00eanes\u00a0\u00bb du titre partent de l\u00e0\u00a0: l\u2019un est le monarque, l\u2019autre une femme de son harem, qu\u2019il d\u00e9signa comme la future m\u00e8re de la fillette.<\/p>\n<p class=\"article__paragraph  \">Interrog\u00e9e par les journaux, qui la d\u00e9crivent comme \u00ab\u00a0une cendrillon au palais royal\u00a0\u00bb ou plus sobrement \u00ab\u00a0l\u2019enfant ch\u00e9tive\u00a0\u00bb recueillie dans un orphelinat de Tanger, Atika Benzidane \u00e9voque tour \u00e0 tour sa vie aupr\u00e8s du souverain, ses go\u00fbts et ses manies. A mi-chemin entre roman et autobiographie, on y apprend, entre autres, qu\u2019il suivait l\u2019\u00e9ducation de la jeune fille au jour le jour, qu\u2019il adorait les dessins anim\u00e9s am\u00e9ricains, \u00ab\u00a0surtout Tom et Jerry\u00a0\u00bb, qu\u2019il \u00ab\u00a0aimait danser\u00a0\u00bb et qu\u2019il \u00ab\u00a0mangeait tr\u00e8s peu\u00a0\u00bb.<\/p>\n<p class=\"reading-mode-only \"><strong>Il vous reste 79.27% de cet article \u00e0 lire. La suite est r\u00e9serv\u00e9e aux abonn\u00e9s.<\/strong><\/p>\n","protected":false},"excerpt":{"rendered":"LETTRE DE CASABLANCA Le roi Hassan II lors de l\u2019inauguration de la mosqu\u00e9e \u00e0 son nom, \u00e0 Casablanca,&hellip;\n","protected":false},"author":2,"featured_media":600861,"comment_status":"","ping_status":"","sticky":false,"template":"","format":"standard","meta":{"footnotes":""},"categories":[5],"tags":[11,1011,27,14,12,28],"class_list":{"0":"post-600860","1":"post","2":"type-post","3":"status-publish","4":"format-standard","5":"has-post-thumbnail","7":"category-international","8":"tag-actualites","9":"tag-fr","10":"tag-france","11":"tag-international","12":"tag-news","13":"tag-world"},"share_on_mastodon":{"url":"https:\/\/pubeurope.com\/@fr\/115723878855620886","error":""},"_links":{"self":[{"href":"https:\/\/www.europesays.com\/fr\/wp-json\/wp\/v2\/posts\/600860","targetHints":{"allow":["GET"]}}],"collection":[{"href":"https:\/\/www.europesays.com\/fr\/wp-json\/wp\/v2\/posts"}],"about":[{"href":"https:\/\/www.europesays.com\/fr\/wp-json\/wp\/v2\/types\/post"}],"author":[{"embeddable":true,"href":"https:\/\/www.europesays.com\/fr\/wp-json\/wp\/v2\/users\/2"}],"replies":[{"embeddable":true,"href":"https:\/\/www.europesays.com\/fr\/wp-json\/wp\/v2\/comments?post=600860"}],"version-history":[{"count":0,"href":"https:\/\/www.europesays.com\/fr\/wp-json\/wp\/v2\/posts\/600860\/revisions"}],"wp:featuredmedia":[{"embeddable":true,"href":"https:\/\/www.europesays.com\/fr\/wp-json\/wp\/v2\/media\/600861"}],"wp:attachment":[{"href":"https:\/\/www.europesays.com\/fr\/wp-json\/wp\/v2\/media?parent=600860"}],"wp:term":[{"taxonomy":"category","embeddable":true,"href":"https:\/\/www.europesays.com\/fr\/wp-json\/wp\/v2\/categories?post=600860"},{"taxonomy":"post_tag","embeddable":true,"href":"https:\/\/www.europesays.com\/fr\/wp-json\/wp\/v2\/tags?post=600860"}],"curies":[{"name":"wp","href":"https:\/\/api.w.org\/{rel}","templated":true}]}}