{"id":600876,"date":"2025-12-15T13:52:11","date_gmt":"2025-12-15T13:52:11","guid":{"rendered":"https:\/\/www.europesays.com\/fr\/600876\/"},"modified":"2025-12-15T13:52:11","modified_gmt":"2025-12-15T13:52:11","slug":"la-maison-de-lorientation-de-montpellier-recrute-son-futur-prestataire","status":"publish","type":"post","link":"https:\/\/www.europesays.com\/fr\/600876\/","title":{"rendered":"La Maison de l\u2019Orientation de Montpellier recrute son futur prestataire !"},"content":{"rendered":"<p>La R\u00e9gion Occitanie a lanc\u00e9 un appel d\u2019offres visant \u00e0 s\u00e9lectionner un prestataire charg\u00e9 d\u2019animer des cycles d\u2019ateliers collectifs dans la Maison de l\u2019Orientation de Montpellier. Ces ateliers, propos\u00e9s trois fois par an, s\u2019adresseront \u00e0 un public vari\u00e9 \u2014 \u00e9tudiants, demandeurs d\u2019emploi, salari\u00e9s en reconversion \u2014 et devront avoir pour objectif d\u2019accompagner chacun dans la construction ou la red\u00e9finition de son projet professionnel.<\/p>\n<p>Le march\u00e9 pr\u00e9voit un dispositif m\u00ealant s\u00e9ances collectives, temps individuels et actions favorisant la prise de confiance, l\u2019identification des comp\u00e9tences et la mise en mouvement. La R\u00e9gion attend des propositions cr\u00e9atives, originales et adapt\u00e9es aux besoins du territoire, avec une capacit\u00e9 \u00e0 favoriser la mixit\u00e9 des publics et la cr\u00e9ation de liens.<\/p>\n<p>Les structures candidates devront \u00eatre certifi\u00e9es Qualiopi (ou \u00e9quivalent) et fournir un m\u00e9moire technique d\u00e9taillant leur m\u00e9thodologie, leurs intervenants et leurs outils. Les candidatures sont \u00e0 d\u00e9poser exclusivement en ligne avant le vendredi 19\u00a0d\u00e9cembre \u00e0 12h.<\/p>\n<p><strong>Plus d\u2019infos sur la plateforme des march\u00e9s publics de la R\u00e9gion\u00a0: <a href=\"https:\/\/marchespublics.laregion.fr\/accueil.htm\" class=\"spip_out\" rel=\"external noopener\" target=\"_blank\">marchespublics.laregion.fr<\/a><\/strong><\/p>\n","protected":false},"excerpt":{"rendered":"La R\u00e9gion Occitanie a lanc\u00e9 un appel d\u2019offres visant \u00e0 s\u00e9lectionner un prestataire charg\u00e9 d\u2019animer des cycles d\u2019ateliers&hellip;\n","protected":false},"author":2,"featured_media":24040,"comment_status":"","ping_status":"","sticky":false,"template":"","format":"standard","meta":{"footnotes":""},"categories":[9599],"tags":[1111,11,12917,20702,341,1777,674,1119,1011,27,2208,12,2680,7099,25],"class_list":{"0":"post-600876","1":"post","2":"type-post","3":"status-publish","4":"format-standard","5":"has-post-thumbnail","7":"category-montpellier","8":"tag-actu","9":"tag-actualites","10":"tag-conseil-regional-occitanie","11":"tag-demandeur-demploi","12":"tag-emploi","13":"tag-eu","14":"tag-europe","15":"tag-formation","16":"tag-fr","17":"tag-france","18":"tag-montpellier","19":"tag-news","20":"tag-occitanie","21":"tag-recrutement","22":"tag-republique-francaise"},"share_on_mastodon":{"url":"https:\/\/pubeurope.com\/@fr\/115723917353074681","error":""},"_links":{"self":[{"href":"https:\/\/www.europesays.com\/fr\/wp-json\/wp\/v2\/posts\/600876","targetHints":{"allow":["GET"]}}],"collection":[{"href":"https:\/\/www.europesays.com\/fr\/wp-json\/wp\/v2\/posts"}],"about":[{"href":"https:\/\/www.europesays.com\/fr\/wp-json\/wp\/v2\/types\/post"}],"author":[{"embeddable":true,"href":"https:\/\/www.europesays.com\/fr\/wp-json\/wp\/v2\/users\/2"}],"replies":[{"embeddable":true,"href":"https:\/\/www.europesays.com\/fr\/wp-json\/wp\/v2\/comments?post=600876"}],"version-history":[{"count":0,"href":"https:\/\/www.europesays.com\/fr\/wp-json\/wp\/v2\/posts\/600876\/revisions"}],"wp:featuredmedia":[{"embeddable":true,"href":"https:\/\/www.europesays.com\/fr\/wp-json\/wp\/v2\/media\/24040"}],"wp:attachment":[{"href":"https:\/\/www.europesays.com\/fr\/wp-json\/wp\/v2\/media?parent=600876"}],"wp:term":[{"taxonomy":"category","embeddable":true,"href":"https:\/\/www.europesays.com\/fr\/wp-json\/wp\/v2\/categories?post=600876"},{"taxonomy":"post_tag","embeddable":true,"href":"https:\/\/www.europesays.com\/fr\/wp-json\/wp\/v2\/tags?post=600876"}],"curies":[{"name":"wp","href":"https:\/\/api.w.org\/{rel}","templated":true}]}}