{"id":600879,"date":"2025-12-15T13:54:10","date_gmt":"2025-12-15T13:54:10","guid":{"rendered":"https:\/\/www.europesays.com\/fr\/600879\/"},"modified":"2025-12-15T13:54:10","modified_gmt":"2025-12-15T13:54:10","slug":"espoirs-victoire-a-larrachee-face-a-rouen-actualites-union-bordeaux-begles-ubb-rugby","status":"publish","type":"post","link":"https:\/\/www.europesays.com\/fr\/600879\/","title":{"rendered":"Espoirs : Victoire \u00e0 l&rsquo;arrach\u00e9e face \u00e0 Rouen &#8211; Actualit\u00e9s &#8211; Union Bordeaux B\u00e8gles (UBB Rugby)"},"content":{"rendered":"<p>                    Ce week-end, nos jeunes Bordelo-B\u00e9glais avaient rendez-vous \u00e0 Rouen pour le dernier match \u00e0 l\u2019ext\u00e9rieur de la phase pr\u00e9liminaire Reichel. Alors qu\u2019ils \u00e9taient largement men\u00e9s par les locaux, un second souffle leur a permis de revenir et d\u2019arracher leur premi\u00e8re victoire \u00e0 l\u2019ext\u00e9rieur (18-20).<\/p>\n<p>Les Normands ne parvenaient pas \u00e0 mettre la main sur le ballon dans les premi\u00e8res minutes de jeu et c\u2019\u00e9tait l\u2019UBB qui dictait la partie jusqu\u2019\u00e0 la <strong>12e minute<\/strong>. P\u00e9nalis\u00e9s, les Rouennais prenaient alors la p\u00e9naltouche et inscrivaient les premiers points du match sur un bon maul port\u00e9 <strong>(13\u2019 ; 5-0).<\/strong><br \/>L\u2019UBB r\u00e9pondait de la m\u00eame mani\u00e8re en inscrivant, \u00e9galement sur maul port\u00e9, son premier essai par le biais de <strong>Bobby Bissu\u00a0(17\u2019 ; 5-5)<\/strong>.<br \/>Le jeu stagnait ensuite pendant un long moment et la gonfle \u00e9tait tant\u00f4t bordelo-b\u00e9glaise, tant\u00f4t rouennaise.<br \/>Finalement, alors que les locaux tentaient de percer la d\u00e9fense girondine depuis plusieurs minutes, ils obtenaient une p\u00e9nalit\u00e9 int\u00e9ressante qu\u2019ils choisissaient de convertir entre les poteaux <strong>(35\u2019 ; 8-5)<\/strong>.<br \/><strong>Cl\u00e9ment Malinowski<\/strong> quittait ensuite ses co\u00e9quipiers pour dix minutes apr\u00e8s plusieurs mises en garde de l\u2019arbitre. Heureusement pour les bordelo-b\u00e9glais, il \u00e9tait rejoint, pour la m\u00eame raison, par un joueur rouennais deux minutes plus tard. Les deux \u00e9quipes se retrouvaient donc \u00e0 <strong>14 contre 14<\/strong>.<\/p>\n<p><strong>Malgr\u00e9 une derni\u00e8re munition pour l\u2019UBB, le score en restait l\u00e0 \u00e0 la pause : 8-5.<\/strong><\/p>\n<p>Rouen mettait beaucoup d\u2019envie d\u00e8s le d\u00e9but de la seconde mi-temps, en monopolisant la gonfle. Malgr\u00e9 une solide d\u00e9fense de nos Girondins, ils parvenaient \u00e0 obtenir une p\u00e9nalit\u00e9 qu\u2019ils transformaient entre les poteaux \u00e0 la <strong>43e minute<\/strong> de jeu<strong> (11-5)<\/strong>.<br \/>Une mauvaise lib\u00e9ration d\u2019un ruck profitait aux locaux, qui servaient l\u2019ext\u00e9rieur, et <strong>Robin Auvray<\/strong> inscrivait cinq points suppl\u00e9mentaires pour son \u00e9quipe, transform\u00e9s par <strong>Marius Dubacq (47\u2019 ; 18-5)<\/strong>.<br \/>Nos joueurs ne l\u00e2chaient rien et, propuls\u00e9 par son paquet d\u2019avants, <strong>Ruben Pargade<\/strong> inscrivait cinq points de plus. Alors qu\u2019il allait transformer, <strong>Joseph Laharrague<\/strong> \u00e9tait g\u00ean\u00e9 par un joueur de Rouen qui, suivant scrupuleusement la r\u00e8gle, venait voler le ballon alors que notre ouvreur avait entam\u00e9 sa routine de transformation.<br \/>Une belle phase offensive, passant par les mains de l\u2019ensemble de l\u2019\u00e9quipe, permettait \u00e0 <strong>Giorgi Kahindrava<\/strong> de conclure dans l\u2019en-but de <strong>Rouen<\/strong>, ramenant nos joueurs \u00e0 un point seulement des locaux<strong> (62\u2019 ; 18-17)<\/strong>.<br \/>Enfin,<strong> Joseph Laharrague<\/strong> lib\u00e9rait l\u2019\u00e9quipe \u00e0 la <strong>76e minute<\/strong> avec une p\u00e9nalit\u00e9 transform\u00e9e entre les poteaux <strong>(18-20)<\/strong>.<br \/>Malgr\u00e9 plusieurs tentatives de Rouen pour repasser devant, nos Girondins ne l\u00e2chaient rien et d\u00e9crochaient ainsi leur premi\u00e8re victoire \u00e0 l\u2019ext\u00e9rieur de la saison.<\/p>\n<p><strong>Dernier match de cette phase pr\u00e9liminaire ce week-end avec la r\u00e9ception du Stade Fran\u00e7ais Paris ce samedi 20 d\u00e9cembre \u00e0 15h au CEVA Campus Stade Moga.<\/strong><\/p>\n","protected":false},"excerpt":{"rendered":"Ce week-end, nos jeunes Bordelo-B\u00e9glais avaient rendez-vous \u00e0 Rouen pour le dernier match \u00e0 l\u2019ext\u00e9rieur de la phase&hellip;\n","protected":false},"author":2,"featured_media":600880,"comment_status":"","ping_status":"","sticky":false,"template":"","format":"standard","meta":{"footnotes":""},"categories":[9587],"tags":[1111,47,11,4402,1997,4404,4401,4356,4400,4357,1983,1777,674,1011,27,1987,1114,2947,955,12,5161,4048,25,9590,479,517,2858,478,4364,4403,1264],"class_list":{"0":"post-600879","1":"post","2":"type-post","3":"status-publish","4":"format-standard","5":"has-post-thumbnail","7":"category-rouen","8":"tag-actu","9":"tag-actualite","10":"tag-actualites","11":"tag-begles","12":"tag-bordeaux","13":"tag-chaban","14":"tag-challenge-cup","15":"tag-coronavirus","16":"tag-covid","17":"tag-covid-19","18":"tag-essai","19":"tag-eu","20":"tag-europe","21":"tag-fr","22":"tag-france","23":"tag-girondins","24":"tag-infos","25":"tag-lnr","26":"tag-match","27":"tag-news","28":"tag-normandie","29":"tag-presse","30":"tag-republique-francaise","31":"tag-rouen","32":"tag-rugby","33":"tag-sport","34":"tag-stade","35":"tag-top-14","36":"tag-ubb","37":"tag-union","38":"tag-victoire"},"share_on_mastodon":{"url":"https:\/\/pubeurope.com\/@fr\/115723925308434189","error":""},"_links":{"self":[{"href":"https:\/\/www.europesays.com\/fr\/wp-json\/wp\/v2\/posts\/600879","targetHints":{"allow":["GET"]}}],"collection":[{"href":"https:\/\/www.europesays.com\/fr\/wp-json\/wp\/v2\/posts"}],"about":[{"href":"https:\/\/www.europesays.com\/fr\/wp-json\/wp\/v2\/types\/post"}],"author":[{"embeddable":true,"href":"https:\/\/www.europesays.com\/fr\/wp-json\/wp\/v2\/users\/2"}],"replies":[{"embeddable":true,"href":"https:\/\/www.europesays.com\/fr\/wp-json\/wp\/v2\/comments?post=600879"}],"version-history":[{"count":0,"href":"https:\/\/www.europesays.com\/fr\/wp-json\/wp\/v2\/posts\/600879\/revisions"}],"wp:featuredmedia":[{"embeddable":true,"href":"https:\/\/www.europesays.com\/fr\/wp-json\/wp\/v2\/media\/600880"}],"wp:attachment":[{"href":"https:\/\/www.europesays.com\/fr\/wp-json\/wp\/v2\/media?parent=600879"}],"wp:term":[{"taxonomy":"category","embeddable":true,"href":"https:\/\/www.europesays.com\/fr\/wp-json\/wp\/v2\/categories?post=600879"},{"taxonomy":"post_tag","embeddable":true,"href":"https:\/\/www.europesays.com\/fr\/wp-json\/wp\/v2\/tags?post=600879"}],"curies":[{"name":"wp","href":"https:\/\/api.w.org\/{rel}","templated":true}]}}