{"id":600885,"date":"2025-12-15T13:57:15","date_gmt":"2025-12-15T13:57:15","guid":{"rendered":"https:\/\/www.europesays.com\/fr\/600885\/"},"modified":"2025-12-15T13:57:15","modified_gmt":"2025-12-15T13:57:15","slug":"un-supermarche-tout-nu-ou-sans-emballage-ouvre-a-rennes","status":"publish","type":"post","link":"https:\/\/www.europesays.com\/fr\/600885\/","title":{"rendered":"Un supermarch\u00e9 \u00ab\u00a0tout nu\u00a0\u00bb, ou \u00ab\u00a0sans emballage\u00a0\u00bb ouvre \u00e0 Rennes"},"content":{"rendered":"<p class=\"block date\" id=\"dateEtAuteur\">Publi\u00e9 : 14h14  par No\u00eblline  GARON <\/p>\n<p><img decoding=\"async\" class=\"\" style=\"width:100%\" src=\"https:\/\/www.europesays.com\/fr\/wp-content\/uploads\/2025\/12\/Super_tout_nu_Rennes_Pierre_G_raud_Liria1765778410499.jpeg\" alt=\"Pierre G\u00e9raud-Liria\"\/><\/p>\n<p>Pierre G\u00e9raud-Liria<\/p>\n<p>Cr\u00e9dit : No\u00eblline Garon<\/p>\n<p>Le premier \u00ab\u00a0Super tout nu de l&rsquo;ouest\u00a0\u00bb a ouvert ses portes il y a quelques jours \u00e0 Rennes. Il s&rsquo;agit d&rsquo;un supermarch\u00e9 sans emballage, o\u00f9 les produits sont conditionn\u00e9s dans des bocaux en verre. <\/p>\n<p>Des bocaux remplis de p\u00e2tes, de riz, de biscuits. C\u2019est le concept du Super tout nu, une implantation de l\u2019enseigne toulousaine a ouvert ses portes le 11 d\u00e9cembre \u00e0 Rennes, rue de la Chauss\u00e9e. C&rsquo;est la premi\u00e8re implantation dans l\u2019ouest, il y en a une autre \u00e0 Lille.<\/p>\n<p>\u00a0<\/p>\n<blockquote><p>\nUne \u00ab\u00a0version z\u00e9ro d\u00e9chet et 100% go\u00fbt\u00a0\u00bb\n<\/p><\/blockquote>\n<p>\u00a0<\/p>\n<p>Pierre G\u00e9raud-Liria, le co-fondateur d\u00e9taille le concept : \u00ab\u00a0C&rsquo;est un supermarch\u00e9 presque comme un autre, o\u00f9 on peut faire toutes ses courses du quotidien, mais en version z\u00e9ro d\u00e9chet et 100% go\u00fbt. C&rsquo;est-\u00e0-dire que tous nos produits vont \u00eatre conditionn\u00e9s dans des emballages r\u00e9utilisables, que vous pourrez nous rapporter en \u00e9change de 10 centimes de bon d&rsquo;achat&#8230;\u00a0\u00bb et tous les produits vendus \u00ab\u00a0sont locaux au maximum, bio au maximum, et dans tous les cas, m\u00eame s&rsquo;ils ne sont pas bio, ce sont des produits responsables, d\u00e9licieux, tous go\u00fbt\u00e9s et valid\u00e9s\u00a0\u00bb.<\/p>\n<p>Une fois ramen\u00e9s en magasin, les contenants sont nettoy\u00e9s et st\u00e9rilis\u00e9s avant d&rsquo;\u00eatre r\u00e9utilis\u00e9s.<\/p>\n<p>Pierre G\u00e9raud-Liria Pierre G\u00e9raud-Liria <\/p>\n<p>Cr\u00e9dit : No\u00eblline Garon<\/p>\n<p>Consommer des produits sans emballage, est-ce que \u00e7a co\u00fbte moins cher pour le consommateur ? \u00ab\u00a0<strong>On arrive \u00e0 avoir un rapport qualit\u00e9-prix qui sera meilleur parce que l&#8217;emballage jetable compte pour 10 \u00e0 40% du prix d&rsquo;un produit. C&rsquo;est l&rsquo;ADEME qui l&rsquo;a d\u00e9montr\u00e9.<\/strong><\/p>\n<p>\u00a0<\/p>\n<blockquote><p>\n\u00ab\u00a0On est moins cher que Leclerc \u00e0 produit \u00e9quivalent\u00a0\u00bb\n<\/p><\/blockquote>\n<p>\u00a0<\/p>\n<p>Le parti prix initial du \u00ab\u00a0Super tout nu\u00a0\u00bb, c&rsquo;est de se dire qu&rsquo;\u00e0 budget \u00e9quivalent, on va pouvoir avoir acc\u00e8s \u00e0 des meilleurs produits. Quand vous passez \u00e0 la caisse du super tout nu, vous n&rsquo;allez pas payer le contenant r\u00e9employable. Vous n&rsquo;allez payer que les produits qui sont \u00e0 l&rsquo;int\u00e9rieur. Par ailleurs, on suit ce qu&rsquo;on appelle l&rsquo;indice prix. Tous les mois \u00e0 Leclerc, Chrono Drive, Carrefour et Biocoop et \u00e0 produit \u00e9quivalent, parce qu&rsquo;on ne peut pas comparer une super saucisse de Bretagne \u00e0 un vieux knack, on est \u00e0 indice 98, c&rsquo;est-\u00e0-dire qu&rsquo;on est 2% en dessous de la moyenne. On est moins cher que Leclerc \u00e0 produit \u00e9quivalent\u00a0\u00bb, se r\u00e9jouit\u00a0Pierre G\u00e9raud-Liria.<\/p>\n<p>Pierre G\u00e9raud-LiriaPierre G\u00e9raud-Liria<\/p>\n<p>Cr\u00e9dit : No\u00eblline Garon<\/p>\n<p><img decoding=\"async\" class=\"\" style=\"width:100%\" src=\"https:\/\/www.europesays.com\/fr\/wp-content\/uploads\/2025\/12\/Super_tout_nu_Rennes_rayons_21765804246705.jpg\" alt=\"Super Tout nu de Rennes\"\/> <\/p>\n<blockquote>\n<p><strong>Un d\u00e9veloppement \u00e0 l&rsquo;ouest<\/strong><\/p>\n<\/blockquote>\n<p>\u00a0<\/p>\n<p>L&rsquo;enseigne qui s&rsquo;est lanc\u00e9e \u00e0 Toulouse se d\u00e9veloppe principalement \u00e0 l&rsquo;ouest, o\u00f9 on est plus sensible au tri des d\u00e9chets qu&rsquo;ailleurs. <strong>Six nouveaux Super tout nu devraient ouvrir en 2026, pour la plupart situ\u00e9 dans une moiti\u00e9 ouest de la France. <\/strong><\/p>\n<p>A la t\u00eate du magasin rennais, David Sene travaille depuis une dizaine d\u2019ann\u00e9es dans des magasins z\u00e9ro d\u00e9chet. Selon lui, le fonctionnement avec des contenants r\u00e9utilisables est plus rapide pour le consommateur. \u00ab\u00a0Le vrac c&rsquo;est de l&rsquo;organisation. Il faut pouvoir emmener ses propres contenants, remplir ses produits. Parfois, quand il y a un chamboulement dans une famille, un b\u00e9b\u00e9 qui arrive, c&rsquo;est vrai qu&rsquo;on peut laisser tomber le principe de ces valeurs \u00e9cologiques de r\u00e9duction des d\u00e9chets. L&rsquo;id\u00e9e du Super tout nu c&rsquo;\u00e9tait plus de trouver une alternative, <strong>de pouvoir avoir ces produits-l\u00e0, pas forc\u00e9ment \u00e0 la juste mesure mais toujours en concept z\u00e9ro d\u00e9chet<\/strong>\u00ab\u00a0.<\/p>\n<p>David SeneDavid Sene<\/p>\n<p>Cr\u00e9dit : No\u00eblline Garon<\/p>\n<p><img decoding=\"async\" class=\"\" style=\"width:100%\" src=\"https:\/\/www.europesays.com\/fr\/wp-content\/uploads\/2025\/12\/Super_tout_nu_Rennes_David_S_ne1765780386032.jpeg\" alt=\"David Sene\"\/><\/p>\n<p>Cr\u00e9dit : No\u00eblline Garon<\/p>\n<p>Dans les rayons ce jour-l\u00e0, Vicky fait ses courses, et elle est habitu\u00e9e au vrac : \u00ab\u00a0J&rsquo;\u00e9tais pr\u00eate \u00e0 faire l&rsquo;effort de venir avec mes contenants, mais je comprends que pour certaines personnes, \u00e7a peut \u00eatre compliqu\u00e9&#8230; peut-\u00eatre pour les personnes \u00e2g\u00e9es de venir avec ses contenants, de se baisser pour remplir des bocaux, mais l\u00e0 tout est d\u00e9j\u00e0 emball\u00e9, c&rsquo;est plus simple\u00a0\u00bb.<\/p>\n","protected":false},"excerpt":{"rendered":"Publi\u00e9 : 14h14 par No\u00eblline GARON Pierre G\u00e9raud-Liria Cr\u00e9dit : No\u00eblline Garon Le premier \u00ab\u00a0Super tout nu de&hellip;\n","protected":false},"author":2,"featured_media":600886,"comment_status":"","ping_status":"","sticky":false,"template":"","format":"standard","meta":{"footnotes":""},"categories":[2821],"tags":[1111,11,829,130,2622,71350,1777,674,1011,27,12,71346,2922,2141,584,25,71343,71344,71345,71347,71348,71349,23088],"class_list":{"0":"post-600885","1":"post","2":"type-post","3":"status-publish","4":"format-standard","5":"has-post-thumbnail","7":"category-rennes","8":"tag-actu","9":"tag-actualites","10":"tag-bretagne","11":"tag-consommation","12":"tag-courses","13":"tag-courses-zero-dechet","14":"tag-eu","15":"tag-europe","16":"tag-fr","17":"tag-france","18":"tag-news","19":"tag-pierre-geraud-liria","20":"tag-pouvoir-dachat","21":"tag-prix","22":"tag-rennes","23":"tag-republique-francaise","24":"tag-super-tout-nu","25":"tag-super-tout-nu-rennes","26":"tag-super-tout-nu-toulouse","27":"tag-supermarche-sans-emballage","28":"tag-supermarche-sans-emballage-rennes","29":"tag-vracs","30":"tag-zero-dechet"},"share_on_mastodon":{"url":"https:\/\/pubeurope.com\/@fr\/115723937673734437","error":""},"_links":{"self":[{"href":"https:\/\/www.europesays.com\/fr\/wp-json\/wp\/v2\/posts\/600885","targetHints":{"allow":["GET"]}}],"collection":[{"href":"https:\/\/www.europesays.com\/fr\/wp-json\/wp\/v2\/posts"}],"about":[{"href":"https:\/\/www.europesays.com\/fr\/wp-json\/wp\/v2\/types\/post"}],"author":[{"embeddable":true,"href":"https:\/\/www.europesays.com\/fr\/wp-json\/wp\/v2\/users\/2"}],"replies":[{"embeddable":true,"href":"https:\/\/www.europesays.com\/fr\/wp-json\/wp\/v2\/comments?post=600885"}],"version-history":[{"count":0,"href":"https:\/\/www.europesays.com\/fr\/wp-json\/wp\/v2\/posts\/600885\/revisions"}],"wp:featuredmedia":[{"embeddable":true,"href":"https:\/\/www.europesays.com\/fr\/wp-json\/wp\/v2\/media\/600886"}],"wp:attachment":[{"href":"https:\/\/www.europesays.com\/fr\/wp-json\/wp\/v2\/media?parent=600885"}],"wp:term":[{"taxonomy":"category","embeddable":true,"href":"https:\/\/www.europesays.com\/fr\/wp-json\/wp\/v2\/categories?post=600885"},{"taxonomy":"post_tag","embeddable":true,"href":"https:\/\/www.europesays.com\/fr\/wp-json\/wp\/v2\/tags?post=600885"}],"curies":[{"name":"wp","href":"https:\/\/api.w.org\/{rel}","templated":true}]}}