{"id":600891,"date":"2025-12-15T14:00:13","date_gmt":"2025-12-15T14:00:13","guid":{"rendered":"https:\/\/www.europesays.com\/fr\/600891\/"},"modified":"2025-12-15T14:00:13","modified_gmt":"2025-12-15T14:00:13","slug":"un-survivaliste-arrete-avec-un-couteau-et-un-gilet-pare-balles","status":"publish","type":"post","link":"https:\/\/www.europesays.com\/fr\/600891\/","title":{"rendered":"un \u00ab\u00a0survivaliste\u00a0\u00bb arr\u00eat\u00e9 avec un couteau et un gilet pare-balles"},"content":{"rendered":"<p>                    Par<br \/>\n        <strong><br \/>\n            <a href=\"https:\/\/actu.fr\/auteur\/ivan-capecchi\" title=\"Consulter tous les articles de Ivan CAPECCHI\" target=\"_blank\" rel=\"noopener\">Ivan CAPECCHI<\/a><br \/>\n                    <\/strong><\/p>\n<p>        Publi\u00e9 le<\/p>\n<p>            15 d\u00e9c. 2025 \u00e0 14h56        <\/p>\n<p>Un ressortissant allemand de 24 ans a \u00e9t\u00e9 interpell\u00e9 lors d\u2019un contr\u00f4le \u00e0 l\u2019entr\u00e9e du <a href=\"https:\/\/actu.fr\/tag\/marche-de-noel-de-strasbourg\" target=\"_blank\" rel=\"noopener\">march\u00e9 de No\u00ebl de Strasbourg<\/a>, samedi 13 d\u00e9cembre en fin de journ\u00e9e, au niveau du pont Saint-\u00c9tienne, selon une information des <a href=\"https:\/\/www.dna.fr\/faits-divers-justice\/2025\/12\/14\/porteur-d-un-couteau-un-survivaliste-interpelle-a-l-entree-du-marche-de-noel#:~:text=Un%20jeune%20homme%2C%20d&#039;origine,et%20du%20mat%C3%A9riel%20pour%20bivouaquer.\" target=\"_blank\" rel=\"noopener\">DNA<\/a>, confirm\u00e9e par Actu Strasbourg. Il transportait un couteau, un gilet pare-balles, des lunettes \u00e0 vision thermique et du mat\u00e9riel de bivouac.<\/p>\n<p>\u00ab\u00a0Il s\u2019agit d\u2019un survivaliste\u00a0\u00bb, annonce une source polici\u00e8re<\/p>\n<p class=\" wall-content\">Rep\u00e9r\u00e9 par les CRS, ce jeune homme, venu \u00e0 pied d\u2019Allemagne pour visiter les march\u00e9s, a \u00e9t\u00e9 conduit au commissariat et plac\u00e9 en garde \u00e0 vue. Il a expliqu\u00e9 aux enqu\u00eateurs qu\u2019il se d\u00e9pla\u00e7ait ainsi pour assurer sa propre s\u00e9curit\u00e9, se disant marqu\u00e9 par les attentats survenus en Allemagne ces derni\u00e8res ann\u00e9es.<\/p>\n<p class=\" wall-content\">D\u2019apr\u00e8s une source polici\u00e8re contact\u00e9e par nos soins, \u00ab\u00a0il s\u2019agit d\u2019un <strong>survivaliste <\/strong>[personne qui se pr\u00e9pare \u00e0 survivre dans un monde d\u00e9vast\u00e9 par une catastrophe, NDLR], qui ne cherchait absolument pas \u00e0 commettre quelque chose de r\u00e9pr\u00e9hensible au march\u00e9 de No\u00ebl\u00a0\u00bb. Sans ant\u00e9c\u00e9dent judiciaire, il a \u00e9t\u00e9 convoqu\u00e9 devant le tribunal dans le cadre d\u2019une ordonnance p\u00e9nale et a \u00e9t\u00e9 rel\u00e2ch\u00e9 <strong>apr\u00e8s s\u2019\u00eatre vu retirer l\u2019ensemble de son \u00e9quipement<\/strong>.<\/p>\n<p>La s\u00e9curit\u00e9 autour des march\u00e9s de No\u00ebl renforc\u00e9e<\/p>\n<p class=\" wall-content\">Jeudi 27 novembre 2025, <a href=\"https:\/\/actu.fr\/grand-est\/strasbourg_67482\/arme-retrouvee-sur-le-marche-de-noel-de-strasbourg-pres-du-village-dedie-aux-enfants-ce-que-l-on-sait_63511147.html\" target=\"_blank\" rel=\"noopener\">une arme avait \u00e9t\u00e9 retrouv\u00e9e dans le p\u00e9rim\u00e8tre du march\u00e9 de No\u00ebl de Strasbourg<\/a>, impasse de la Grande \u00c9cluse, tout pr\u00e8s du square Louise Weiss, l\u00e0 o\u00f9 se trouve le Village de l\u2019Avent.<\/p>\n<p class=\" wall-content\">Peu de temps apr\u00e8s, sans lien direct avec cet \u00e9v\u00e9nement, en tout cas pas officiellement, <a href=\"https:\/\/actu.fr\/grand-est\/strasbourg_67482\/menace-terroriste-laurent-nunez-demande-de-renforcer-la-securite-des-marches-de-noel-et-cite-strasbourg_63525848.html\" target=\"_blank\" rel=\"noopener\">le ministre de l\u2019Int\u00e9rieur, Laurent Nu\u00f1ez, a appel\u00e9 \u00e0 renforcer la s\u00e9curit\u00e9<\/a> autour des march\u00e9s de No\u00ebl. Dans un courrier adress\u00e9 aux pr\u00e9fets d\u00e9but d\u00e9cembre, il \u00e9voque une <strong>menace terroriste \u00ab\u00a0tr\u00e8s \u00e9lev\u00e9e\u00a0\u00bb<\/strong> et rappelle la cible que repr\u00e9sentent ces \u00e9v\u00e9nements, citant l\u2019<a href=\"https:\/\/actu.fr\/monde\/attentat-sur-un-marche-de-noel-en-allemagne-nombre-de-victimes-profil-du-suspect-ce-que-l-on-sait_62034635.html\" target=\"_blank\" rel=\"noopener\">attentat de Berlin en 2024<\/a> et <a href=\"https:\/\/actu.fr\/grand-est\/strasbourg_67482\/attentat-du-marche-de-noel-de-strasbourg-pourquoi-celui-qui-a-vendu-l-arme-au-terroriste-ne-sera-pas-juge_63532214.html\" target=\"_blank\" rel=\"noopener\">celui de Strasbourg en 2018<\/a>, qui avait fait cinq morts et 11 bless\u00e9s.<\/p>\n<p class=\" wall-content\">Personnalisez votre actualit\u00e9 en ajoutant vos villes et m\u00e9dias en favori avec <a href=\"https:\/\/moncompte.actu.fr\" title=\"D\u00e9couvez Mon Actu\" rel=\"nofollow noopener\" data-trk=\"{&quot;cta&quot;:{&quot;action&quot;:&quot;https:\\\/\\\/moncompte.actu.fr&quot;,&quot;category&quot;:&quot;mon compte&quot;,&quot;from&quot;:&quot;article footer&quot;,&quot;name&quot;:&quot;Mon actu&quot;,&quot;type&quot;:&quot;cta&quot;}}\" target=\"_blank\">Mon Actu<\/a>.<\/p>\n","protected":false},"excerpt":{"rendered":"Par Ivan CAPECCHI Publi\u00e9 le 15 d\u00e9c. 2025 \u00e0 14h56 Un ressortissant allemand de 24 ans a \u00e9t\u00e9&hellip;\n","protected":false},"author":2,"featured_media":600892,"comment_status":"","ping_status":"","sticky":false,"template":"","format":"standard","meta":{"footnotes":""},"categories":[2820],"tags":[1111,11,1777,674,118,1011,27,775,56596,12,1072,25,640],"class_list":{"0":"post-600891","1":"post","2":"type-post","3":"status-publish","4":"format-standard","5":"has-post-thumbnail","7":"category-strasbourg","8":"tag-actu","9":"tag-actualites","10":"tag-eu","11":"tag-europe","12":"tag-faits-divers","13":"tag-fr","14":"tag-france","15":"tag-grand-est","16":"tag-marche-de-noel-de-strasbourg","17":"tag-news","18":"tag-police","19":"tag-republique-francaise","20":"tag-strasbourg"},"share_on_mastodon":{"url":"https:\/\/pubeurope.com\/@fr\/115723948804750456","error":""},"_links":{"self":[{"href":"https:\/\/www.europesays.com\/fr\/wp-json\/wp\/v2\/posts\/600891","targetHints":{"allow":["GET"]}}],"collection":[{"href":"https:\/\/www.europesays.com\/fr\/wp-json\/wp\/v2\/posts"}],"about":[{"href":"https:\/\/www.europesays.com\/fr\/wp-json\/wp\/v2\/types\/post"}],"author":[{"embeddable":true,"href":"https:\/\/www.europesays.com\/fr\/wp-json\/wp\/v2\/users\/2"}],"replies":[{"embeddable":true,"href":"https:\/\/www.europesays.com\/fr\/wp-json\/wp\/v2\/comments?post=600891"}],"version-history":[{"count":0,"href":"https:\/\/www.europesays.com\/fr\/wp-json\/wp\/v2\/posts\/600891\/revisions"}],"wp:featuredmedia":[{"embeddable":true,"href":"https:\/\/www.europesays.com\/fr\/wp-json\/wp\/v2\/media\/600892"}],"wp:attachment":[{"href":"https:\/\/www.europesays.com\/fr\/wp-json\/wp\/v2\/media?parent=600891"}],"wp:term":[{"taxonomy":"category","embeddable":true,"href":"https:\/\/www.europesays.com\/fr\/wp-json\/wp\/v2\/categories?post=600891"},{"taxonomy":"post_tag","embeddable":true,"href":"https:\/\/www.europesays.com\/fr\/wp-json\/wp\/v2\/tags?post=600891"}],"curies":[{"name":"wp","href":"https:\/\/api.w.org\/{rel}","templated":true}]}}