{"id":600895,"date":"2025-12-15T14:02:12","date_gmt":"2025-12-15T14:02:12","guid":{"rendered":"https:\/\/www.europesays.com\/fr\/600895\/"},"modified":"2025-12-15T14:02:12","modified_gmt":"2025-12-15T14:02:12","slug":"soupcons-de-corruption-sur-un-policier-de-la-paf-de-nice","status":"publish","type":"post","link":"https:\/\/www.europesays.com\/fr\/600895\/","title":{"rendered":"soup\u00e7ons de corruption sur un policier de la PAF de Nice"},"content":{"rendered":"<p>\n    Le policier vis\u00e9 est soup\u00e7onn\u00e9 d\u2019avoir facilit\u00e9 les passages de \u00abmules\u00bb \u00e0 l\u2019a\u00e9roport de Nice.<\/p>\n<p class=\"fig-paragraph\">Un agent de la police aux fronti\u00e8res de\u00a0<a href=\"http:\/\/www.lefigaro.fr\/nice\/aeroport-de-nice-franck-goldnadel-reconduit-comme-president-pour-cinq-ans-20250304\" data-fig-type=\"NewsFlash\" data-gtm-custom-categorie=\"navigation\" data-gtm-custom-action=\"crossclick\" data-gtm-custom-label=\"Contextuel\" data-gtm-event=\"customEventSPE\" data-fig-domain=\"LEFIGARO\" target=\"_blank\" rel=\"noopener\">l\u2019a\u00e9roport de Nice<\/a>\u00a0(Alpes-Maritimes), soup\u00e7onn\u00e9 de corruption dans une affaire de\u00a0<a href=\"http:\/\/www.lefigaro.fr\/actualite-france\/dossier\/narcotrafic-l-ampleur-du-phenomene-en-france\" data-fig-type=\"Topic\" data-gtm-custom-categorie=\"navigation\" data-gtm-custom-action=\"crossclick\" data-gtm-custom-label=\"Contextuel\" data-gtm-event=\"customEventSPE\" data-fig-domain=\"LEFIGARO\" target=\"_blank\" rel=\"noopener\">narcotrafic<\/a>, doit \u00eatre pr\u00e9sent\u00e9 ce lundi \u00e0 un juge en vue d\u2019une possible mise en examen, a indiqu\u00e9 le parquet de Paris. Ce policier \u00e2g\u00e9 de 47 ans a \u00e9t\u00e9 plac\u00e9 en garde \u00e0 vue et \u00e9crou\u00e9 la semaine derni\u00e8re dans le cadre d\u2019une information judiciaire ouverte depuis 2022 notamment des chefs de \u00abtrafic de produits stup\u00e9fiants\u00bb, \u00abblanchiment\u00bb, \u00abassociation de malfaiteurs et corruption\u00bb.<\/p>\n<p class=\"fig-paragraph\">Le parquet de Paris pr\u00e9cise que l\u2019agent de\u00a0<a href=\"http:\/\/www.lefigaro.fr\/nice\/alpes-maritimes-la-cellule-debriefers-de-la-paf-rempart-discret-contre-la-menace-terroriste-20250227\" data-fig-type=\"NewsFlash\" data-gtm-custom-categorie=\"navigation\" data-gtm-custom-action=\"crossclick\" data-gtm-custom-label=\"Contextuel\" data-gtm-event=\"customEventSPE\" data-fig-domain=\"LEFIGARO\" target=\"_blank\" rel=\"noopener\">la police aux fronti\u00e8res (PAF)<\/a>\u00a0doit \u00eatre pr\u00e9sent\u00e9 dans la journ\u00e9e \u00e0 un juge d\u2019instruction parisien sp\u00e9cialis\u00e9 dans la criminalit\u00e9 (Junalco) qui pourrait d\u00e9cider de sa mise en examen.<\/p>\n<p>                                            <a class=\"fig-a11y-skip\" href=\"#fig-a11y-skip-main-inarticle\" data-module=\"a11y-skip\" data-context=\"was @visible\"><br \/>\n    Passer la publicit\u00e9<br \/>\n<\/a>            <\/p>\n<p>                                            Messagerie crypt\u00e9e<\/p>\n<p class=\"fig-paragraph\">Selon RTL, le policier est soup\u00e7onn\u00e9 d\u2019avoir \u00abfacilit\u00e9 le passage de personnes pay\u00e9es pour transporter la drogue dans leurs bagages ou dans leur estomac, pour le compte de narcotrafiquants des pays de l\u2019Est en \u00e9change d\u2019une somme de 1000 euros par passage\u00bb. Les enqu\u00eateurs de la police judiciaire de Nice, \u00abauraient commenc\u00e9 \u00e0 travailler sur cette affaire \u00e0 la suite du d\u00e9cryptage de Sky ECC\u00bb en 2019, pr\u00e9cise Le Parisien.<\/p>\n<p class=\"fig-paragraph\">La\u00a0<a href=\"http:\/\/www.lefigaro.fr\/secteur\/high-tech\/messagerie-cryptee-sky-ecc-la-cour-d-appel-de-paris-devrait-se-prononcer-le-12-decembre-20241113\" data-fig-type=\"NewsFlash\" data-gtm-custom-categorie=\"navigation\" data-gtm-custom-action=\"crossclick\" data-gtm-custom-label=\"Contextuel\" data-gtm-event=\"customEventSPE\" data-fig-domain=\"LEFIGARO\" target=\"_blank\" rel=\"noopener\">messagerie crypt\u00e9e<\/a>\u00a0Sky ECC, r\u00e9put\u00e9e inviolable, a \u00e9t\u00e9 tr\u00e8s pris\u00e9e des narcotrafiquants avant son d\u00e9mant\u00e8lement en 2021.<\/p>\n","protected":false},"excerpt":{"rendered":"Le policier vis\u00e9 est soup\u00e7onn\u00e9 d\u2019avoir facilit\u00e9 les passages de \u00abmules\u00bb \u00e0 l\u2019a\u00e9roport de Nice. Un agent de&hellip;\n","protected":false},"author":2,"featured_media":600896,"comment_status":"","ping_status":"","sticky":false,"template":"","format":"standard","meta":{"footnotes":""},"categories":[2819],"tags":[1111,11,1777,674,1011,27,303,8721,12,2401,38726,882,25],"class_list":{"0":"post-600895","1":"post","2":"type-post","3":"status-publish","4":"format-standard","5":"has-post-thumbnail","7":"category-nice","8":"tag-actu","9":"tag-actualites","10":"tag-eu","11":"tag-europe","12":"tag-fr","13":"tag-france","14":"tag-justice","15":"tag-narcotrafic","16":"tag-news","17":"tag-nice","18":"tag-police-aux-frontieres","19":"tag-provence-alpes-cote-dazur","20":"tag-republique-francaise"},"share_on_mastodon":{"url":"https:\/\/pubeurope.com\/@fr\/115723956709802678","error":""},"_links":{"self":[{"href":"https:\/\/www.europesays.com\/fr\/wp-json\/wp\/v2\/posts\/600895","targetHints":{"allow":["GET"]}}],"collection":[{"href":"https:\/\/www.europesays.com\/fr\/wp-json\/wp\/v2\/posts"}],"about":[{"href":"https:\/\/www.europesays.com\/fr\/wp-json\/wp\/v2\/types\/post"}],"author":[{"embeddable":true,"href":"https:\/\/www.europesays.com\/fr\/wp-json\/wp\/v2\/users\/2"}],"replies":[{"embeddable":true,"href":"https:\/\/www.europesays.com\/fr\/wp-json\/wp\/v2\/comments?post=600895"}],"version-history":[{"count":0,"href":"https:\/\/www.europesays.com\/fr\/wp-json\/wp\/v2\/posts\/600895\/revisions"}],"wp:featuredmedia":[{"embeddable":true,"href":"https:\/\/www.europesays.com\/fr\/wp-json\/wp\/v2\/media\/600896"}],"wp:attachment":[{"href":"https:\/\/www.europesays.com\/fr\/wp-json\/wp\/v2\/media?parent=600895"}],"wp:term":[{"taxonomy":"category","embeddable":true,"href":"https:\/\/www.europesays.com\/fr\/wp-json\/wp\/v2\/categories?post=600895"},{"taxonomy":"post_tag","embeddable":true,"href":"https:\/\/www.europesays.com\/fr\/wp-json\/wp\/v2\/tags?post=600895"}],"curies":[{"name":"wp","href":"https:\/\/api.w.org\/{rel}","templated":true}]}}