{"id":600903,"date":"2025-12-15T14:06:12","date_gmt":"2025-12-15T14:06:12","guid":{"rendered":"https:\/\/www.europesays.com\/fr\/600903\/"},"modified":"2025-12-15T14:06:12","modified_gmt":"2025-12-15T14:06:12","slug":"video-pendant-le-blocage-de-la63-les-agriculteurs-brulent-un-radar-au-sud-de-bordeaux","status":"publish","type":"post","link":"https:\/\/www.europesays.com\/fr\/600903\/","title":{"rendered":"VID\u00c9O. Pendant le blocage de l&rsquo;A63, les agriculteurs br\u00fblent un radar au sud de Bordeaux"},"content":{"rendered":"<p>                    Par<br \/>\n        <strong><br \/>\n            <a href=\"https:\/\/actu.fr\/auteur\/juliette-cardinale\" title=\"Consulter tous les articles de Juliette Cardinale\" target=\"_blank\" rel=\"noopener\">Juliette Cardinale<\/a><br \/>\n                    <\/strong><\/p>\n<p>        Publi\u00e9 le<\/p>\n<p>            15 d\u00e9c. 2025 \u00e0 14h43        <\/p>\n<p>Les agriculteurs sont <a href=\"https:\/\/actu.fr\/societe\/agriculteurs-en-colere-blocages-operations-escargots-les-images-des-mobilisations-en-france-ce-week-end_63575133.html\" target=\"_blank\" rel=\"noopener\">mobilis\u00e9s contre la politique sanitaire du gouvernement.<\/a> Depuis ce dimanche 14 d\u00e9cembre 2025 au soir, la Coordination rurale de la Gironde m\u00e8ne <a href=\"https:\/\/actu.fr\/nouvelle-aquitaine\/cestas_33122\/les-agriculteurs-bloquent-l-autoroute-a63-au-sud-de-bordeaux-des-kilometres-de-bouchons_63576478.html\" target=\"_blank\" rel=\"noopener\">une action coup de poing sur l\u2019autoroute A63 au niveau de Cestas.<\/a> Dans la nuit, certains manifestants ont <strong>br\u00fbl\u00e9 un radar automatique.<\/strong><\/p>\n<blockquote class=\"tiktok-embed\" cite=\"https:\/\/www.tiktok.com\/@actubordeaux\/video\/7584063232097291543\" data-video-id=\"7584063232097291543\" data-embed-from=\"oembed\" style=\"max-width:605px; min-width:325px;\"><p>\n<a target=\"_blank\" title=\"@actubordeaux\" href=\"https:\/\/www.tiktok.com\/@actubordeaux?refer=embed\" rel=\"noopener\">@actubordeaux<\/a> <\/p>\n<p>Les agriculteurs de la Coordination rurale 33 m\u00e8nent une action coup de poing sur l\u2019autoroute A63 au niveau de Cestas (Gironde) pour protester contre la politique sanitaire du gouvernement face \u00e0 l\u2019\u00e9pid\u00e9mie de dermatose nodulaire \ud83d\ude9c <a title=\"agriculteur\" target=\"_blank\" href=\"https:\/\/www.tiktok.com\/tag\/agriculteur?refer=embed\" rel=\"noopener\">#agriculteur<\/a> <a title=\"coordinationrurale\" target=\"_blank\" href=\"https:\/\/www.tiktok.com\/tag\/coordinationrurale?refer=embed\" rel=\"noopener\">#coordinationrurale<\/a>  <a title=\"a63\" target=\"_blank\" href=\"https:\/\/www.tiktok.com\/tag\/a63?refer=embed\" rel=\"noopener\">#a63<\/a> <a title=\"radar\" target=\"_blank\" href=\"https:\/\/www.tiktok.com\/tag\/radar?refer=embed\" rel=\"noopener\">#radar<\/a> <a title=\"gironde\" target=\"_blank\" href=\"https:\/\/www.tiktok.com\/tag\/gironde?refer=embed\" rel=\"noopener\">#gironde<\/a> <\/p>\n<p> <a target=\"_blank\" title=\"\u266c son original - Actu Bordeaux\" href=\"https:\/\/www.tiktok.com\/music\/son-original-7584063241266662166?refer=embed\" rel=\"noopener\">\u266c son original \u2013 Actu Bordeaux<\/a> <\/p>\n<\/blockquote>\n<p class=\" wall-content\">Les agriculteurs ont r\u00e9cup\u00e9r\u00e9 le radar sur l\u2019autoroute avec un tracteur puis l\u2019ont men\u00e9 quelques kilom\u00e8tres plus loin <strong>pour le br\u00fbler,<\/strong> devant l\u2019entrep\u00f4t logistique de Carrefour<\/p>\n<p class=\" wall-content\">Que risquent-ils ?\u00a0<\/p>\n<p class=\" wall-content\">Les actes de vandalisme sur des radars automatiques sont <strong>des d\u00e9lits.<\/strong> L\u2019auteur d\u2019une destruction totale d\u2019un radar s\u2019expose \u00e0 une amende pouvant aller <strong>jusqu\u2019\u00e0 75 000 euros<\/strong> et jusqu\u2019\u00e0 5 ans de prison.<\/p>\n<p class=\" wall-content\">\u00ab\u00a0Si l\u2019action a \u00e9t\u00e9 men\u00e9e par un groupe de personne, ou un individu masqu\u00e9, la peine est encore plus lourde : <strong>jusqu\u2019\u00e0 100 000 euros d\u2019amende<\/strong> et <strong>7 ans d\u2019emprisonnement\u00a0\u00bb<\/strong>, <a href=\"https:\/\/www.securite-routiere.gouv.fr\/radars\/radars-et-sanctions\/la-degradation-des-radars\" target=\"_blank\" rel=\"noopener\">pr\u00e9cise l\u2019\u00c9tat.<\/a><\/p>\n<p class=\" wall-content\">Pour rappel, les agriculteurs r\u00e9pondent \u00e0 l\u2019appel de la Coordination rurale et protestent contre\u00a0<strong>l\u2019abattage totale des troupeaux<\/strong>\u00a0au moindre cas de dermatose nodulaire contagieuse (DNC). Dans la nuit du 11 au 12 d\u00e9cembre, ils avaient d\u00e9j\u00e0 men\u00e9\u00a0<a href=\"https:\/\/actu.fr\/nouvelle-aquitaine\/bruges_33075\/devant-un-batiment-d-etat-en-gironde-des-agriculteurs-ont-pendu-un-sanglier-pour-faire-passer-un-message-fort_63568257.html\" target=\"_blank\" rel=\"noopener\">plusieurs actions coup de poing dans la m\u00e9tropole bordelaise.<\/a>\u00a0Et ils sont d\u00e9termin\u00e9s \u00e0 \u00eatre entendus, quitte \u00e0 \u00ab\u00a0passer les f\u00eates de fin d\u2019ann\u00e9e\u00a0\u00bb sur le blocage de Cestas.<\/p>\n<p class=\" wall-content\">Personnalisez votre actualit\u00e9 en ajoutant vos villes et m\u00e9dias en favori avec <a href=\"https:\/\/moncompte.actu.fr\" title=\"D\u00e9couvez Mon Actu\" rel=\"nofollow noopener\" data-trk=\"{&quot;cta&quot;:{&quot;action&quot;:&quot;https:\\\/\\\/moncompte.actu.fr&quot;,&quot;category&quot;:&quot;mon compte&quot;,&quot;from&quot;:&quot;article footer&quot;,&quot;name&quot;:&quot;Mon actu&quot;,&quot;type&quot;:&quot;cta&quot;}}\" target=\"_blank\">Mon Actu<\/a>.<\/p>\n<p>                    <script async src=\"\/\/www.tiktok.com\/embed.js\"><\/script><\/p>\n","protected":false},"excerpt":{"rendered":"Par Juliette Cardinale Publi\u00e9 le 15 d\u00e9c. 2025 \u00e0 14h43 Les agriculteurs sont mobilis\u00e9s contre la politique sanitaire&hellip;\n","protected":false},"author":2,"featured_media":600904,"comment_status":"","ping_status":"","sticky":false,"template":"","format":"standard","meta":{"footnotes":""},"categories":[2817],"tags":[1111,11,327,21591,1997,1777,674,1011,27,1272,12,2219,25,104],"class_list":{"0":"post-600903","1":"post","2":"type-post","3":"status-publish","4":"format-standard","5":"has-post-thumbnail","7":"category-bordeaux","8":"tag-actu","9":"tag-actualites","10":"tag-agriculture","11":"tag-autoroute-63-a63","12":"tag-bordeaux","13":"tag-eu","14":"tag-europe","15":"tag-fr","16":"tag-france","17":"tag-manifestations","18":"tag-news","19":"tag-nouvelle-aquitaine","20":"tag-republique-francaise","21":"tag-societe"},"share_on_mastodon":{"url":"https:\/\/pubeurope.com\/@fr\/115723972373236740","error":""},"_links":{"self":[{"href":"https:\/\/www.europesays.com\/fr\/wp-json\/wp\/v2\/posts\/600903","targetHints":{"allow":["GET"]}}],"collection":[{"href":"https:\/\/www.europesays.com\/fr\/wp-json\/wp\/v2\/posts"}],"about":[{"href":"https:\/\/www.europesays.com\/fr\/wp-json\/wp\/v2\/types\/post"}],"author":[{"embeddable":true,"href":"https:\/\/www.europesays.com\/fr\/wp-json\/wp\/v2\/users\/2"}],"replies":[{"embeddable":true,"href":"https:\/\/www.europesays.com\/fr\/wp-json\/wp\/v2\/comments?post=600903"}],"version-history":[{"count":0,"href":"https:\/\/www.europesays.com\/fr\/wp-json\/wp\/v2\/posts\/600903\/revisions"}],"wp:featuredmedia":[{"embeddable":true,"href":"https:\/\/www.europesays.com\/fr\/wp-json\/wp\/v2\/media\/600904"}],"wp:attachment":[{"href":"https:\/\/www.europesays.com\/fr\/wp-json\/wp\/v2\/media?parent=600903"}],"wp:term":[{"taxonomy":"category","embeddable":true,"href":"https:\/\/www.europesays.com\/fr\/wp-json\/wp\/v2\/categories?post=600903"},{"taxonomy":"post_tag","embeddable":true,"href":"https:\/\/www.europesays.com\/fr\/wp-json\/wp\/v2\/tags?post=600903"}],"curies":[{"name":"wp","href":"https:\/\/api.w.org\/{rel}","templated":true}]}}