{"id":600905,"date":"2025-12-15T14:07:10","date_gmt":"2025-12-15T14:07:10","guid":{"rendered":"https:\/\/www.europesays.com\/fr\/600905\/"},"modified":"2025-12-15T14:07:10","modified_gmt":"2025-12-15T14:07:10","slug":"jai-du-me-garer-sur-un-trottoir-les-patients-et-le-personnel-de-la-clinique-medipole-face-a-linstallation-de-caravanes-sur-un-parking","status":"publish","type":"post","link":"https:\/\/www.europesays.com\/fr\/600905\/","title":{"rendered":"\u00ab\u00a0J\u2019ai d\u00fb me garer sur un trottoir\u00a0\u00bb, les patients et le personnel de la clinique M\u00e9dip\u00f4le face \u00e0 l\u2019installation de caravanes sur un parking"},"content":{"rendered":"<p>\n                                                                    l&rsquo;essentiel<br \/>\n                                                                Les patients et le personnel de la clinique M\u00e9dip\u00f4le Garonne sont confront\u00e9s \u00e0 un probl\u00e8me de stationnement. Depuis ce week-end, des caravanes de gens du voyage se sont install\u00e9es sur un emplacement de parking.\n                            <\/p>\n<p>Il \u00e9tait bien difficile de se garer ce lundi 15\u00a0d\u00e9cembre pour se rendre \u00e0 la clinique M\u00e9dip\u00f4le Garonne \u00e0 Toulouse. Dossier radiologique orange en main, la d\u00e9marche l\u00e9g\u00e8rement claudicante, un patient longe le parking de la clinique. \u00ab\u00a0C\u2019\u00e9tait vraiment compliqu\u00e9 ce matin. Je viens de Colomiers, je pensais qu\u2019avec un parking payant je n\u2019aurais pas de probl\u00e8me. J\u2019ai d\u00fb me garer \u00e0 l\u2019ext\u00e9rieur, \u00e0 cheval sur un trottoir, j\u2019esp\u00e8re ne pas avoir d\u2019amende\u00a0\u00bb, indique-t-il avant de rejoindre son v\u00e9hicule.<\/p>\n<p>Comme lui, des centaines de patients ont pratiqu\u00e9 le gymkhana sur le parking de l\u2019\u00e9tablissement ou se sont r\u00e9solus \u00e0 laisser leur voiture sur la chauss\u00e9e, en dehors d\u2019emplacements de stationnement r\u00e9serv\u00e9s. Car, depuis ce week-end, des dizaines de caravanes de gens du voyage se sont install\u00e9es sur le parking provisoire d\u00e9volu au personnel de la clinique, rue de Gironis, pr\u00e8s du passage \u00e0 niveau. Cet emplacement temporaire, c\u00f4t\u00e9 H\u00f4pital Marchant, a \u00e9t\u00e9 ouvert le temps des travaux d\u2019extension men\u00e9s sur la clinique.<\/p>\n<p>Le personnel s\u2019est report\u00e9 sur le parking visiteurs<\/p>\n<p>Priv\u00e9s de cette solution de stationnement, m\u00e9decins, personnel soignant et administratif se sont alors report\u00e9s sur le parking r\u00e9serv\u00e9 aux patients et visiteurs. Habituellement payant, il a fonctionn\u00e9 ce lundi avec les barri\u00e8res ouvertes. La clinique M\u00e9dip\u00f4le Garonne (groupe des cliniques ind\u00e9pendantes Clinavenir) n\u2019a pas souhait\u00e9 communiquer sur cette probl\u00e9matique de stationnement \u00e0 laquelle elle s\u2019est retrouv\u00e9e confront\u00e9e ce lundi.<\/p>\n<p class=\"std-elt__inline\">\n        <strong>\u00c0 lire aussi :<\/strong><br \/>\n        <a href=\"https:\/\/www.ladepeche.fr\/2020\/02\/08\/la-clinique-medipole-garonne-sagrandit-pour-accueillir-plus-de-25-000-patients-par-an,8719396.php\" target=\"_blank\" rel=\"noopener\">La clinique M\u00e9dip\u00f4le Garonne s\u2019agrandit  pour accueillir plus de 25 000 patients par an<\/a>\n    <\/p>\n<p>Avec 208 lits et places, 85 m\u00e9decins, la clinique M\u00e9dip\u00f4le Garonne (groupe des cliniques ind\u00e9pendantes Clinavenir) accueille chaque ann\u00e9e pr\u00e8s de 23\u00a0000 patients avec une majorit\u00e9 d\u2019actes en chirurgie traumatique et orthop\u00e9dique. Ouverte en 2010, elle a \u00e9tendu ses activit\u00e9s en 2020 avec 6 blocs op\u00e9ratoires et 20 bureaux de consultations suppl\u00e9mentaires pour atteindre une surface de 19\u00a0000 m\u00b2. Apr\u00e8s un an de travaux et un investissement de 20\u00a0millions d\u2019euros, l\u2019\u00e9tablissement doit inaugurer un nouveau b\u00e2timent en janvier\u00a02026 pour d\u00e9velopper encore sa capacit\u00e9 d\u2019accueil et de prise en charge.<\/p>\n","protected":false},"excerpt":{"rendered":"l&rsquo;essentiel Les patients et le personnel de la clinique M\u00e9dip\u00f4le Garonne sont confront\u00e9s \u00e0 un probl\u00e8me de stationnement.&hellip;\n","protected":false},"author":2,"featured_media":600906,"comment_status":"","ping_status":"","sticky":false,"template":"","format":"standard","meta":{"footnotes":""},"categories":[2816],"tags":[69883,1111,11,1777,674,1011,27,329,2722,12,2680,25,1857,2312],"class_list":{"0":"post-600905","1":"post","2":"type-post","3":"status-publish","4":"format-standard","5":"has-post-thumbnail","7":"category-toulouse","8":"tag-accueil-des-gens-du-voyage","9":"tag-actu","10":"tag-actualites","11":"tag-eu","12":"tag-europe","13":"tag-fr","14":"tag-france","15":"tag-france-monde","16":"tag-haute-garonne","17":"tag-news","18":"tag-occitanie","19":"tag-republique-francaise","20":"tag-sociu00e9tu00e9","21":"tag-toulouse"},"share_on_mastodon":{"url":"https:\/\/pubeurope.com\/@fr\/115723977797366151","error":""},"_links":{"self":[{"href":"https:\/\/www.europesays.com\/fr\/wp-json\/wp\/v2\/posts\/600905","targetHints":{"allow":["GET"]}}],"collection":[{"href":"https:\/\/www.europesays.com\/fr\/wp-json\/wp\/v2\/posts"}],"about":[{"href":"https:\/\/www.europesays.com\/fr\/wp-json\/wp\/v2\/types\/post"}],"author":[{"embeddable":true,"href":"https:\/\/www.europesays.com\/fr\/wp-json\/wp\/v2\/users\/2"}],"replies":[{"embeddable":true,"href":"https:\/\/www.europesays.com\/fr\/wp-json\/wp\/v2\/comments?post=600905"}],"version-history":[{"count":0,"href":"https:\/\/www.europesays.com\/fr\/wp-json\/wp\/v2\/posts\/600905\/revisions"}],"wp:featuredmedia":[{"embeddable":true,"href":"https:\/\/www.europesays.com\/fr\/wp-json\/wp\/v2\/media\/600906"}],"wp:attachment":[{"href":"https:\/\/www.europesays.com\/fr\/wp-json\/wp\/v2\/media?parent=600905"}],"wp:term":[{"taxonomy":"category","embeddable":true,"href":"https:\/\/www.europesays.com\/fr\/wp-json\/wp\/v2\/categories?post=600905"},{"taxonomy":"post_tag","embeddable":true,"href":"https:\/\/www.europesays.com\/fr\/wp-json\/wp\/v2\/tags?post=600905"}],"curies":[{"name":"wp","href":"https:\/\/api.w.org\/{rel}","templated":true}]}}