{"id":600913,"date":"2025-12-15T14:11:17","date_gmt":"2025-12-15T14:11:17","guid":{"rendered":"https:\/\/www.europesays.com\/fr\/600913\/"},"modified":"2025-12-15T14:11:17","modified_gmt":"2025-12-15T14:11:17","slug":"les-pepites-naturelles-un-appel-a-projets-pour-reinvestir-la-nature-au-coeur-de-la-ville","status":"publish","type":"post","link":"https:\/\/www.europesays.com\/fr\/600913\/","title":{"rendered":"Les P\u00e9pites naturelles, un appel \u00e0 projets pour r\u00e9investir la nature au c\u0153ur de la Ville"},"content":{"rendered":"<p>Pour valoriser ses P\u00e9pites naturelles, la Ville de Marseille a lanc\u00e9 un appel \u00e0 projets citoyen afin de renouer avec la biodiversit\u00e9 et la nature en ville. Cet appel \u00e0 projets concernait 7 <a href=\"https:\/\/www.marseille.fr\/environnement\/nature-en-ville\/plus-de-friches-urbaines-naturelles\" target=\"_blank\" rel=\"noopener\">friches urbaines naturelles<\/a>\u00a0: des terrains largement m\u00e9connus qui sont de v\u00e9ritables tr\u00e9sors de biodiversit\u00e9.<\/p>\n<p>Les 7 P\u00e9pites naturelles sont tout \u00e0 la fois des \u00eelots de nature, des espaces de fra\u00eecheur, des lieux de ressourcement o\u00f9 les habitants aiment \u00e0 se promener et des sites d\u2019\u00e9ducation \u00e0 l\u2019environnement. Elles contribuent \u00e0 un cadre de vie de qualit\u00e9 et au bien-\u00eatre des marseillais.<\/p>\n<p>L\u2019appel \u00e0 projets P\u00e9pites naturelles invitait les citoyens, associations et collectifs \u00e0 proposer des id\u00e9es pour redonner vie \u00e0 ces espaces, mieux les conna\u00eetre, les pr\u00e9server et les valoriser. Le projet laur\u00e9at va b\u00e9n\u00e9ficier d\u2019une mise \u00e0 disposition des terrains pour une dur\u00e9e de 4 ans renouvelable, d\u2019une subvention d\u2019investissement du budget participatif n\u00b02 \u00ab\u00a0Prot\u00e9geons notre biodiversit\u00e9\u00a0\u00bb et d\u2019un partenariat avec la Ville.<\/p>\n<p>\u00a0<\/p>\n<p>Une gestion \u00e9cologique, participative et citoyenne avec \u00ab\u00a0Plus belle ma friche\u00a0\u00bb\u00a0<\/p>\n<p><strong>Le projet citoyen \u00ab\u00a0Plus belle ma friche\u00a0\u00bb, retenu par la Ville, pr\u00e9voit ainsi une gestion \u00e9cologique des 7 P\u00e9pites naturelles, en association avec les riverains et les Marseillais au sens large.<\/strong><\/p>\n<p>La d\u00e9marche participative et citoyenne est au c\u0153ur de cette initiative. Il s&rsquo;agit d\u2019am\u00e9liorer la connaissance des P\u00e9pites naturelles en r\u00e9alisant des diagnostics \u00e9cologiques et des inventaires participatifs de la faune et de la flore. \u00c0 partir de ces informations, des plans de gestion \u00e9cologique seront d\u00e9finis, avec la mise en place d&rsquo;exp\u00e9rimentations comme l\u2019\u00e9co-p\u00e2turage, l\u2019arrachage d\u2019esp\u00e8ces exotiques envahissantes ou des mises en d\u00e9fens (dispositifs de protection de la zone notamment\u2026).<\/p>\n<p>Le projet Plus belle ma friche pr\u00e9voit \u00e9galement des chantiers participatifs, des actions de sensibilisation et d\u2019\u00e9ducation \u00e0 l\u2019environnement, des balades d\u00e9couvertes, des animations et jeux pour les plus jeunes ou encore des ateliers autour des plantes aromatiques et m\u00e9dicinales\u2026<\/p>\n<p>\u00a0<\/p>\n<p><img decoding=\"async\" src=\"https:\/\/www.europesays.com\/fr\/wp-content\/uploads\/2025\/12\/friche-denise.webp.webp\" data-entity-uuid=\"611f4bfa-c730-429b-b627-fa262018ba12\" data-entity-type=\"file\" alt=\"\" width=\"6000\" height=\"4000\" loading=\"lazy\"\/><\/p>\n<p>\u00a0<\/p>\n<p>Qui est derri\u00e8re le projet laur\u00e9at ?\u00a0<\/p>\n<p><strong>Le projet Plus belle la friche est port\u00e9 par un consortium pilot\u00e9 par la Cit\u00e9 des transitions et f\u00e9d\u00e9rant 10 associations qui \u0153uvrent dans les dimensions sociales et \u00e9cologiques de la ville.\u00a0<\/strong><\/p>\n<p>La Cit\u00e9 des Transitions rassemble des acteurs locaux engag\u00e9s pour une ville plus \u00e9cologique et solidaire. Elle facilite les rencontres, met en valeur les projets du territoire et accompagne de nouvelles actions collectives. Son objectif\u00a0: cr\u00e9er du lien et unir les forces locales pour acc\u00e9l\u00e9rer les transitions \u00e9cologique et sociale.<br \/>\u00a0<\/p>\n<p>Les associations du consortium\u00a0<\/p>\n<ul>\n<li><strong>Air Citoyen\u00a0<\/strong><br \/>Actions pour mieux comprendre et agir pour l\u2019am\u00e9lioration de la qualit\u00e9 de l\u2019air et de l\u2019environnement au quotidien.<\/li>\n<li><strong>Atelier Bleu &#8211; CPIE C\u00f4te Proven\u00e7ale\u00a0<\/strong><br \/>Formations, sensibilisation et accompagnement de tous les publics sur les enjeux \u00e9cologiques de la c\u00f4te proven\u00e7ale.<\/li>\n<li><strong>Cultures Permanentes\u00a0<\/strong><br \/>Accompagnement et formation aux pratiques agricoles r\u00e9g\u00e9n\u00e9ratives, comme la permaculture, et \u00e0 la gestion durable des ressources.<\/li>\n<li><strong>GERM\u2019<\/strong><br \/>Projets de territoire valorisant la biodiversit\u00e9 et l&rsquo;am\u00e9lioration du cadre de vie, qui associent habitants, usagers et professionnels.<\/li>\n<li><strong>ISSU &#8211; Initiatives pour la Sauvegarde des Sols Urbains<\/strong><br \/>\u00c9tudes des sols en ville, sensibilisation du public gr\u00e2ce \u00e0 des approches scientifiques, artistiques et \u00e9ducatives.<\/li>\n<li><strong>LPO PACA<\/strong><br \/>Protection de la nature et de la biodiversit\u00e9 dans toute la r\u00e9gion.<\/li>\n<li><strong>Le Paysan Urbain Marseille M\u00e9tropole<\/strong><br \/>D\u00e9veloppement de l\u2019agriculture urbaine et accompagnement des personnes \u00e9loign\u00e9es de l\u2019emploi vers les m\u00e9tiers verts. \u00a0<\/li>\n<li><strong>Les Ateliers \u00c9cocitoyens<\/strong><br \/>Projets mobilisant habitants et associations locales pour encourager la participation citoyenne et les gestes concrets pour l\u2019environnement.<\/li>\n<li><strong>Les Moutons Marseillais<\/strong><br \/>Animations, micro-transhumances, \u00e9levage de brebis en circuit court et \u00e9co-p\u00e2turage pour l&rsquo;entretien des espaces urbains.<\/li>\n<\/ul>\n<p>\u00a0<\/p>\n<p class=\"text-align-center\"><a class=\"btn btn-primary\" href=\"https:\/\/www.marseille.fr\/environnement\/nature-en-ville\/plus-de-friches-urbaines-naturelles\" target=\"_blank\" rel=\"noopener\">En savoir plus sur les FUN<\/a>\u00a0<\/p>\n","protected":false},"excerpt":{"rendered":"Pour valoriser ses P\u00e9pites naturelles, la Ville de Marseille a lanc\u00e9 un appel \u00e0 projets citoyen afin de&hellip;\n","protected":false},"author":2,"featured_media":600914,"comment_status":"","ping_status":"","sticky":false,"template":"","format":"standard","meta":{"footnotes":""},"categories":[2814],"tags":[1111,11,1777,674,1011,27,884,12,882,25],"class_list":{"0":"post-600913","1":"post","2":"type-post","3":"status-publish","4":"format-standard","5":"has-post-thumbnail","7":"category-marseille","8":"tag-actu","9":"tag-actualites","10":"tag-eu","11":"tag-europe","12":"tag-fr","13":"tag-france","14":"tag-marseille","15":"tag-news","16":"tag-provence-alpes-cote-dazur","17":"tag-republique-francaise"},"share_on_mastodon":{"url":"https:\/\/pubeurope.com\/@fr\/115723992931099778","error":""},"_links":{"self":[{"href":"https:\/\/www.europesays.com\/fr\/wp-json\/wp\/v2\/posts\/600913","targetHints":{"allow":["GET"]}}],"collection":[{"href":"https:\/\/www.europesays.com\/fr\/wp-json\/wp\/v2\/posts"}],"about":[{"href":"https:\/\/www.europesays.com\/fr\/wp-json\/wp\/v2\/types\/post"}],"author":[{"embeddable":true,"href":"https:\/\/www.europesays.com\/fr\/wp-json\/wp\/v2\/users\/2"}],"replies":[{"embeddable":true,"href":"https:\/\/www.europesays.com\/fr\/wp-json\/wp\/v2\/comments?post=600913"}],"version-history":[{"count":0,"href":"https:\/\/www.europesays.com\/fr\/wp-json\/wp\/v2\/posts\/600913\/revisions"}],"wp:featuredmedia":[{"embeddable":true,"href":"https:\/\/www.europesays.com\/fr\/wp-json\/wp\/v2\/media\/600914"}],"wp:attachment":[{"href":"https:\/\/www.europesays.com\/fr\/wp-json\/wp\/v2\/media?parent=600913"}],"wp:term":[{"taxonomy":"category","embeddable":true,"href":"https:\/\/www.europesays.com\/fr\/wp-json\/wp\/v2\/categories?post=600913"},{"taxonomy":"post_tag","embeddable":true,"href":"https:\/\/www.europesays.com\/fr\/wp-json\/wp\/v2\/tags?post=600913"}],"curies":[{"name":"wp","href":"https:\/\/api.w.org\/{rel}","templated":true}]}}