{"id":600915,"date":"2025-12-15T14:12:14","date_gmt":"2025-12-15T14:12:14","guid":{"rendered":"https:\/\/www.europesays.com\/fr\/600915\/"},"modified":"2025-12-15T14:12:14","modified_gmt":"2025-12-15T14:12:14","slug":"said-ouichou-medecin-des-quartiers-nord-de-marseille-rallie-erwan-davoux-et-nora-preziosi","status":"publish","type":"post","link":"https:\/\/www.europesays.com\/fr\/600915\/","title":{"rendered":"Sa\u00efd Ouichou, m\u00e9decin des quartiers nord de Marseille, rallie Erwan Davoux et Nora Preziosi"},"content":{"rendered":"<p>\n    <strong>INFO LE FIGARO<\/strong> &#8211; Le praticien a pris la d\u00e9cision de rejoindre l\u2019ex-collaborateur de Martine Vassal en vue du scrutin. D\u00e9\u00e7u par le positionnement de cette derni\u00e8re vis-\u00e0-vis de RN, le m\u00e9decin ne souhaite pas \u00ablaisser le champ \u00e0 l\u2019extr\u00eame droite\u00bb.<\/p>\n<p class=\"fig-paragraph\">C\u2019est une figure de la soci\u00e9t\u00e9 civile marseillaise.\u00a0<a href=\"http:\/\/www.lefigaro.fr\/marseille\/le-combat-de-said-ouichou-medecin-des-quartiers-nord-de-marseille-en-lutte-contre-les-violences-faites-aux-soignants-20250414\" data-fig-type=\"NewsFlash\" data-gtm-custom-categorie=\"navigation\" data-gtm-custom-action=\"crossclick\" data-gtm-custom-label=\"Contextuel\" data-gtm-event=\"customEventSPE\" data-fig-domain=\"LEFIGARO\" target=\"_blank\" rel=\"noopener\">Sa\u00efd Ouichou<\/a>, m\u00e9decin g\u00e9n\u00e9raliste embl\u00e9matique des quartiers nord de la cit\u00e9 phoc\u00e9enne, rallie officiellement la candidature commune d\u2019<a href=\"http:\/\/www.lefigaro.fr\/marseille\/municipales-a-marseille-erwan-davoux-candidat-a-la-mairie-et-accusateur-de-martine-vassal-vise-par-une-plainte-20251118\" data-fig-type=\"NewsFlash\" data-gtm-custom-categorie=\"navigation\" data-gtm-custom-action=\"crossclick\" data-gtm-custom-label=\"Contextuel\" data-gtm-event=\"customEventSPE\" data-fig-domain=\"LEFIGARO\" target=\"_blank\" rel=\"noopener\">Erwan Davoux<\/a>\u00a0et de\u00a0<a href=\"http:\/\/www.lefigaro.fr\/marseille\/voila-sa-vengeance-nora-preziosi-sanctionnee-par-martine-vassal-apres-sa-candidature-aux-municipales-a-marseille-20251113\" data-fig-type=\"NewsFlash\" data-gtm-custom-categorie=\"navigation\" data-gtm-custom-action=\"crossclick\" data-gtm-custom-label=\"Contextuel\" data-gtm-event=\"customEventSPE\" data-fig-domain=\"LEFIGARO\" target=\"_blank\" rel=\"noopener\">Nora Preziosi<\/a>\u00a0en vue du scrutin municipal de mars 2026.<\/p>\n<p class=\"fig-paragraph\">\u00abJ\u2019ai pris la d\u00e9cision de les rejoindre, ce n\u2019\u00e9tait pas une d\u00e9cision facile. Mais je ne pouvais pas rejoindre quelqu\u2019un qui a r\u00e9trop\u00e9dal\u00e9 et laiss\u00e9 la porte ouverte \u00e0 l\u2019extr\u00eame droite. Je reste align\u00e9 avec mes valeurs\u00bb, a expliqu\u00e9 le praticien aupr\u00e8s du Figaro, faisant r\u00e9f\u00e9rence \u00e0 Martine Vassal et \u00e0 ses propos\u00a0<a href=\"http:\/\/www.lefigaro.fr\/marseille\/on-verra-a-ce-moment-la-martine-vassal-ne-ferme-pas-la-porte-a-un-accord-avec-le-rn-pour-le-second-tour-des-municipales-a-marseille-20251201\" data-fig-type=\"NewsFlash\" data-gtm-custom-categorie=\"navigation\" data-gtm-custom-action=\"crossclick\" data-gtm-custom-label=\"Contextuel\" data-gtm-event=\"customEventSPE\" data-fig-domain=\"LEFIGARO\" target=\"_blank\" rel=\"noopener\">qui avaient suscit\u00e9 la pol\u00e9mique<\/a>.<\/p>\n<p class=\"fig-paragraph\">D\u00e9but d\u00e9cembre, la candidate de la droite avait tenu des propos ambigus sur les ondes de Sud Radio, ne semblant pas totalement fermer la porte \u00e0 un \u00e9ventuel ralliement avec le Rassemblement national de\u00a0<a href=\"http:\/\/www.lefigaro.fr\/marseille\/municipales-a-marseille-et-si-le-rn-gagnait-20251213\" data-fig-type=\"Article\" data-gtm-custom-categorie=\"navigation\" data-gtm-custom-action=\"crossclick\" data-gtm-custom-label=\"Contextuel\" data-gtm-event=\"customEventSPE\" data-fig-domain=\"LEFIGARO\" target=\"_blank\" rel=\"noopener\">Franck Allisio<\/a>\u00a0en cas d\u2019\u00e9chec aux portes du second tour des \u00e9lections. Une position depuis largement d\u00e9mentie par l\u2019int\u00e9ress\u00e9e et son entourage, mais qui a fait r\u00e9agir \u00e0 Marseille o\u00f9 la bataille\u2026<\/p>\n<p class=\"fig-premium-paywall__infos\">\n        Cet article est r\u00e9serv\u00e9 aux abonn\u00e9s.        Il vous reste 67% \u00e0 d\u00e9couvrir.\n    <\/p>\n<p>                <img  data- alt=\"Le Figaro\" class=\"fig-img--complete fig-img\"\/><\/p>\n<p class=\"fig-premium-paywall__title\">Vente Flash<\/p>\n<p class=\"fig-premium-paywall__subtitle\">-50% sur l&rsquo;abonnement num\u00e9rique<\/p>\n<p class=\"fig-premium-paywall__connect\">\n                D\u00e9j\u00e0 abonn\u00e9\u00a0?                <a class=\"fig-premium-paywall__connect-link\" href=\"https:\/\/connect.lefigaro.fr\/login?client=horizon_web&amp;type=main&amp;redirect_uri=https%3A%2F%2Fwww.lefigaro.fr%2Fmarseille%2Fmunicipales-2026-said-ouichou-medecin-des-quartiers-nord-de-marseille-rallie-erwan-davoux-et-nora-preziosi-20251215\" data-js-gtm=\"{&quot;customCategorie&quot;: &quot;conversion&quot;, &quot;customAction&quot;: &quot;before_Landing_Connexion_paywall_auto&quot;, &quot;customLabel&quot;: &quot;bGVmaWdhcm8uZnJfXzFmMGQ5YjU3LTE0NDQtNmI0Ni04YTU3LTYxYWI0ZjcxZjkzZV9fTmV3c0ZsYXNo_Municipales 2026\u00a0: Sa\u00efd Ouichou, m\u00e9decin des quartiers nord de Marseille, rallie Erwan Davoux et Nora Preziosi_393&quot;, &quot;customIDSPE&quot;: &quot;bGVmaWdhcm8uZnJfXzFmMGQ5YjU3LTE0NDQtNmI0Ni04YTU3LTYxYWI0ZjcxZjkzZV9fTmV3c0ZsYXNo&quot;, &quot;event&quot;: &quot;customEventSPE&quot;}\" target=\"_blank\" rel=\"noopener\"><br \/>\n                    Connectez-vous<br \/>\n                <\/a>\n            <\/p>\n","protected":false},"excerpt":{"rendered":"INFO LE FIGARO &#8211; Le praticien a pris la d\u00e9cision de rejoindre l\u2019ex-collaborateur de Martine Vassal en vue&hellip;\n","protected":false},"author":2,"featured_media":600916,"comment_status":"","ping_status":"","sticky":false,"template":"","format":"standard","meta":{"footnotes":""},"categories":[2814],"tags":[1111,11,4188,1777,674,1011,27,884,12,316,882,25],"class_list":{"0":"post-600915","1":"post","2":"type-post","3":"status-publish","4":"format-standard","5":"has-post-thumbnail","7":"category-marseille","8":"tag-actu","9":"tag-actualites","10":"tag-elections-municipales","11":"tag-eu","12":"tag-europe","13":"tag-fr","14":"tag-france","15":"tag-marseille","16":"tag-news","17":"tag-politique","18":"tag-provence-alpes-cote-dazur","19":"tag-republique-francaise"},"share_on_mastodon":{"url":"https:\/\/pubeurope.com\/@fr\/115723996007999110","error":""},"_links":{"self":[{"href":"https:\/\/www.europesays.com\/fr\/wp-json\/wp\/v2\/posts\/600915","targetHints":{"allow":["GET"]}}],"collection":[{"href":"https:\/\/www.europesays.com\/fr\/wp-json\/wp\/v2\/posts"}],"about":[{"href":"https:\/\/www.europesays.com\/fr\/wp-json\/wp\/v2\/types\/post"}],"author":[{"embeddable":true,"href":"https:\/\/www.europesays.com\/fr\/wp-json\/wp\/v2\/users\/2"}],"replies":[{"embeddable":true,"href":"https:\/\/www.europesays.com\/fr\/wp-json\/wp\/v2\/comments?post=600915"}],"version-history":[{"count":0,"href":"https:\/\/www.europesays.com\/fr\/wp-json\/wp\/v2\/posts\/600915\/revisions"}],"wp:featuredmedia":[{"embeddable":true,"href":"https:\/\/www.europesays.com\/fr\/wp-json\/wp\/v2\/media\/600916"}],"wp:attachment":[{"href":"https:\/\/www.europesays.com\/fr\/wp-json\/wp\/v2\/media?parent=600915"}],"wp:term":[{"taxonomy":"category","embeddable":true,"href":"https:\/\/www.europesays.com\/fr\/wp-json\/wp\/v2\/categories?post=600915"},{"taxonomy":"post_tag","embeddable":true,"href":"https:\/\/www.europesays.com\/fr\/wp-json\/wp\/v2\/tags?post=600915"}],"curies":[{"name":"wp","href":"https:\/\/api.w.org\/{rel}","templated":true}]}}