{"id":600917,"date":"2025-12-15T14:13:14","date_gmt":"2025-12-15T14:13:14","guid":{"rendered":"https:\/\/www.europesays.com\/fr\/600917\/"},"modified":"2025-12-15T14:13:14","modified_gmt":"2025-12-15T14:13:14","slug":"alexandre-chevalier-exclu-par-place-publique","status":"publish","type":"post","link":"https:\/\/www.europesays.com\/fr\/600917\/","title":{"rendered":"Alexandre Chevalier exclu par Place Publique"},"content":{"rendered":"<p itemprop=\"description\"><strong>Lors de chaque \u00e9lection, des candidatures dissidentes ou des soutiens marginaux entra\u00eenent son lot d&rsquo;exclusions de partis ou de d\u00e9parts fracassants.<\/strong><\/p>\n<p>Les \u00e9lections municipales \u00e0 Lyon n&rsquo;y coupent pas, puisque Place Publique vient d&rsquo;annoncer\u00a0engager une proc\u00e9dure d\u2019exclusion imm\u00e9diate \u00e0 l\u2019encontre d\u2019<a href=\"https:\/\/www.lyonmag.com\/profil-personnalite-lyonnaise\/584\/alexandre-chevalier\" target=\"_blank\" rel=\"noopener\">Alexandre Chevalier<\/a>, adjoint au maire de Lyon et adh\u00e9rent du mouvement, apr\u00e8s <a href=\"https:\/\/www.lyonmag.com\/article\/148948\/municipales-2026-a-lyon-georges-kepenekian-refuse-les-alliances-et-recupere-un-ex-soutien-de-gregory-doucet\" target=\"_blank\" rel=\"noopener\">sa d\u00e9cision ce lundi<\/a> de rejoindre finalement la liste conduite par <a href=\"https:\/\/www.lyonmag.com\/profil-personnalite-lyonnaise\/35\/georges-kepenekian\" target=\"_blank\" rel=\"noopener\">Georges K\u00e9p\u00e9n\u00e9kian<\/a> pour le scrutin de mars 2026.<\/p>\n<p>Dans un communiqu\u00e9, Place publique indique \u00ab\u00a0prendre acte\u00a0\u00bb de ce choix, tout en rappelant que le parti soutient la liste de l\u2019union de la gauche, derri\u00e8re le maire sortant <a href=\"https:\/\/www.lyonmag.com\/profil-personnalite-lyonnaise\/504\/gregory-doucet\" target=\"_blank\" rel=\"noopener\">Gr\u00e9gory Doucet<\/a>. Conform\u00e9ment \u00e0 ses r\u00e8gles internes et \u00e0 ses engagements politiques, le ralliement d\u2019Alexandre Chevalier \u00e0 une liste concurrente entra\u00eene automatiquement son exclusion.<\/p>\n<p>Le mouvement de Rapha\u00ebl Glucksmann estime que cette d\u00e9cision ne r\u00e9sulte ni d\u2019un d\u00e9saccord politique de fond, ni d\u2019une \u00e9volution id\u00e9ologique assum\u00e9e, mais plut\u00f4t d&rsquo;une d\u00e9ception autour d&rsquo;une histoire de places : \u00ab\u00a0Alexandre Chevalier n\u2019a pas obtenu les positions qu\u2019il esp\u00e9rait, ni \u00e0 la mairie du 4\u1d49 arrondissement ni \u00e0 la M\u00e9tropole. Il y a pourtant encore quelques semaines, il r\u00e9clamait express\u00e9ment d\u2019\u00eatre candidat sur la liste de l\u2019union de la gauche, en se revendiquant pleinement de ce rassemblement\u00a0\u00bb, r\u00e9v\u00e8le Place Publique.<\/p>\n<p>Le communiqu\u00e9 d\u00e9nonce des \u00ab\u00a0convictions \u00e0 g\u00e9om\u00e9trie variable\u00a0\u00bb pour l&rsquo;adjoint au maire de Lyon charg\u00e9 des Personnes Ag\u00e9es et un choix pr\u00e9sent\u00e9 comme opportuniste, motiv\u00e9 par la garantie d\u2019une place plut\u00f4t que par une coh\u00e9rence politique. Place publique regrette \u00e9galement avoir appris ce ralliement par voie de presse : \u00ab\u00a0Jusque dans le d\u00e9tail, il a pi\u00e9tin\u00e9 les valeurs du collectif\u00a0\u00bb.<\/p>\n<p>De son c\u00f4t\u00e9, Alexandre Chevalier a expliqu\u00e9 sa d\u00e9cision ce lundi matin lors d&rsquo;une conf\u00e9rence de presse avec Georges K\u00e9p\u00e9n\u00e9kian. Il accuse Rapha\u00ebl Glucksmann de ne pas avoir \u00e9t\u00e9 clair sur la possibilit\u00e9 d&rsquo;une alliance avec LFI au second tour des municipales : \u00ab\u00a0J\u2019ai choisi mon camp en me tournant vers Georges K\u00e9p\u00e9n\u00e9kian qui a toujours \u00e9t\u00e9 clair l\u00e0-dessus. J\u2019avais besoin de trouver un candidat qui ne sera pas clivant.\u00a0\u00bb<\/p>\n","protected":false},"excerpt":{"rendered":"Lors de chaque \u00e9lection, des candidatures dissidentes ou des soutiens marginaux entra\u00eenent son lot d&rsquo;exclusions de partis ou&hellip;\n","protected":false},"author":2,"featured_media":600918,"comment_status":"","ping_status":"","sticky":false,"template":"","format":"standard","meta":{"footnotes":""},"categories":[1889],"tags":[1111,11,2813,2190,2430,1109,251,1112,2811,1777,674,118,1011,27,1922,1110,1114,2428,2810,12,241,316,25,2812,517,800],"class_list":{"0":"post-600917","1":"post","2":"type-post","3":"status-publish","4":"format-standard","5":"has-post-thumbnail","7":"category-lyon","8":"tag-actu","9":"tag-actualites","10":"tag-article","11":"tag-asvel","12":"tag-auvergne-rhone-alpes","13":"tag-breves","14":"tag-culture","15":"tag-depeches","16":"tag-economique","17":"tag-eu","18":"tag-europe","19":"tag-faits-divers","20":"tag-fr","21":"tag-france","22":"tag-info","23":"tag-informations","24":"tag-infos","25":"tag-lyon","26":"tag-lyonmag","27":"tag-news","28":"tag-ol","29":"tag-politique","30":"tag-republique-francaise","31":"tag-sociale","32":"tag-sport","33":"tag-transports"},"share_on_mastodon":{"url":"https:\/\/pubeurope.com\/@fr\/115724000029357551","error":""},"_links":{"self":[{"href":"https:\/\/www.europesays.com\/fr\/wp-json\/wp\/v2\/posts\/600917","targetHints":{"allow":["GET"]}}],"collection":[{"href":"https:\/\/www.europesays.com\/fr\/wp-json\/wp\/v2\/posts"}],"about":[{"href":"https:\/\/www.europesays.com\/fr\/wp-json\/wp\/v2\/types\/post"}],"author":[{"embeddable":true,"href":"https:\/\/www.europesays.com\/fr\/wp-json\/wp\/v2\/users\/2"}],"replies":[{"embeddable":true,"href":"https:\/\/www.europesays.com\/fr\/wp-json\/wp\/v2\/comments?post=600917"}],"version-history":[{"count":0,"href":"https:\/\/www.europesays.com\/fr\/wp-json\/wp\/v2\/posts\/600917\/revisions"}],"wp:featuredmedia":[{"embeddable":true,"href":"https:\/\/www.europesays.com\/fr\/wp-json\/wp\/v2\/media\/600918"}],"wp:attachment":[{"href":"https:\/\/www.europesays.com\/fr\/wp-json\/wp\/v2\/media?parent=600917"}],"wp:term":[{"taxonomy":"category","embeddable":true,"href":"https:\/\/www.europesays.com\/fr\/wp-json\/wp\/v2\/categories?post=600917"},{"taxonomy":"post_tag","embeddable":true,"href":"https:\/\/www.europesays.com\/fr\/wp-json\/wp\/v2\/tags?post=600917"}],"curies":[{"name":"wp","href":"https:\/\/api.w.org\/{rel}","templated":true}]}}