{"id":600935,"date":"2025-12-15T14:24:24","date_gmt":"2025-12-15T14:24:24","guid":{"rendered":"https:\/\/www.europesays.com\/fr\/600935\/"},"modified":"2025-12-15T14:24:24","modified_gmt":"2025-12-15T14:24:24","slug":"super-grippe-le-royaume-uni-face-a-une-vague-sans-precedent-et-menace-dune-greve-a-lhopital","status":"publish","type":"post","link":"https:\/\/www.europesays.com\/fr\/600935\/","title":{"rendered":"\u00ab\u00a0Super grippe\u00a0\u00bb : le Royaume-Uni face \u00e0 une \u00ab\u00a0vague sans pr\u00e9c\u00e9dent\u00a0\u00bb et menac\u00e9 d&rsquo;une gr\u00e8ve \u00e0 l&rsquo;h\u00f4pital"},"content":{"rendered":"<ul class=\"jsx-862013697 ArticleChapo__List\">\n<li class=\"jsx-862013697 ArticleChapo__List_Item flex\">Le Royaume-Uni fait face \u00e0 une \u00ab\u00a0vague sans pr\u00e9c\u00e9dent de super grippe\u00a0\u00bb, selon le service de sant\u00e9 publique britannique.<\/li>\n<li class=\"jsx-862013697 ArticleChapo__List_Item flex\">En cause : une variante mut\u00e9e de la souche A (H3N2), surnomm\u00e9e \u00ab\u00a0sous-clade K\u00a0\u00bb.<\/li>\n<li class=\"jsx-862013697 ArticleChapo__List_Item flex\">Dans ce contexte, le gouvernement britannique a exhort\u00e9 vendredi les m\u00e9decins \u00e0 renoncer \u00e0 une gr\u00e8ve pr\u00e9vue pendant cinq jours peu avant No\u00ebl.<\/li>\n<\/ul>\n<p><a href=\"https:\/\/www.tf1info.fr\/actualite\/l-epidemie-de-grippe-2017-11602\/\" rel=\"noopener\" class=\"jsx-484472199 Link jsx-1428418400 jsx-3426720897\" target=\"_blank\"><\/p>\n<p style=\"font-weight:400\" class=\"jsx-1837267516\">Suivez la couverture compl\u00e8te<\/p>\n<p style=\"font-weight:800\" class=\"jsx-1837267516\">L\u2019\u00e9pid\u00e9mie de grippe saisonni\u00e8re<\/p>\n<p><\/a><\/p>\n<p data-module=\"article-paragraph\" class=\"jsx-3046738180 Paragraph\">Selon les chiffres publi\u00e9s jeudi 11 d\u00e9cembre par le service de sant\u00e9 publique britannique, les cas de grippe au Royaume-Uni atteignent un niveau record pour cette p\u00e9riode de l&rsquo;ann\u00e9e. Le nombre de cas a ainsi bondi de 55% en une semaine, avec une moyenne de 2.660 patients hospitalis\u00e9s chaque jour la semaine derni\u00e8re. En cause : l&rsquo;\u00e9mergence d&rsquo;une nouvelle souche de grippe A (H3N2), appel\u00e9e \u00ab\u00a0sous-clade K\u00a0\u00bb, qui circule activement, provoquant une hausse notable des cas. \u00ab\u00a0Le variant se propage rapidement et pourrait contribuer \u00e0 une saison grippale plus intense \u00e0 l\u2019\u00e9chelle mondiale\u00a0\u00bb, avait alert\u00e9 d\u00e8s le 20 novembre le r\u00e9seau mondial de lutte contre les virus, The Global Virus Network (GVN), dans un communiqu\u00e9 soulignant que <a href=\"https:\/\/www.tf1info.fr\/sante\/sante-grippe-2025-precocite-mutation-virus-sous-clade-k-h3n2-vers-une-saison-epidemique-particulierement-intense-2408857.html\" target=\"_blank\" rel=\"noopener\">les agences de sant\u00e9 publique du Royaume-Uni<\/a>, entre autres, avaient signal\u00e9 une forte augmentation hebdomadaire des cas li\u00e9s \u00e0 ce sous-clade.<\/p>\n<p data-module=\"article-paragraph\" class=\"jsx-3046738180 Paragraph Paragraph__End\">\u00ab\u00a0Avec une demande record pour les services d&rsquo;urgence et les ambulances et une gr\u00e8ve imminente des m\u00e9decins r\u00e9sidents, cette vague sans pr\u00e9c\u00e9dent de super grippe place le NHS dans la pire situation possible pour cette p\u00e9riode de l&rsquo;ann\u00e9e\u00a0\u00bb, s&rsquo;est alarm\u00e9e vendredi la directrice m\u00e9dicale nationale du NHS, Meghana Pandit.<\/p>\n<p>\u00ab\u00a0Le NHS et ses patients en danger\u00a0\u00bb, selon le Premier ministre<\/p>\n<p data-module=\"article-paragraph\" class=\"jsx-3046738180 Paragraph\">Dans ce contexte, le Premier ministre travailliste Keir Starmer et son ministre de la Sant\u00e9 Wes Streeting ont exhort\u00e9 vendredi ces m\u00e9decins \u00ab\u00a0r\u00e9sidents\u00a0\u00bb, au statut proche de celui des internes en France, \u00e0 renoncer \u00e0 une gr\u00e8ve pr\u00e9vue pendant cinq jours, du 17 au 22 d\u00e9cembre, soit juste avant No\u00ebl. Wes Streeting a soulign\u00e9 dans le journal The Times que le service de sant\u00e9 public, le NHS, se trouvait dans une \u00ab\u00a0situation incroyablement pr\u00e9caire\u00a0\u00bb et faisait face \u00e0 \u00ab\u00a0un d\u00e9fi in\u00e9dit depuis la pand\u00e9mie\u00a0\u00bb de Covid-19.\u00a0<\/p>\n<p data-module=\"article-paragraph\" class=\"jsx-3046738180 Paragraph Paragraph__End\">Tout en r\u00e9affirmant son soutien au droit de gr\u00e8ve, Keir Starmer a lui estim\u00e9 qu&rsquo;une gr\u00e8ve de cinq jours serait \u00ab\u00a0irresponsable\u00a0\u00bb et mettrait \u00ab\u00a0le NHS et ses patients en danger\u00a0\u00bb, dans un \u00e9ditorial publi\u00e9 dans The Guardian.\u00a0Reprenant lui aussi la comparaison avec la pand\u00e9mie de Covid-19, il a estim\u00e9 que \u00ab\u00a0l&rsquo;id\u00e9e de faire gr\u00e8ve dans ce contexte \u00e9tait franchement inimaginable\u00a0\u00bb.\u00a0<\/p>\n<p><a href=\"https:\/\/www.tf1info.fr\/sante\/virus-2025-qu-est-ce-que-le-sous-clade-k-a-l-origine-de-l-epidemie-de-grippe-2412477.html\" rel=\"noopener\" class=\"jsx-3308031228 Link flex\" target=\"_blank\"><img decoding=\"async\" src=\"https:\/\/www.europesays.com\/fr\/wp-content\/uploads\/2025\/12\/coronavirus-covid-19-virus-illustration-444c40-1@1x.jpeg\" alt=\"ILLUSTRATION\" loading=\"lazy\" importance=\"low\" fetchpriority=\"low\" class=\"\" aria-hidden=\"true\"\/><\/p>\n<p class=\"jsx-3657663356 ReadMoreArticle__Title\">Lire aussi<\/p>\n<p class=\"jsx-3657663356\">Qu&rsquo;est-ce que le \u00ab\u00a0sous-clade K\u00a0\u00bb, \u00e0 l&rsquo;origine de l&rsquo;\u00e9pid\u00e9mie de grippe ?<\/p>\n<p><\/a><\/p>\n<p data-module=\"article-paragraph\" class=\"jsx-3046738180 Paragraph\">La situation du NHS, dans une profonde crise avec des d\u00e9lais d&rsquo;attente extr\u00eamement longs pour les rendez-vous, est un enjeu politique majeur pour le gouvernement travailliste, tr\u00e8s impopulaire. Si la gr\u00e8ve pr\u00e9vue \u00e0 partir de mercredi se confirmait, il s&rsquo;agirait de la quatorzi\u00e8me pour les m\u00e9decins depuis mars 2023. Les m\u00e9decins dits \u00ab\u00a0r\u00e9sidents\u00a0\u00bb sont en conflit avec le gouvernement sur les salaires et les formations.<\/p>\n<p data-module=\"article-paragraph\" class=\"jsx-3046738180 Paragraph Paragraph__End\">Wes Streeting a acc\u00e9d\u00e9 \u00e0 la demande du syndicat des m\u00e9decins que les praticiens form\u00e9s au Royaume-Uni soient prioritaires pour obtenir des formations par rapport aux candidats \u00e9trangers. Le nombre de places pour ces formations sera \u00e9galement augment\u00e9. Mais, a ajout\u00e9 le ministre, le gouvernement \u00ab\u00a0ne peut et ne veut pas bouger sur les salaires, surtout apr\u00e8s une augmentation de 28,9% au cours des trois derni\u00e8res ann\u00e9es et la plus forte revalorisation de tout le secteur public ces deux derni\u00e8res ann\u00e9es\u00a0\u00bb. La British Medical Association, qui repr\u00e9sente les m\u00e9decins r\u00e9sidents, r\u00e9clame 26% suppl\u00e9mentaires, estimant cette revalorisation n\u00e9cessaire pour restaurer le niveau des r\u00e9mun\u00e9rations apr\u00e8s des ann\u00e9es de hausses inf\u00e9rieures \u00e0 l&rsquo;inflation. Elle doit soumettre la nouvelle proposition du gouvernement \u00e0 ses membres via un sondage en ligne qui se cl\u00f4ture ce lundi.<\/p>\n<p>A. LG avec AFP<\/p>\n","protected":false},"excerpt":{"rendered":"Le Royaume-Uni fait face \u00e0 une \u00ab\u00a0vague sans pr\u00e9c\u00e9dent de super grippe\u00a0\u00bb, selon le service de sant\u00e9 publique&hellip;\n","protected":false},"author":2,"featured_media":600936,"comment_status":"","ping_status":"","sticky":false,"template":"","format":"standard","meta":{"footnotes":""},"categories":[1588],"tags":[1111,11,1921,1777,674,29786,100,1922,2581,71351,9887,12,473,1853,71,5699,1851,1850,1852,133,1920],"class_list":{"0":"post-600935","1":"post","2":"type-post","3":"status-publish","4":"format-standard","5":"has-post-thumbnail","7":"category-royaume-uni","8":"tag-actu","9":"tag-actualites","10":"tag-article-video","11":"tag-eu","12":"tag-europe","13":"tag-grippe","14":"tag-hopital","15":"tag-info","16":"tag-keir-starmer","17":"tag-lepidemie-de-grippe-saisonniere","18":"tag-maladies-et-traitements","19":"tag-news","20":"tag-royaume-uni","21":"tag-royaume-uni-de-grande-bretagne-et-dirlande-du-nord","22":"tag-sante","23":"tag-sante-publique","24":"tag-uk","25":"tag-united-kingdom","26":"tag-united-kingdom-of-great-britain-and-northern-ireland","27":"tag-video","28":"tag-video-international"},"share_on_mastodon":{"url":"https:\/\/pubeurope.com\/@fr\/115724043819290571","error":""},"_links":{"self":[{"href":"https:\/\/www.europesays.com\/fr\/wp-json\/wp\/v2\/posts\/600935","targetHints":{"allow":["GET"]}}],"collection":[{"href":"https:\/\/www.europesays.com\/fr\/wp-json\/wp\/v2\/posts"}],"about":[{"href":"https:\/\/www.europesays.com\/fr\/wp-json\/wp\/v2\/types\/post"}],"author":[{"embeddable":true,"href":"https:\/\/www.europesays.com\/fr\/wp-json\/wp\/v2\/users\/2"}],"replies":[{"embeddable":true,"href":"https:\/\/www.europesays.com\/fr\/wp-json\/wp\/v2\/comments?post=600935"}],"version-history":[{"count":0,"href":"https:\/\/www.europesays.com\/fr\/wp-json\/wp\/v2\/posts\/600935\/revisions"}],"wp:featuredmedia":[{"embeddable":true,"href":"https:\/\/www.europesays.com\/fr\/wp-json\/wp\/v2\/media\/600936"}],"wp:attachment":[{"href":"https:\/\/www.europesays.com\/fr\/wp-json\/wp\/v2\/media?parent=600935"}],"wp:term":[{"taxonomy":"category","embeddable":true,"href":"https:\/\/www.europesays.com\/fr\/wp-json\/wp\/v2\/categories?post=600935"},{"taxonomy":"post_tag","embeddable":true,"href":"https:\/\/www.europesays.com\/fr\/wp-json\/wp\/v2\/tags?post=600935"}],"curies":[{"name":"wp","href":"https:\/\/api.w.org\/{rel}","templated":true}]}}