{"id":600937,"date":"2025-12-15T14:25:15","date_gmt":"2025-12-15T14:25:15","guid":{"rendered":"https:\/\/www.europesays.com\/fr\/600937\/"},"modified":"2025-12-15T14:25:15","modified_gmt":"2025-12-15T14:25:15","slug":"lallemagne-renforce-son-engagement-en-faveur-de-la-defense-de-lukraine-avec-un-plan-en-10-points","status":"publish","type":"post","link":"https:\/\/www.europesays.com\/fr\/600937\/","title":{"rendered":"L&rsquo;Allemagne renforce son engagement en faveur de la d\u00e9fense de l&rsquo;Ukraine avec un plan en 10 points &#8211;"},"content":{"rendered":"<p>L&rsquo;Allemagne renforcera son soutien \u00e0 la d\u00e9fense de l&rsquo;Ukraine par le biais de coentreprises industrielles, d&rsquo;une int\u00e9gration plus pouss\u00e9e du march\u00e9 et d&rsquo;\u00e9ventuelles garanties f\u00e9d\u00e9rales d&rsquo;investissement dans le cadre <strong>d&rsquo;un nouveau plan en 10 points<\/strong> d\u00e9voil\u00e9 lundi lors de la visite du pr\u00e9sident Volodymyr Zelensky \u00e0 Berlin.<\/p>\n<p>L&rsquo;initiative, annonc\u00e9e alors que <strong>Les dirigeants europ\u00e9ens cherchent \u00e0 d\u00e9montrer un soutien continu \u00e0 Kiev<\/strong>, intervient au moment o\u00f9 le pr\u00e9sident des \u00c9tats-Unis Donald Trump fait pression pour acc\u00e9l\u00e9rer les efforts diplomatiques visant \u00e0 mettre fin \u00e0 la guerre de pr\u00e8s de quatre ans d\u00e9clench\u00e9e par l&rsquo;invasion de l&rsquo;Ukraine par la Russie.<\/p>\n<p>\u00ab\u00a0Une industrie de d\u00e9fense ukrainienne forte est cruciale pour la d\u00e9fense contre la guerre d&rsquo;agression de la Russie et constitue un \u00e9l\u00e9ment important des garanties de s\u00e9curit\u00e9 pour dissuader les futures agressions russes\u00a0\u00bb, indique le plan dans un <strong>document partag\u00e9 lors de la visite de Zelensky<\/strong>.<\/p>\n<p><strong>L&rsquo;Allemagne et l&rsquo;Ukraine \u00e9largiront leur coop\u00e9ration<\/strong> en mati\u00e8re de recherche, d&rsquo;approvisionnement et de coentreprises dans le domaine de la d\u00e9fense, Berlin examinant l&rsquo;utilisation de garanties d&rsquo;investissement f\u00e9d\u00e9rales pour soutenir les entreprises de d\u00e9fense ukrainiennes. L&rsquo;Allemagne est le plus grand bailleur de fonds militaire europ\u00e9en de l&rsquo;Ukraine.<\/p>\n<p>L&rsquo;Allemagne et l&rsquo;Ukraine vont \u00e9largir leur coop\u00e9ration<\/p>\n<p>Le plan envisage \u00e9galement <strong>l&rsquo;achat conjoint d&rsquo;\u00e9quipements de d\u00e9fense de fabrication ukrainienne<\/strong> pour aider \u00e0 prot\u00e9ger l&rsquo;espace a\u00e9rien de l&rsquo;OTAN dans le cadre de l&rsquo;initiative europ\u00e9enne de bouclier a\u00e9rien, en mettant l&rsquo;accent sur les drones intercepteurs.<\/p>\n<p><strong>En vertu de cet accord, les deux minist\u00e8res de la d\u00e9fense<\/strong> tiendront r\u00e9guli\u00e8rement des consultations de haut niveau, tandis qu&rsquo;un bureau de liaison pour l&rsquo;industrie de la d\u00e9fense ukrainienne (la Maison de la libert\u00e9 de l&rsquo;Ukraine) sera \u00e9tabli \u00e0 Berlin afin de renforcer les liens industriels.<\/p>\n<p><strong>L&rsquo;Allemagne augmentera \u00e9galement<\/strong> la pr\u00e9sence de son attach\u00e9 militaire \u00e0 Kiev et intensifiera les \u00e9changes d&rsquo;experts entre les deux pays.<\/p>\n<p>Le plan comprend des <strong>mesures de pr\u00e9vention de la corruption<\/strong>, reconnaissant ainsi les inqui\u00e9tudes des partenaires occidentaux suite au plus grand scandale de corruption en Ukraine depuis le d\u00e9but de la guerre, qui a conduit \u00e0 la d\u00e9mission de deux ministres et du chef de cabinet de Zelensky.<\/p>\n<p><img loading=\"lazy\" decoding=\"async\" id=\"img-1998143-4761503\" data-fullsize=\"\/media\/15\/germanydeepenscommitment_4761503b.jpg\" data-lazy=\"\" src=\"https:\/\/www.gamereactor.frhttps:\/\/www.gamereactor.fr\/media\/15\/germanydeepenscommitment_4761503_650x.jpg\" width=\"650\" onclick=\"if (!window.__cfRLUnblockHandlers) return false; gallery_openmodal('1998143','4761503',false,'78777365814e9626f0011c7e57a10c6d');\" height=\"366\" alt=\"L'Allemagne renforce son engagement en faveur de la d\u00e9fense de l'Ukraine avec un plan en 10 points\" class=\"rwd_col_content lazy\" data-cf-modified-88bd9b6c079ab3dd9d5c511a-=\"\"\/>Merz et Zelensky \/\/ Shutterstock<\/p>\n","protected":false},"excerpt":{"rendered":"L&rsquo;Allemagne renforcera son soutien \u00e0 la d\u00e9fense de l&rsquo;Ukraine par le biais de coentreprises industrielles, d&rsquo;une int\u00e9gration plus&hellip;\n","protected":false},"author":2,"featured_media":600938,"comment_status":"","ping_status":"","sticky":false,"template":"","format":"standard","meta":{"footnotes":""},"categories":[1587],"tags":[11,672,1804,1805,1803,1777,674,1801,12,1802],"class_list":{"0":"post-600937","1":"post","2":"type-post","3":"status-publish","4":"format-standard","5":"has-post-thumbnail","7":"category-allemagne","8":"tag-actualites","9":"tag-allemagne","10":"tag-bundesrepublik-deutschland","11":"tag-de","12":"tag-deutschland","13":"tag-eu","14":"tag-europe","15":"tag-germany","16":"tag-news","17":"tag-republique-federale-dallemagne"},"share_on_mastodon":{"url":"https:\/\/pubeurope.com\/@fr\/115724047927083435","error":""},"_links":{"self":[{"href":"https:\/\/www.europesays.com\/fr\/wp-json\/wp\/v2\/posts\/600937","targetHints":{"allow":["GET"]}}],"collection":[{"href":"https:\/\/www.europesays.com\/fr\/wp-json\/wp\/v2\/posts"}],"about":[{"href":"https:\/\/www.europesays.com\/fr\/wp-json\/wp\/v2\/types\/post"}],"author":[{"embeddable":true,"href":"https:\/\/www.europesays.com\/fr\/wp-json\/wp\/v2\/users\/2"}],"replies":[{"embeddable":true,"href":"https:\/\/www.europesays.com\/fr\/wp-json\/wp\/v2\/comments?post=600937"}],"version-history":[{"count":0,"href":"https:\/\/www.europesays.com\/fr\/wp-json\/wp\/v2\/posts\/600937\/revisions"}],"wp:featuredmedia":[{"embeddable":true,"href":"https:\/\/www.europesays.com\/fr\/wp-json\/wp\/v2\/media\/600938"}],"wp:attachment":[{"href":"https:\/\/www.europesays.com\/fr\/wp-json\/wp\/v2\/media?parent=600937"}],"wp:term":[{"taxonomy":"category","embeddable":true,"href":"https:\/\/www.europesays.com\/fr\/wp-json\/wp\/v2\/categories?post=600937"},{"taxonomy":"post_tag","embeddable":true,"href":"https:\/\/www.europesays.com\/fr\/wp-json\/wp\/v2\/tags?post=600937"}],"curies":[{"name":"wp","href":"https:\/\/api.w.org\/{rel}","templated":true}]}}