{"id":600946,"date":"2025-12-15T14:30:14","date_gmt":"2025-12-15T14:30:14","guid":{"rendered":"https:\/\/www.europesays.com\/fr\/600946\/"},"modified":"2025-12-15T14:30:14","modified_gmt":"2025-12-15T14:30:14","slug":"fusion-de-lidrrim-et-de-piarc-france-pour-suivre-une-route-internationale","status":"publish","type":"post","link":"https:\/\/www.europesays.com\/fr\/600946\/","title":{"rendered":"Fusion de l\u2019Idrrim et de Piarc France pour suivre une route internationale"},"content":{"rendered":"<p>L\u2019Idrrim et l\u2019association mondiale Piarc France viennent de fusionner, avec la volont\u00e9 d\u2019inspirer d\u2019autres pays. Sans oublier de mutualiser leurs moyens.<\/p>\n<p>\t<a itemprop=\"associatedMedia\" href=\"#sommaireDossierTarget\" class=\"lireLeDossierCoche\"><\/p>\n<p>cet article fait partie du dossier<\/p>\n<p class=\"contenuTextEncart\">Etat des routes : pourquoi il faut agir<\/p>\n<p>\t<\/a><\/p>\n<p>C\u2019est consomm\u00e9 depuis le mercredi 11 d\u00e9cembre. L\u2019Institut des routes, des rues et des infrastructures pour la mobilit\u00e9 (Idrrim), communaut\u00e9 des acteurs techniques des infrastructures lin\u00e9aires (routes essentiellement), d\u2019une part (1))\u00a0; et Piarc France \u2013 Association mondiale de la route rassemblant les \u00e9l\u00e9ments d\u2019une doctrine Routes en France, d\u2019autre part (2), viennent de fusionner. Claude Riboulet, ancien pr\u00e9sident de l\u2019Idrrim prend les r\u00eanes de la nouvelle entit\u00e9.<\/p>\n<p>Partage de connaissances et bonnes pratiques<\/p>\n<p>L\u2019objectif premier \u00e9tait, pour Piarc France, de \u00ab\u00a0renforcer cette capacit\u00e9 \u00e0 exporter \u00e0 l\u2019international &#8230;<\/p>\n","protected":false},"excerpt":{"rendered":"L\u2019Idrrim et l\u2019association mondiale Piarc France viennent de fusionner, avec la volont\u00e9 d\u2019inspirer d\u2019autres pays. Sans oublier de&hellip;\n","protected":false},"author":2,"featured_media":600947,"comment_status":"","ping_status":"","sticky":false,"template":"","format":"standard","meta":{"footnotes":""},"categories":[4],"tags":[9247,9245,47,11,9244,71352,1011,27,50882,6257,12,25,9246,42747],"class_list":{"0":"post-600946","1":"post","2":"type-post","3":"status-publish","4":"format-standard","5":"has-post-thumbnail","7":"category-france","8":"tag-actu-experts-technique","9":"tag-actu-technique","10":"tag-actualite","11":"tag-actualites","12":"tag-club-technicites","13":"tag-etat-des-routes-pourquoi-il-faut-agir","14":"tag-fr","15":"tag-france","16":"tag-fville","17":"tag-ingenierie","18":"tag-news","19":"tag-republique-francaise","20":"tag-toute-lactu-technique","21":"tag-voirie-reseaux"},"share_on_mastodon":{"url":"https:\/\/pubeurope.com\/@fr\/115724066711620990","error":""},"_links":{"self":[{"href":"https:\/\/www.europesays.com\/fr\/wp-json\/wp\/v2\/posts\/600946","targetHints":{"allow":["GET"]}}],"collection":[{"href":"https:\/\/www.europesays.com\/fr\/wp-json\/wp\/v2\/posts"}],"about":[{"href":"https:\/\/www.europesays.com\/fr\/wp-json\/wp\/v2\/types\/post"}],"author":[{"embeddable":true,"href":"https:\/\/www.europesays.com\/fr\/wp-json\/wp\/v2\/users\/2"}],"replies":[{"embeddable":true,"href":"https:\/\/www.europesays.com\/fr\/wp-json\/wp\/v2\/comments?post=600946"}],"version-history":[{"count":0,"href":"https:\/\/www.europesays.com\/fr\/wp-json\/wp\/v2\/posts\/600946\/revisions"}],"wp:featuredmedia":[{"embeddable":true,"href":"https:\/\/www.europesays.com\/fr\/wp-json\/wp\/v2\/media\/600947"}],"wp:attachment":[{"href":"https:\/\/www.europesays.com\/fr\/wp-json\/wp\/v2\/media?parent=600946"}],"wp:term":[{"taxonomy":"category","embeddable":true,"href":"https:\/\/www.europesays.com\/fr\/wp-json\/wp\/v2\/categories?post=600946"},{"taxonomy":"post_tag","embeddable":true,"href":"https:\/\/www.europesays.com\/fr\/wp-json\/wp\/v2\/tags?post=600946"}],"curies":[{"name":"wp","href":"https:\/\/api.w.org\/{rel}","templated":true}]}}