{"id":600949,"date":"2025-12-15T14:34:14","date_gmt":"2025-12-15T14:34:14","guid":{"rendered":"https:\/\/www.europesays.com\/fr\/600949\/"},"modified":"2025-12-15T14:34:14","modified_gmt":"2025-12-15T14:34:14","slug":"la-federation-francaise-de-tennis-condamnee-a-verser-pres-de-850-000-euros-a-nicolas-escude","status":"publish","type":"post","link":"https:\/\/www.europesays.com\/fr\/600949\/","title":{"rendered":"La F\u00e9d\u00e9ration fran\u00e7aise de tennis condamn\u00e9e \u00e0 verser pr\u00e8s de 850\u00a0000\u00a0euros \u00e0 Nicolas Escud\u00e9"},"content":{"rendered":"<p>                      <img loading=\"lazy\" decoding=\"async\" src=\"https:\/\/www.europesays.com\/fr\/wp-content\/uploads\/2025\/12\/f964c42_upload-1-l3xnsniqp1vs-000-par2398239.jpg\" alt=\"Nicolas Escud\u00e9, alors capitaine de l\u2019\u00e9quipe de France f\u00e9minine de tennis, \u00e0 Orl\u00e9ans, le 7\u00a0f\u00e9vrier\u00a02009.\"   width=\"664\" height=\"443\"\/>    Nicolas Escud\u00e9, alors capitaine de l\u2019\u00e9quipe de France f\u00e9minine de tennis, \u00e0 Orl\u00e9ans, le 7\u00a0f\u00e9vrier\u00a02009.  ALAIN JOCARD\/AFP                          <\/p>\n<p class=\"article__paragraph  \">Le conseil des prud\u2019hommes de Paris a prononc\u00e9, lundi 15\u00a0d\u00e9cembre, la nullit\u00e9 du licenciement de l\u2019ancien directeur technique national de la F\u00e9d\u00e9ration fran\u00e7aise de tennis (FFT) Nicolas Escud\u00e9, et condamn\u00e9 la FFT \u00e0 lui verser pr\u00e8s de 850\u00a0000\u00a0euros d\u2019indemnit\u00e9s.<\/p>\n<p class=\"article__paragraph  \">La deuxi\u00e8me f\u00e9d\u00e9ration sportive du pays, qui avait nomm\u00e9 Nicolas Escud\u00e9 en mars\u00a02021 avant de lui signifier son licenciement en\u00a02024, devra notamment s\u2019acquitter de plus de 330\u00a0000\u00a0euros pour \u00ab\u00a0violation de l\u2019engagement de garantie d\u2019emploi\u00a0\u00bb et 180\u00a0000\u00a0euros pour \u00ab\u00a0nullit\u00e9 du licenciement\u00a0\u00bb, selon le jugement communiqu\u00e9 lundi \u00e0 l\u2019AFP.<\/p>\n<p>                                       Lire aussi |  Article r\u00e9serv\u00e9 \u00e0 nos abonn\u00e9s  <a href=\"https:\/\/www.lemonde.fr\/m-le-mag\/article\/2024\/06\/05\/qui-est-vraiment-ivan-ljubi-i-directeur-du-haut-niveau-au-sein-de-la-federation-francaise-de-tennis_6237440_4500055.html\" class=\"js-article-read-also catcher--favoris__link\" data-premium=\"1\" id=\"article-title-3376032\" target=\"_blank\" rel=\"noopener\">Qui est vraiment Ivan Ljubi\u010di\u0107, directeur du haut niveau au sein de la F\u00e9d\u00e9ration fran\u00e7aise de tennis<\/a>    <\/p>\n<p>   Lire plus tard  <\/p>\n<p class=\"article__paragraph  \">La FFT devra \u00e9galement verser 80\u00a0000\u00a0euros \u00e0 son ex-directeur technique national pour \u00ab\u00a0harc\u00e8lement moral\u00a0\u00bb et la m\u00eame somme pour \u00ab\u00a0pr\u00e9judice professionnel et \u00e9conomique\u00a0\u00bb. Les prud\u2019hommes de Paris ont enfin condamn\u00e9 la FFT \u00e0 verser 81\u00a0386,55\u00a0euros \u00e0 Nicolas Escud\u00e9 en guise d\u2019\u00ab\u00a0indemnit\u00e9s compensatrices de pr\u00e9avis\u00a0\u00bb, et 50\u00a0000\u00a0euros au titre du \u00ab\u00a0pr\u00e9judice moral, social et familial\u00a0\u00bb. Le conseil ordonne enfin \u00e0 l\u2019instance pr\u00e9sid\u00e9e par Gilles Moretton \u00ab\u00a0la remise des documents de fin de contrat, sans astreinte\u00a0\u00bb.<\/p>\n<p>                    \u00ab\u00a0Nicolas Escud\u00e9 n\u2019est pas fonctionnaire\u00a0\u00bb                    <\/p>\n<p class=\"article__paragraph  \">La F\u00e9d\u00e9ration \u00ab\u00a0prend acte de la d\u00e9cision\u00a0\u00bb, a-t-elle r\u00e9agi dans un communiqu\u00e9 transmis \u00e0 l\u2019Agence France-Presse. \u00ab\u00a0Cette d\u00e9cision (\u2026) lui apparaissant critiquable, tant en faits, qu\u2019en droit, la F\u00e9d\u00e9ration a d\u00e9cid\u00e9 d\u2019en interjeter appel\u00a0\u00bb et \u00ab\u00a0demeure pleinement confiante dans l\u2019issue de (\u2026) ce contentieux en cours\u00a0\u00bb. La FFT assure en outre que la d\u00e9cision est \u00ab\u00a0non assortie de l\u2019ex\u00e9cution provisoire\u00a0\u00bb et qu\u2019elle n\u2019aura donc pas \u00e0 indemniser la partie adverse tant que l\u2019affaire n\u2019aura pas \u00e9t\u00e9 jug\u00e9e en appel.<\/p>\n<p class=\"article__paragraph  \">La vainqueur de la Coupe Davis (2001) contestait en particulier une r\u00e9organisation de la DTN intervenue en septembre\u00a02023. A l\u2019\u00e9poque, la direction avait \u00e9t\u00e9 scind\u00e9e en deux p\u00f4les. Le premier, intitul\u00e9 \u00ab\u00a0parcours vers le haut niveau\u00a0\u00bb et consacr\u00e9 aux jeunes de 5 \u00e0 15\u00a0ans, avait \u00e9t\u00e9 confi\u00e9 \u00e0 Nicolas Escud\u00e9 tandis que le p\u00f4le \u00ab\u00a0haut niveau\u00a0\u00bb (16 \u00e0 21\u00a0ans) avait \u00e9t\u00e9 plac\u00e9 sous la responsabilit\u00e9 conjointe de <a href=\"https:\/\/www.lemonde.fr\/sport\/article\/2023\/11\/17\/paul-henri-mathieu-nouveau-capitaine-de-l-equipe-de-france-de-tennis-et-responsable-de-la-delegation-masculine-pour-paris-2024_6200733_3242.html\" target=\"_blank\" rel=\"noopener\">Paul-Henri Mathieu<\/a> et Ivan Ljubicic.<\/p>\n<p class=\"article__paragraph  \">Une r\u00e9organisation qui a vid\u00e9 de sa substance la fonction de DTN, selon Nicolas Escud\u00e9, qui a ensuite \u00e9t\u00e9 plac\u00e9 en arr\u00eat maladie avant de se faire licencier en\u00a02024. R\u00e9\u00e9lu en d\u00e9cembre\u00a02024 pour un deuxi\u00e8me mandat, Gilles Moretton a choisi en mars\u00a02025 l\u2019ex-DTN de la F\u00e9d\u00e9ration fran\u00e7aise de rugby, Didier Reti\u00e8re, pour prendre sa succession.<\/p>\n<p class=\"article__paragraph  \">Lors d\u2019une audience devant les prud\u2019hommes en octobre, l\u2019avocate de la FFT M\u00e9line Duperray avait estim\u00e9 que le contrat sign\u00e9 par l\u2019ancien joueur de tennis professionnel (1995-2004) ne comportait aucune garantie d\u2019emploi. \u00ab\u00a0Nicolas Escud\u00e9 n\u2019est pas fonctionnaire, il n\u2019y a aucune obligation implicite de garantie d\u2019emploi. On peut mettre un terme \u00e0 ses fonctions de DTN\u00a0\u00bb, avait insist\u00e9 M\u00e9line Duperray dans des propos rapport\u00e9s par le m\u00e9dia L\u2019Inform\u00e9.<\/p>\n<p>                                       Lire aussi |  Article r\u00e9serv\u00e9 \u00e0 nos abonn\u00e9s  <a href=\"https:\/\/www.lemonde.fr\/societe\/article\/2025\/12\/02\/les-corps-decapites-les-menaces-de-mort-c-est-notre-quotidien-les-soutiers-du-tennis-cibles-sans-defense-des-parieurs-frustres_6655682_3224.html\" class=\"js-article-read-also catcher--favoris__link\" data-premium=\"1\" id=\"article-title-3448953\" target=\"_blank\" rel=\"noopener\">\u00ab\u00a0Les corps d\u00e9capit\u00e9s, les menaces de mort, c\u2019est notre quotidien\u00a0\u00bb\u00a0: les soutiers du tennis, cibles sans d\u00e9fense des parieurs frustr\u00e9s<\/a>    <\/p>\n<p>   Lire plus tard  <\/p>\n<p class=\"author__detail\">  Le Monde avec AFP  <\/p>\n<p>                <a href=\"https:\/\/www.lemonde.fr\/syndication\/\" class=\"reuse__content\" title=\"R\u00e9utiliser ce contenu\" target=\"_blank\" rel=\"noopener\">R\u00e9utiliser ce contenu<\/a>      <\/p>\n","protected":false},"excerpt":{"rendered":"Nicolas Escud\u00e9, alors capitaine de l\u2019\u00e9quipe de France f\u00e9minine de tennis, \u00e0 Orl\u00e9ans, le 7\u00a0f\u00e9vrier\u00a02009. ALAIN JOCARD\/AFP Le&hellip;\n","protected":false},"author":2,"featured_media":600950,"comment_status":"","ping_status":"","sticky":false,"template":"","format":"standard","meta":{"footnotes":""},"categories":[1415],"tags":[1011,27,60,1467],"class_list":{"0":"post-600949","1":"post","2":"type-post","3":"status-publish","4":"format-standard","5":"has-post-thumbnail","7":"category-tennis","8":"tag-fr","9":"tag-france","10":"tag-sports","11":"tag-tennis"},"share_on_mastodon":{"url":"https:\/\/pubeurope.com\/@fr\/115724083430915603","error":""},"_links":{"self":[{"href":"https:\/\/www.europesays.com\/fr\/wp-json\/wp\/v2\/posts\/600949","targetHints":{"allow":["GET"]}}],"collection":[{"href":"https:\/\/www.europesays.com\/fr\/wp-json\/wp\/v2\/posts"}],"about":[{"href":"https:\/\/www.europesays.com\/fr\/wp-json\/wp\/v2\/types\/post"}],"author":[{"embeddable":true,"href":"https:\/\/www.europesays.com\/fr\/wp-json\/wp\/v2\/users\/2"}],"replies":[{"embeddable":true,"href":"https:\/\/www.europesays.com\/fr\/wp-json\/wp\/v2\/comments?post=600949"}],"version-history":[{"count":0,"href":"https:\/\/www.europesays.com\/fr\/wp-json\/wp\/v2\/posts\/600949\/revisions"}],"wp:featuredmedia":[{"embeddable":true,"href":"https:\/\/www.europesays.com\/fr\/wp-json\/wp\/v2\/media\/600950"}],"wp:attachment":[{"href":"https:\/\/www.europesays.com\/fr\/wp-json\/wp\/v2\/media?parent=600949"}],"wp:term":[{"taxonomy":"category","embeddable":true,"href":"https:\/\/www.europesays.com\/fr\/wp-json\/wp\/v2\/categories?post=600949"},{"taxonomy":"post_tag","embeddable":true,"href":"https:\/\/www.europesays.com\/fr\/wp-json\/wp\/v2\/tags?post=600949"}],"curies":[{"name":"wp","href":"https:\/\/api.w.org\/{rel}","templated":true}]}}