{"id":600953,"date":"2025-12-15T14:39:13","date_gmt":"2025-12-15T14:39:13","guid":{"rendered":"https:\/\/www.europesays.com\/fr\/600953\/"},"modified":"2025-12-15T14:39:13","modified_gmt":"2025-12-15T14:39:13","slug":"maza-continue-a-progresser-et-impressionner-avec-le-bayer","status":"publish","type":"post","link":"https:\/\/www.europesays.com\/fr\/600953\/","title":{"rendered":"Maza continue \u00e0 progresser et impressionner avec le Bayer"},"content":{"rendered":"<p><img decoding=\"async\" alt=\"\" style=\"display:none;width:1px;height:1px;\" class=\"perfmatters-lazy\" src=\"https:\/\/www.europesays.com\/fr\/wp-content\/uploads\/2025\/12\/1765809553_842_admin-ajax\"\/><\/p>\n<p style=\"text-align: justify\"><strong>Le rendement est constant et l\u2019ascension a des standards fulgurants. On pourrait m\u00eame dire qu\u2019aucun Fennec n\u2019a son degr\u00e9 de rayonnement actuellement. Lors de la CAN 2025 (21 d\u00e9cembre \u2013 18 janvier), pour laquelle il a \u2013 logiquement- \u00e9t\u00e9 retenu par Vladimir Petkovic, Ibrahim Maza (20 ans) sera un joueur \u00e0 suivre avec attention. Surtout si l\u2019on tient compte de ce qu\u2019il montre avec le Bayer Leverkusen depuis un moment. Sans oublier ses apparitions remarquables face \u00e0 l\u2019Ouganda et le Zimbabwe en s\u00e9lection. En Bundesliga, avec l\u2019\u00e9quipe nationale, en Coupe d\u2019Allemagne ou en Ligue des champions, Ibo \u00e9clabousse les pelouses avec son talent.<\/strong><\/p>\n<p style=\"text-align: justify\">Petit de taille,<a href=\"https:\/\/lagazettedufennec.com\/fennec-dor-2025-meilleur-espoir-maza-stueux\/\" target=\"_blank\" rel=\"noopener\"> <strong>Maza<\/strong>, laur\u00e9at du troph\u00e9e <strong>Fennec d\u2019Or <\/strong>du <strong>Meilleur espoir alg\u00e9rien 2025<\/strong><\/a>, a une large palette foot. Mais, au-del\u00e0 des qualit\u00e9s techniques et celles physiques, son point fort reste sa capacit\u00e9 \u00e0 saisir les opportunit\u00e9s qui se pr\u00e9sentent. Peu importe sa posture. Et s\u2019il est si fort psychologiquement, c\u2019est parce qu\u2019il consid\u00e8re le football comme un jeu et une source de plaisir avant d\u2019\u00eatre une porte vers l\u2019aristocratie et le bling bling avec des valeurs bien d\u00e9termin\u00e9es que son p\u00e8re lui a inculqu\u00e9es.<\/p>\n<p style=\"text-align: justify\">Cela se voit dans la simplicit\u00e9 de son jeu. Et il faut relever que la simplicit\u00e9 appelle la justesse et la justesse appelle l\u2019efficacit\u00e9. Oui ! <strong>Maza<\/strong> est d\u2019une pertinence incroyable dans son jeu. La pr\u00e9cision allemande, qu\u2019il a h\u00e9rit\u00e9e de sa formation, se voit sur le rectangle vert. Et quand on y ajoute l\u2019innovation danoise de son entra\u00eeneur <strong>Kasper Hjulmand<\/strong>, le combo devient parfait.<\/p>\n<p>Les Allemands en pincent pour Maza, les Alg\u00e9riens se pincent<\/p>\n<p style=\"text-align: justify\"><strong>Hjumland<\/strong>, successeur d\u2019<strong>Erik ten Hag <\/strong>qui ne comptait pas franchement sur le <strong>Dz<\/strong>, l\u2019a fait basculer de d\u00e9buts fantomatiques \u00e0 un <strong>r\u00e9alisme de virtuose (4 buts et 3 passes d\u00e9cisives en 12 titularisations)<\/strong>. Le talent saute aux yeux. Une facult\u00e9 hors normes \u00e0 jouer entre les lignes, la mani\u00e8re de garder le ballon et les transmissions dans le bon tempo, l\u2019ancien soci\u00e9taire du <strong>Hertha Berlin SC <\/strong>pratique un foot au <strong>QI<\/strong> tr\u00e8s d\u00e9velopp\u00e9.<\/p>\n<p style=\"text-align: justify\">Sa ma\u00eetrise est telle que beaucoup se demandent comment l\u2019<strong>Allemagne<\/strong> l\u2019a laiss\u00e9 filer chez les <strong>Verts<\/strong> sans s\u2019y opposer. L\u2019on pense m\u00eame que son niveau actuel lui aurait m\u00eame permis de pr\u00e9tendre \u00e0 une s\u00e9lection avec la <strong>Mannschaft<\/strong> de <strong>Julian Nagelsmann.<\/strong> On a l\u2019impression que les <strong>Allemands<\/strong> s\u2019en mordent les doigts. Qu\u2019ils en pincent m\u00eame pour <strong>Ibo<\/strong>. Parall\u00e8lement, quand on se rappelle que <strong>Maza<\/strong> est un <strong>Fennec<\/strong>, on se pincerait pour y croire tant l\u2019acquis est s\u00e9rieux.<\/p>\n","protected":false},"excerpt":{"rendered":"Le rendement est constant et l\u2019ascension a des standards fulgurants. On pourrait m\u00eame dire qu\u2019aucun Fennec n\u2019a son&hellip;\n","protected":false},"author":2,"featured_media":600954,"comment_status":"","ping_status":"","sticky":false,"template":"","format":"standard","meta":{"footnotes":""},"categories":[1410],"tags":[69,70538,63,1011,27,71353,16773,29801,60,50417],"class_list":{"0":"post-600953","1":"post","2":"type-post","3":"status-publish","4":"format-standard","5":"has-post-thumbnail","7":"category-football","8":"tag-bundesliga","9":"tag-can-2025","10":"tag-football","11":"tag-fr","12":"tag-france","13":"tag-hertha-berlin-sc","14":"tag-ibrahim-maza","15":"tag-ligue-des-champions-uefa","16":"tag-sports","17":"tag-vladimir-petkovic"},"share_on_mastodon":{"url":"https:\/\/pubeurope.com\/@fr\/115724103085624126","error":""},"_links":{"self":[{"href":"https:\/\/www.europesays.com\/fr\/wp-json\/wp\/v2\/posts\/600953","targetHints":{"allow":["GET"]}}],"collection":[{"href":"https:\/\/www.europesays.com\/fr\/wp-json\/wp\/v2\/posts"}],"about":[{"href":"https:\/\/www.europesays.com\/fr\/wp-json\/wp\/v2\/types\/post"}],"author":[{"embeddable":true,"href":"https:\/\/www.europesays.com\/fr\/wp-json\/wp\/v2\/users\/2"}],"replies":[{"embeddable":true,"href":"https:\/\/www.europesays.com\/fr\/wp-json\/wp\/v2\/comments?post=600953"}],"version-history":[{"count":0,"href":"https:\/\/www.europesays.com\/fr\/wp-json\/wp\/v2\/posts\/600953\/revisions"}],"wp:featuredmedia":[{"embeddable":true,"href":"https:\/\/www.europesays.com\/fr\/wp-json\/wp\/v2\/media\/600954"}],"wp:attachment":[{"href":"https:\/\/www.europesays.com\/fr\/wp-json\/wp\/v2\/media?parent=600953"}],"wp:term":[{"taxonomy":"category","embeddable":true,"href":"https:\/\/www.europesays.com\/fr\/wp-json\/wp\/v2\/categories?post=600953"},{"taxonomy":"post_tag","embeddable":true,"href":"https:\/\/www.europesays.com\/fr\/wp-json\/wp\/v2\/tags?post=600953"}],"curies":[{"name":"wp","href":"https:\/\/api.w.org\/{rel}","templated":true}]}}