{"id":600955,"date":"2025-12-15T14:40:18","date_gmt":"2025-12-15T14:40:18","guid":{"rendered":"https:\/\/www.europesays.com\/fr\/600955\/"},"modified":"2025-12-15T14:40:18","modified_gmt":"2025-12-15T14:40:18","slug":"notre-coupe-etant-a-lorigine-de-ce-malentendu-nous-le-regrettons-arret-sur-images-retropedale-apres-la-diffusion-dun-extrait-tronque-de-son-emission-avec-blanche-gardin","status":"publish","type":"post","link":"https:\/\/www.europesays.com\/fr\/600955\/","title":{"rendered":"\u00ab\u00a0Notre coupe \u00e9tant \u00e0 l&rsquo;origine de ce malentendu, nous le regrettons\u00a0\u00bb : \u00ab\u00a0Arr\u00eat sur images\u00a0\u00bb r\u00e9trop\u00e9dale apr\u00e8s la diffusion d\u2019un extrait tronqu\u00e9 de son \u00e9mission avec Blanche Gardin"},"content":{"rendered":"<p class=\"mb-4 text-lg md:leading-8 break-words\">L&rsquo;humoriste avait confi\u00e9 au site m\u00e9dias \u00ab\u00a0ne plus avoir de revenus\u00a0\u00bb \u00e0 la suite de son sketch sur Gaza et l&rsquo;antis\u00e9mitisme.<\/p>\n<p class=\"mb-4 text-lg md:leading-8 break-words\">\u00ab\u00a0\u00c0 force de ne plus avoir de revenus, il y a des cons\u00e9quences\u00a0\u00bb. Apr\u00e8s avoir d\u00e9cid\u00e9 de quitter l&rsquo;univers du stand-up pour se consacre au cin\u00e9ma, <a href=\"https:\/\/www.ozap.com\/personnalite\/blanche-gardin_e266170\" rel=\"nofollow noopener\" target=\"_blank\" data-ylk=\"slk:Blanche Gardin;elm:context_link;itc:0;sec:content-canvas\" class=\"link \">Blanche Gardin<\/a> avait confi\u00e9 \u00e0 \u00ab\u00a0Arr\u00eat sur images\u00a0\u00bb \u00eatre d\u00e9sormais boycott\u00e9e par le milieu culturel. La raison ? Un sketch controvers\u00e9 en duo avec Aymeric Lompret lors d&rsquo;une soir\u00e9e militante pour la fin du conflit \u00e0 Gaza. Depuis cette succession de vannes qui tournaient en d\u00e9rision les accusations d\u2019antis\u00e9mitisme visant les sympathisants propalestiniens, <a href=\"https:\/\/www.ozap.com\/actu\/-j-ai-envie-de-coucher-avec-raphael-glucksmann-blanche-gardin-pique-la-place-de-lea-salame-sur-france-inter\/576389\" rel=\"nofollow noopener\" target=\"_blank\" data-ylk=\"slk:l&#039;humoriste au style radical;elm:context_link;itc:0;sec:content-canvas\" class=\"link \">l&rsquo;humoriste au style radical <\/a>vit une sorte de travers\u00e9e du d\u00e9sert. \u00ab\u00a0Jamais je me suis dit que cela pourrait arriver, ce qui m&rsquo;arrive l\u00e0\u00a0\u00bb, expliquait au site m\u00e9dia la com\u00e9dienne actuellement \u00e0 l&rsquo;affiche de \u00ab\u00a0L&rsquo;incroyable femme des neiges\u00a0\u00bb. Et d&rsquo;ajouter : \u00ab\u00a0Il y a des vraies cons\u00e9quences sur ma vie mat\u00e9rielle. Les propositions ne sont pas revenues. Je dois quitter mon appartement, par exemple\u00a0\u00bb.<\/p>\n<p class=\"mb-4 text-lg md:leading-8 break-words\">Erreur de montage<\/p>\n<p class=\"mb-4 text-lg md:leading-8 break-words\">Or, si <a href=\"https:\/\/www.ozap.com\/actu\/-200-000-euros-pour-8h-de-travail-blanche-gardin-refuse-de-participer-a-lol-qui-rit-sort-et-defonce-amazon\/630926\" rel=\"nofollow noopener\" target=\"_blank\" data-ylk=\"slk:la r\u00e9fractaire au concept de &quot;LOL, qui rit sort&quot;;elm:context_link;itc:0;sec:content-canvas\" class=\"link \">la r\u00e9fractaire au concept de \u00ab\u00a0LOL, qui rit sort\u00a0\u00bb<\/a> se retrouve dans une impasse professionnelle, elle n&rsquo;est pas, en revanche, au bord de la banqueroute, comme le laissait entendre \u00ab\u00a0Arr\u00eat sur images\u00a0\u00bb. Dans un message publi\u00e9 sur X, <a href=\"https:\/\/www.ozap.com\/actu\/daniel-schneidermann-arrete-l-animation-d-arret-sur-images\/625334\" rel=\"nofollow noopener\" target=\"_blank\" data-ylk=\"slk:le site web fond\u00e9 par Daniel Schneidermann;elm:context_link;itc:0;sec:content-canvas\" class=\"link \">le site web fond\u00e9 par Daniel Schneidermann<\/a> a fait son mea-culpa, reconnaissant un montage coupable. \u00ab\u00a0Nous avons retir\u00e9 l&rsquo;extrait de notre \u00e9mission, qui laissait penser que Blanche Gardin \u00e9tait &lsquo;\u00e0 la rue&rsquo;. Ce n&rsquo;est pas le cas, et notre coupe \u00e9tant \u00e0 l&rsquo;origine de ce malentendu, nous le regrettons\u00a0\u00bb, a r\u00e9trop\u00e9dal\u00e9 le m\u00e9dia, laissant <a href=\"https:\/\/www.arretsurimages.net\/emissions\/je-vous-ai-laisse-parler\/blanche-gardin-en-apparence-tout-est-normal\" rel=\"nofollow noopener\" target=\"_blank\" data-ylk=\"slk:l&#039;interview d&#039;1h30 de l&#039;humoriste en acc\u00e8s libre;elm:context_link;itc:0;sec:content-canvas\" class=\"link \">l&rsquo;interview d&rsquo;1h30 de l&rsquo;humoriste en acc\u00e8s libre<\/a> pour s&rsquo;excuser de son erreur.<\/p>\n<p class=\"mb-4 text-lg md:leading-8 break-words\">Un sketch aux cons\u00e9quences d\u00e9vastatrices<\/p>\n<p class=\"mb-4 text-lg md:leading-8 break-words\">Celle qui a re\u00e7u <a href=\"https:\/\/www.ozap.com\/actu\/molieres-2018-le-sketch-hilarant-de-blanche-gardin-pour-le-moliere-de-l-humour\/559649\" rel=\"nofollow noopener\" target=\"_blank\" data-ylk=\"slk:le Moli\u00e8re de l\u2019humour en 2018;elm:context_link;itc:0;sec:content-canvas\" class=\"link \">le Moli\u00e8re de l\u2019humour en 2018<\/a> pour le spectacle \u00ab\u00a0Je parle toute seule\u00a0\u00bb n&rsquo;a pas d\u00e9sert\u00e9 les \u00e9crans, et fait partie du casting de \u00ab\u00a0Alter Ego\u00a0\u00bb, bient\u00f4t au cin\u00e9ma. Mais tous ses projets ont \u00e9t\u00e9 tourn\u00e9s avant le sketch inflammable de La Cigale en juillet 2024. \u00ab\u00a0Au-del\u00e0 des r\u00e9percussions m\u00e9diatiques de ce sketch,\u00a0j\u2019ai re\u00e7u des menaces de viol, de meurtre, des campagnes de t\u00e9l\u00e9phone en provenance d\u2019Isra\u00ebl, des tags sur ma porte,\u00a0m\u00eame mon fr\u00e8re a \u00e9t\u00e9 agress\u00e9. Je ne dis pas \u00e7a pour me plaindre, mais c\u2019est un \u00e9tat de fait\u00a0\u00bb, d\u00e9plorait l&rsquo;artiste dans un entretien accord\u00e9 au <a href=\"https:\/\/www.lemonde.fr\/culture\/article\/2025\/11\/12\/blanche-gardin-dans-l-incroyable-femme-des-neiges-mon-personnage-a-une-lucidite-sur-un-monde-qui-s-ecroule_6653145_3246.html\" rel=\"nofollow noopener\" target=\"_blank\" data-ylk=\"slk:&quot;Monde&quot;;elm:context_link;itc:0;sec:content-canvas\" class=\"link \">\u00ab\u00a0Monde\u00a0\u00bb<\/a>.<\/p>\n<p class=\"mb-4 text-lg md:leading-8 break-words\"><a href=\"https:\/\/www.ozap.com\/actu\/notre-coupe-etant-a-l-origine-de-ce-malentendu-nous-le-regrettons-arret-sur-images-retropedale-apres-la-diffusion-d-un-extrait-tronque-de-son-emission-avec-blanche-gardin\/652888\" rel=\"nofollow noopener\" target=\"_blank\" data-ylk=\"slk:Article original sur Purem\u00e9dias;elm:context_link;itc:0;sec:content-canvas\" class=\"link \">Article original sur Purem\u00e9dias<\/a><\/p>\n","protected":false},"excerpt":{"rendered":"L&rsquo;humoriste avait confi\u00e9 au site m\u00e9dias \u00ab\u00a0ne plus avoir de revenus\u00a0\u00bb \u00e0 la suite de son sketch sur&hellip;\n","protected":false},"author":2,"featured_media":600956,"comment_status":"","ping_status":"","sticky":false,"template":"","format":"standard","meta":{"footnotes":""},"categories":[1359],"tags":[71355,71354,1623,58,59,1011,27,665,973],"class_list":{"0":"post-600955","1":"post","2":"type-post","3":"status-publish","4":"format-standard","5":"has-post-thumbnail","7":"category-people","8":"tag-acces-libre","9":"tag-arret-sur-images","10":"tag-blanche-gardin","11":"tag-divertissement","12":"tag-entertainment","13":"tag-fr","14":"tag-france","15":"tag-gaza","16":"tag-people"},"share_on_mastodon":{"url":"https:\/\/pubeurope.com\/@fr\/115724106134135200","error":""},"_links":{"self":[{"href":"https:\/\/www.europesays.com\/fr\/wp-json\/wp\/v2\/posts\/600955","targetHints":{"allow":["GET"]}}],"collection":[{"href":"https:\/\/www.europesays.com\/fr\/wp-json\/wp\/v2\/posts"}],"about":[{"href":"https:\/\/www.europesays.com\/fr\/wp-json\/wp\/v2\/types\/post"}],"author":[{"embeddable":true,"href":"https:\/\/www.europesays.com\/fr\/wp-json\/wp\/v2\/users\/2"}],"replies":[{"embeddable":true,"href":"https:\/\/www.europesays.com\/fr\/wp-json\/wp\/v2\/comments?post=600955"}],"version-history":[{"count":0,"href":"https:\/\/www.europesays.com\/fr\/wp-json\/wp\/v2\/posts\/600955\/revisions"}],"wp:featuredmedia":[{"embeddable":true,"href":"https:\/\/www.europesays.com\/fr\/wp-json\/wp\/v2\/media\/600956"}],"wp:attachment":[{"href":"https:\/\/www.europesays.com\/fr\/wp-json\/wp\/v2\/media?parent=600955"}],"wp:term":[{"taxonomy":"category","embeddable":true,"href":"https:\/\/www.europesays.com\/fr\/wp-json\/wp\/v2\/categories?post=600955"},{"taxonomy":"post_tag","embeddable":true,"href":"https:\/\/www.europesays.com\/fr\/wp-json\/wp\/v2\/tags?post=600955"}],"curies":[{"name":"wp","href":"https:\/\/api.w.org\/{rel}","templated":true}]}}