{"id":600959,"date":"2025-12-15T14:43:16","date_gmt":"2025-12-15T14:43:16","guid":{"rendered":"https:\/\/www.europesays.com\/fr\/600959\/"},"modified":"2025-12-15T14:43:16","modified_gmt":"2025-12-15T14:43:16","slug":"126-000-euros-de-frais-de-cocktails-par-jour-chez-france-televisions-le-rapporteur-de-la-commission-denquete-sur-la-neutralite-laudiovisuel-public-reconnait-avoir-repris-un-chiffre-ent","status":"publish","type":"post","link":"https:\/\/www.europesays.com\/fr\/600959\/","title":{"rendered":"\u00ab\u00a0126.000 euros de frais de cocktails par jour\u00a0\u00bb chez France T\u00e9l\u00e9visions : Le rapporteur de la commission d\u2019enqu\u00eate sur la neutralit\u00e9 l&rsquo;audiovisuel public reconna\u00eet avoir \u00ab\u00a0repris\u00a0\u00bb un chiffre entendu sur BFMTV"},"content":{"rendered":"<p>La suite apr\u00e8s la publicit\u00e9<\/p>\n<p>\u00ab\u00a0126.000 euros de frais de cocktails par jour, des salaires mirobolants, des taxis et des h\u00f4tels \u00e0 prix d\u2019or : la Cour des comptes a publi\u00e9 un rapport accablant sur France T\u00e9l\u00e9visions. En plein d\u00e9bat budg\u00e9taire, alors que l\u2019on demande toujours plus d\u2019efforts aux Fran\u00e7ais, ces pratiques sont une provocation. Vivement la commission d\u2019enqu\u00eate sur l\u2019audiovisuel public. Il est temps de faire toute la transparence sur ces d\u00e9rives\u00a0\u00bb. Ces mots datent du 12 novembre dernier, et sont sign\u00e9s Charles Alloncle, d\u00e9put\u00e9 de l&rsquo;Union des droites et d\u00e9sormais rapporteur de la <a href=\"https:\/\/www.ozap.com\/actu\/il-y-a-un-probleme-evident-de-neutralite-du-service-public-marine-le-pen-veut-limiter-les-pouvoirs-de-larcom-a-laudiovisuel-public\/652730\" target=\"_blank\" rel=\"noopener\">commission d\u2019enqu\u00eate sur la neutralit\u00e9, le fonctionnement et le financement de l\u2019audiovisuel public<\/a>.<\/p>\n<p>\u00ab\u00a0Vous n&rsquo;aviez pas lu le rapport\u00a0\u00bb<\/p>\n<p>Probl\u00e8me, ces chiffres ne correspondent pas \u00e0 la r\u00e9alit\u00e9 constat\u00e9e par la Cour des comptes dans son rapport paru fin septembre. Invit\u00e9 de Benjamin Duhamel dans la \u00ab\u00a0Grande matinale\u00a0\u00bb de France Inter ce lundi 15 d\u00e9cembre, l&rsquo;\u00e9lu a \u00e9t\u00e9 mis face \u00e0 cette incoh\u00e9rence. \u00ab\u00a0Pendant plusieurs semaines vous avez avanc\u00e9 la chose suivante, cens\u00e9e d\u00e9montrer la gabegie \u00e0 France T\u00e9l\u00e9visions. Le 12 novembre sur votre compte X, voil\u00e0 ce que vous \u00e9crivez : 126.000 euros de frais de cocktails par jour, sauf que ce chiffre n&rsquo;existe pas. Il n&rsquo;y a pas 126.000 euros de frais de cocktails par jour \u00e0 France T\u00e9l\u00e9visions, il suffit pour \u00e7a de lire le rapport de la Cour des comptes, annexe 18, page 163. Est-ce que vous reconnaissez une erreur ?\u00a0\u00bb, a lanc\u00e9 le journaliste.<\/p>\n<p>\u00ab\u00a0Ce chiffre a \u00e9t\u00e9 sorti par un \u00e9ditorialiste de BFMTV le matin de la sortie du rapport\u00a0\u00bb, s&rsquo;est justifi\u00e9 le d\u00e9put\u00e9 de l&rsquo;H\u00e9rault. \u00ab\u00a0Et le jour m\u00eame, \u00e9coutant BFMTV le matin, m&rsquo;informant, j&rsquo;ai repris ce chiffre. Effectivement, vous avez raison, il compte des frais de cocktails, de r\u00e9ception et de mission\u00a0\u00bb, a-t-il ajout\u00e9, sans faire son mea-culpa. \u00ab\u00a0Donc c&rsquo;est une erreur ?\u00a0\u00bb, a insist\u00e9 <a href=\"https:\/\/www.ozap.com\/actu\/le-7h50-doit-ressembler-a-l-epoque-mais-aussi-a-la-personne-qui-le-fait-benjamin-duhamel-se-defend-apres-ses-premiers-pas-critiques-sur-france-inter\/652836\" target=\"_blank\" rel=\"noopener\">Benjamin Duhamel<\/a>. \u00ab\u00a0C&rsquo;est une erreur car c&rsquo;est plus large\u00a0\u00bb, a finalement reconnu son interlocuteur.\u00a0<\/p>\n<p>\u00ab\u00a0Mais vous n&rsquo;aviez pas lu <a href=\"https:\/\/www.ozap.com\/actu\/selon-la-cour-des-comptes-france-televisions-est-dans-une-situation-financiere-critique-qui-impose-sans-delai-des-reformes-structurelles\/651732\" target=\"_blank\" rel=\"noopener\">le rapport de la Cour des comptes<\/a> puisque pour dire qu&rsquo;il y a 126.000 euros de frais de cocktails par jour, il suffit de le lire, le mot cocktail n&rsquo;est m\u00eame pas \u00e9crit\u00a0\u00bb,\u00a0a continu\u00e9 <a href=\"https:\/\/www.ozap.com\/personnalite\/benjamin-duhamel_e555018\" target=\"_blank\" rel=\"noopener\">Benjamin Duhamel<\/a>. \u00ab\u00a0Vous avez &lsquo;frais de r\u00e9ception'\u00a0\u00bb, a tent\u00e9 de se d\u00e9fendre Charles Alloncle, qui a encha\u00een\u00e9 sur \u00ab\u00a0les gabegies chez France T\u00e9l\u00e9visions\u00a0\u00bb. \u00ab\u00a0Quand vous voyez qu&rsquo;il y a eu pr\u00e8s de 80 millions d&rsquo;euros de d\u00e9ficit qui ont \u00e9t\u00e9 cumul\u00e9s, que la tr\u00e9sorerie aujourd&rsquo;hui est n\u00e9gative, qu&rsquo;il y a un risque de quasi-faillite reconnu par la Cour des comptes, que vous avez un salaire moyen de 72.000 euros chez France T\u00e9l\u00e9visions qui les situe parmi les 9% des Fran\u00e7ais les plus riches et que vous avez 30 directeurs qui gagnent plus que le Pr\u00e9sident de la R\u00e9publique, tous les Fran\u00e7ais conviendront de gabegies abyssales qui frappent aujourd&rsquo;hui France T\u00e9l\u00e9visions et qui mettent le service public en risque de disparition\u00a0\u00bb,\u00a0a-t-il \u00e9num\u00e9r\u00e9.<\/p>\n<p>Fin septembre, l&rsquo;AFP avait d\u00e9j\u00e0 d\u00e9mont\u00e9 cette fake news. Titr\u00e9 \u00ab\u00a0Non, France T\u00e9l\u00e9visions n&rsquo;a pas d\u00e9pens\u00e9 46 millions d&rsquo;euros en frais de r\u00e9ception en 2024\u00a0\u00bb, l&rsquo;article rappelait que ce chiffre de 46 millions d&rsquo;euros avait \u00e9t\u00e9 lanc\u00e9 par <a href=\"https:\/\/www.ozap.com\/personnalite\/charles-consigny_e551257\" target=\"_blank\" rel=\"noopener\">Charles Consigny<\/a>, chroniqueur des \u00ab\u00a0Grandes gueules\u00a0\u00bb sur RMC qui avait affirm\u00e9 le 24 septembre \u00ab\u00a0qu&rsquo;au sein du groupe France T\u00e9l\u00e9visions les frais de r\u00e9ception se sont \u00e9lev\u00e9s \u00e0 46 millions d&rsquo;euros en 2024, ce qui vous fait quand m\u00eame 126.000 euros par jour\u00a0\u00bb.<\/p>\n<p>Mais si le rapport de la Cour des comptes a bien estim\u00e9 que France T\u00e9l\u00e9visions \u00e9tait dans une \u00ab\u00a0situation financi\u00e8re critique\u00a0\u00bb, le montant de 46 millions d&rsquo;euros qui auraient \u00e9t\u00e9 consacr\u00e9s \u00e0 des frais de r\u00e9ception en 2024 au sein du groupe ne correspond pas aux chiffres figurant dans le dossier. En 2024, les \u00ab\u00a0frais de r\u00e9ception et achats alimentaires (dont boissons)\u00a0\u00bb ont repr\u00e9sent\u00e9 3,2 millions d&rsquo;euros, explique l&rsquo;AFP, qui fournit la preuve en montrant le tableau issu d&rsquo;une annexe du rapport dans lequel les chiffres sont inscrits. Dans ce tableau, un montant de 46 millions d\u2019euros est bien pr\u00e9sent, mais il s&rsquo;agit d&rsquo;un total comprenant les \u00ab\u00a0frais de d\u00e9placements, de mission et de r\u00e9ception\u00a0\u00bb. Si on isole ce qu&rsquo;ont repr\u00e9sent\u00e9 r\u00e9ellement les frais de r\u00e9ception et achats alimentaires, le montant est donc pr\u00e8s de 15 fois inf\u00e9rieur au chiffre lanc\u00e9 par Charles Consigny et largement repris par la classe politique, qu&rsquo;il s&rsquo;agisse de Charles Alloncle, Marion Mar\u00e9chal ou Sarah Knafo.<\/p>\n","protected":false},"excerpt":{"rendered":"La suite apr\u00e8s la publicit\u00e9 \u00ab\u00a0126.000 euros de frais de cocktails par jour, des salaires mirobolants, des taxis&hellip;\n","protected":false},"author":2,"featured_media":600960,"comment_status":"","ping_status":"","sticky":false,"template":"","format":"standard","meta":{"footnotes":""},"categories":[1356],"tags":[58,59,1011,27,252,1364],"class_list":{"0":"post-600959","1":"post","2":"type-post","3":"status-publish","4":"format-standard","5":"has-post-thumbnail","7":"category-television","8":"tag-divertissement","9":"tag-entertainment","10":"tag-fr","11":"tag-france","12":"tag-television","13":"tag-tv"},"share_on_mastodon":{"url":"https:\/\/pubeurope.com\/@fr\/115724118302322330","error":""},"_links":{"self":[{"href":"https:\/\/www.europesays.com\/fr\/wp-json\/wp\/v2\/posts\/600959","targetHints":{"allow":["GET"]}}],"collection":[{"href":"https:\/\/www.europesays.com\/fr\/wp-json\/wp\/v2\/posts"}],"about":[{"href":"https:\/\/www.europesays.com\/fr\/wp-json\/wp\/v2\/types\/post"}],"author":[{"embeddable":true,"href":"https:\/\/www.europesays.com\/fr\/wp-json\/wp\/v2\/users\/2"}],"replies":[{"embeddable":true,"href":"https:\/\/www.europesays.com\/fr\/wp-json\/wp\/v2\/comments?post=600959"}],"version-history":[{"count":0,"href":"https:\/\/www.europesays.com\/fr\/wp-json\/wp\/v2\/posts\/600959\/revisions"}],"wp:featuredmedia":[{"embeddable":true,"href":"https:\/\/www.europesays.com\/fr\/wp-json\/wp\/v2\/media\/600960"}],"wp:attachment":[{"href":"https:\/\/www.europesays.com\/fr\/wp-json\/wp\/v2\/media?parent=600959"}],"wp:term":[{"taxonomy":"category","embeddable":true,"href":"https:\/\/www.europesays.com\/fr\/wp-json\/wp\/v2\/categories?post=600959"},{"taxonomy":"post_tag","embeddable":true,"href":"https:\/\/www.europesays.com\/fr\/wp-json\/wp\/v2\/tags?post=600959"}],"curies":[{"name":"wp","href":"https:\/\/api.w.org\/{rel}","templated":true}]}}