{"id":600961,"date":"2025-12-15T14:44:12","date_gmt":"2025-12-15T14:44:12","guid":{"rendered":"https:\/\/www.europesays.com\/fr\/600961\/"},"modified":"2025-12-15T14:44:12","modified_gmt":"2025-12-15T14:44:12","slug":"les-chansons-de-gims-larme-secrete-des-parents-pour-calmer-les-enfants","status":"publish","type":"post","link":"https:\/\/www.europesays.com\/fr\/600961\/","title":{"rendered":"Les chansons de Gims, l\u2019arme secr\u00e8te des parents pour calmer les enfants\u00a0?"},"content":{"rendered":"<p> \u00abD\u00e9sol\u00e9 aux parents que je harc\u00e8le dans les voitures, sur le trajet de l\u2019\u00e9cole\u2026\u00a0\u00bb, s\u2019excusait r\u00e9cemment dans une interview, <a href=\"https:\/\/www.tiktok.com\/@konbini\/video\/7580429117904948502\" rel=\"nofollow noopener\" target=\"_blank\" class=\"c-link c-link--is-underlined\">Konbini<\/a>. Non <a href=\"https:\/\/www.20minutes.fr\/dossier\/maitre_gims\" class=\"c-link c-link--is-underlined\" target=\"_blank\" rel=\"noopener\">Gims<\/a>, ne t\u2019excuses surtout pas. Parce qu\u2019\u00e0 en croire les parents, et m\u00eame certains professionnels, ta voix fonctionne plut\u00f4t comme une m\u00e9thode d\u2019apaisement express, comme une forme de protocole parental de niveau expert.<\/p>\n<p>C\u2019est en tout cas ce que racontait un <a href=\"https:\/\/www.linkedin.com\/posts\/amandine-lasseigne-249b52343_les-vraies-m%C3%A9diations-en-protection-de-lenfance-activity-7394818024069017602-XehC?utm_source=share&amp;utm_medium=member_ios&amp;rcm=ACoAADLz8ToBN-miWVhPspg0c933uAoX5FQ8Ho4\" rel=\"nofollow noopener\" target=\"_blank\" class=\"c-link c-link--is-underlined\">post<\/a> LinkedIn d\u2019Amandine Lasseigne, \u00e9ducatrice, sp\u00e9cialis\u00e9e en protection de l\u2019<a href=\"https:\/\/www.20minutes.fr\/dossier\/enfant\" class=\"c-link c-link--is-underlined\" target=\"_blank\" rel=\"noopener\">enfance<\/a>\u00a0: \u00ab trois notes et un enfant qui hurle se souvient soudainement qu\u2019il a un syst\u00e8me nerveux. Je ne sais pas ce qu\u2019il met dans sa voix, mais c\u2019est mieux qu\u2019un protocole d\u2019apaisement\u00a0\u00bb. Alors, simple hasard\u2026 ou poss\u00e8de-t-il r\u00e9ellement un superpouvoir sur les enfants\u00a0?<\/p>\n<p>Une voix qui apaise\u00a0?<\/p>\n<p>\u00c9ducatrice sp\u00e9cialis\u00e9e depuis dix ans, dont six en protection de l\u2019enfance, Amandine Lasseigne utilise la musique comme m\u00e9diation au quotidien. Mais <a href=\"https:\/\/www.20minutes.fr\/tempo\/4189494-20251208-pourquoi-toujours-artistes-masculins-tops-streams-annee\" class=\"c-link c-link--is-underlined\" target=\"_blank\" rel=\"noopener\">Gims<\/a> produit des effets presque spectaculaires. Elle raconte une sc\u00e8ne r\u00e9cente\u00a0: lors d\u2019une visite m\u00e9diatis\u00e9e entre trois enfants plac\u00e9s et leur m\u00e8re, l\u2019heure des adieux est, comme souvent, un moment de d\u00e9chirement. \u00ab\u00a0Cette fois, c\u2019\u00e9tait tr\u00e8s compliqu\u00e9, il y avait beaucoup de pleurs. Je prends la route et j\u2019essaye de verbaliser, de les rassurer\u2026 Mais rien ne fonctionne\u00a0\u00bb. Et puis, presque par hasard, elle tente une derni\u00e8re chose\u00a0: \u00ab\u00a0Je d\u00e9cide de mettre \u00a0\u00bb\u00a0Ciel\u00a0\u00ab\u00a0, et l\u00e0, d\u2019un coup, les enfants se mettent \u00e0 chanter. Ils se d\u00e9tendent. \u00c7a a permis de faire la transition avant le retour.\u00a0\u00bb<\/p>\n<p>Un changement qu\u2019elle attribue \u00e0 l\u2019effet rapide de la <a href=\"https:\/\/www.20minutes.fr\/arts-stars\/culture\/musique\/\" class=\"c-link c-link--is-underlined\" target=\"_blank\" rel=\"noopener\">musique<\/a>\u00a0: \u00ab\u00a0Le corps se d\u00e9tend, les enfants se calment, l\u2019humeur se transforme\u00a0\u00bb. En effet, la musique agit directement sur le cerveau, ce qui permet d\u2019expliquer ce ph\u00e9nom\u00e8ne. Comme l\u2019explique Emmanuel Bigand, chercheur au CNRS et pr\u00e9sident de la fondation \u00ab\u00a0Musique, Cerveau, Soci\u00e9t\u00e9\u00a0\u00bb, \u00ab\u00a0on est certain aujourd\u2019hui que la musique change l\u2019\u00e9tat biochimique et \u00e9lectrique du <a href=\"https:\/\/www.20minutes.fr\/dossier\/cerveau\" class=\"c-link c-link--is-underlined\" target=\"_blank\" rel=\"noopener\">cerveau\u00a0<\/a>\u00bb, et elle agit particuli\u00e8rement sur les \u00e9motions\u00a0: \u00ab\u00a0la musique touche le syst\u00e8me limbique, le gouvernail des \u00e9motions.\u00a0\u00bb<\/p>\n<p>Comment Gims s\u2019est impos\u00e9 comme la bande-son des cours de r\u00e9cr\u00e9<\/p>\n<p>Ce ph\u00e9nom\u00e8ne ne se limite pas \u00e0 son travail. \u00ab\u00a0Il a vraiment envahi les cours de r\u00e9cr\u00e9\u00a0\u00bb, t\u00e9moigne Amandine. Chez elle aussi, Gims s\u2019est invit\u00e9 sans pr\u00e9venir. \u00ab\u00a0\u00c0 la maison, on n\u2019\u00e9coutait pas Gims. Mais un jour, mon fils de 4 ans est rentr\u00e9 de l\u2019\u00e9cole en chantant Magicienne. On \u00e9tait scotch\u00e9s. On a compris que c\u2019\u00e9taient les copains qui le chantaient dans la cour de r\u00e9cr\u00e9\u00a0\u00bb. Dans les cours de r\u00e9cr\u00e9ation, les titres \u00ab\u00a0Ciel\u00a0\u00bb, \u00ab\u00a0NINAO\u00a0\u00bb ou \u00ab\u00a0Appelle ta copine\u00a0\u00bb sont devenus des tubes repris par tous les enfants. Le m\u00e9dia <a href=\"https:\/\/www.konbini.com\/popculture\/comment-gims-est-devenu-une-star-des-cours-de-recre-au-grand-desespoir-des-parents\/\" rel=\"nofollow noopener\" target=\"_blank\" class=\"c-link c-link--is-underlined\">Konbini<\/a> explique que m\u00eame les animateurs p\u00e9riscolaires les diffusent \u00ab\u00a0pour faire kiffer les enfants\u00a0\u00bb, et ces derniers se ruent litt\u00e9ralement vers l\u2019enceinte.<\/p>\n<\/p>\n<p>Amandine confirme que le style musical de Gims se transmet d\u2019un enfant \u00e0 l\u2019autre\u00a0: \u00ab\u00a0Les paroles sont faciles \u00e0 retenir. Le rythme est entra\u00eenant. Tout le monde arrive \u00e0 retenir les paroles\u00a0: les refrains sont comme des comptines modernes\u00a0\u00bb. Elle raconte \u00e9galement un \u00e9v\u00e9nement organis\u00e9 avec tous les groupes de la maison d\u2019enfants\u00a0: \u00ab\u00a0Les petits mettaient leur musique, les ados, la leur\u2026 Mais d\u00e8s qu\u2019on a mis Parisienne, tout le monde s\u2019est lev\u00e9 et a dans\u00e9, m\u00eame les \u00e9ducateurs. Ce sont des titres tr\u00e8s f\u00e9d\u00e9rateurs\u00a0\u00bb. Pourquoi un tel ph\u00e9nom\u00e8ne\u00a0? Scientifiquement, Emmanuel Bigand le d\u00e9crit ainsi\u00a0: \u00ab\u00a0La musique repose sur une communication analogique. Comme les gestes ou les expressions du visage, elle traverse les \u00e2ges.\u00a0\u00bb<\/p>\n<p>Pourquoi la musique peut vraiment calmer les enfants<\/p>\n<p>\u00ab\u00a0La musique modifie l\u2019\u00e9tat biochimique et \u00e9lectrique du cerveau. Elle agit directement sur le syst\u00e8me limbique, qui est le centre des \u00e9motions\u00a0\u00bb. C\u2019est pourquoi la musique, m\u00eame \u00e9nergique, peut apaiser, explique Emmanuel Bigand.<\/p>\n<p>Il d\u00e9taille \u00e9galement l\u2019importance de la musique \u00e9nergique\u00a0: \u00ab\u00a0Quand vous mettez de la musique \u00e9nergique \u00e0 un enfant \u00e9nerv\u00e9, elle emprunte les m\u00eames r\u00e9seaux c\u00e9r\u00e9braux que la douleur ou l\u2019agitation. Le plaisir et la douleur sont tr\u00e8s proches dans le cerveau. La musique \u00e9nergique chasse la sensation n\u00e9gative\u00a0\u00bb. Malgr\u00e9 l\u2019aspect entra\u00eenant de ses morceaux, Gims peut donc avoir un effet apaisant sur les enfants, car \u00ab\u00a0la musique \u00e9nergique aide \u00e0 r\u00e9guler l\u2019\u00e9motion\u00a0\u00bb, poursuit le chercheur. \u00ab\u00a0Il faut d\u2019abord partir du niveau d\u2019excitation de l\u2019enfant et le r\u00e9guler progressivement avec la musique.\u00a0\u00bb<\/p>\n<p><a href=\"https:\/\/www.20minutes.fr\/dossier\/parentalite\" class=\"c-link c-btn c-btn--primary\" target=\"_blank\" rel=\"noopener\">Notre rubrique Enfants<\/a><\/p>\n<p>Alors, les titres de Gims sont-ils une solution miracle pour calmer les enfants\u00a0? On n\u2019en est pas encore s\u00fbr \u00e0 100\u00a0%, mais comme le rappelle Emmanuel Bigand, chercheur au CNRS, \u00ab\u00a0la musique a un pouvoir sur le cerveau\u00a0\u00bb. Certaines voix, certains rythmes et certaines structures musicales sont particuli\u00e8rement efficaces. Alors, non, Gims, ne t\u2019excuse plus pour les trajets d\u2019\u00e9cole. Pour beaucoup, tes musiques sont devenues un outil de r\u00e9gulation \u00e9motionnelle \u00e0 part enti\u00e8re.<\/p>\n<p><script async src=\"\/\/www.tiktok.com\/embed.js\"><\/script><\/p>\n","protected":false},"excerpt":{"rendered":"\u00abD\u00e9sol\u00e9 aux parents que je harc\u00e8le dans les voitures, sur le trajet de l\u2019\u00e9cole\u2026\u00a0\u00bb, s\u2019excusait r\u00e9cemment dans une&hellip;\n","protected":false},"author":2,"featured_media":600962,"comment_status":"","ping_status":"","sticky":false,"template":"","format":"standard","meta":{"footnotes":""},"categories":[1355],"tags":[33013,58,1122,1057,847,59,652,1011,27,13444,1361,873,6197,3616,6198,5896],"class_list":{"0":"post-600961","1":"post","2":"type-post","3":"status-publish","4":"format-standard","5":"has-post-thumbnail","7":"category-musique","8":"tag-20minus","9":"tag-divertissement","10":"tag-ecole","11":"tag-education","12":"tag-enfant","13":"tag-entertainment","14":"tag-famille","15":"tag-fr","16":"tag-france","17":"tag-gims","18":"tag-music","19":"tag-musique","20":"tag-parentalite","21":"tag-rap","22":"tag-rappeur","23":"tag-tempo"},"share_on_mastodon":{"url":"https:\/\/pubeurope.com\/@fr\/115724121979263603","error":""},"_links":{"self":[{"href":"https:\/\/www.europesays.com\/fr\/wp-json\/wp\/v2\/posts\/600961","targetHints":{"allow":["GET"]}}],"collection":[{"href":"https:\/\/www.europesays.com\/fr\/wp-json\/wp\/v2\/posts"}],"about":[{"href":"https:\/\/www.europesays.com\/fr\/wp-json\/wp\/v2\/types\/post"}],"author":[{"embeddable":true,"href":"https:\/\/www.europesays.com\/fr\/wp-json\/wp\/v2\/users\/2"}],"replies":[{"embeddable":true,"href":"https:\/\/www.europesays.com\/fr\/wp-json\/wp\/v2\/comments?post=600961"}],"version-history":[{"count":0,"href":"https:\/\/www.europesays.com\/fr\/wp-json\/wp\/v2\/posts\/600961\/revisions"}],"wp:featuredmedia":[{"embeddable":true,"href":"https:\/\/www.europesays.com\/fr\/wp-json\/wp\/v2\/media\/600962"}],"wp:attachment":[{"href":"https:\/\/www.europesays.com\/fr\/wp-json\/wp\/v2\/media?parent=600961"}],"wp:term":[{"taxonomy":"category","embeddable":true,"href":"https:\/\/www.europesays.com\/fr\/wp-json\/wp\/v2\/categories?post=600961"},{"taxonomy":"post_tag","embeddable":true,"href":"https:\/\/www.europesays.com\/fr\/wp-json\/wp\/v2\/tags?post=600961"}],"curies":[{"name":"wp","href":"https:\/\/api.w.org\/{rel}","templated":true}]}}