{"id":600965,"date":"2025-12-15T14:46:11","date_gmt":"2025-12-15T14:46:11","guid":{"rendered":"https:\/\/www.europesays.com\/fr\/600965\/"},"modified":"2025-12-15T14:46:11","modified_gmt":"2025-12-15T14:46:11","slug":"ne-apres-1980-vous-etes-plus-a-risque-de-ce-cancer-qui-explose-chez-les-36-44-ans","status":"publish","type":"post","link":"https:\/\/www.europesays.com\/fr\/600965\/","title":{"rendered":"N\u00e9 apr\u00e8s 1980 ? Vous \u00eates plus \u00e0 risque de ce cancer qui explose chez les 36-44 ans"},"content":{"rendered":"<p>N\u00e9s apr\u00e8s 1980 : pourquoi le cancer de l\u2019appendice grimpe chez<br \/>\nles 36-44 ans<\/p>\n<p>N\u00e9s apr\u00e8s 1980, vous n\u2019\u00eates pas les seuls \u00e0 vous interroger :<br \/>\ncertaines courbes de cancers chez les jeunes adultes remontent.<br \/>\nSelon l\u2019Organisation mondiale de la Sant\u00e9, environ 15 000 personnes<br \/>\n\u00e2g\u00e9es de 20 \u00e0 40 ans ont \u00e9t\u00e9 touch\u00e9es par un cancer en 2022. \u00ab\u00a0C\u2019est<br \/>\nencore imperceptible pour le moment mais la progression constante<br \/>\nnous laisse pr\u00e9sager un tsunami auquel il faut se pr\u00e9parer\u00a0\u00bb, alerte<br \/>\nle Pr Fabrice Barlesi, directeur g\u00e9n\u00e9ral de l\u2019Institut Gustave<br \/>\nRoussy, cit\u00e9 par Figaro Sant\u00e9. Le sujet s\u2019invite d\u00e9sormais dans la<br \/>\nvie de trentenaires et quadrag\u00e9naires.<\/p>\n<p>Dans ce contexte, un cancer m\u00e9connu se d\u00e9tache : le<br \/>\n<strong>cancer de l\u2019appendice<\/strong>. Une \u00e9tude am\u00e9ricaine pointe<br \/>\nun bond chez les adultes de <strong>36-44 ans<\/strong>, soit les<br \/>\npersonnes <strong>n\u00e9es apr\u00e8s 1980<\/strong>. Les chercheurs parlent<br \/>\nd\u2019une hausse rapide chez les jeunes g\u00e9n\u00e9rations. Le ph\u00e9nom\u00e8ne<br \/>\ninqui\u00e8te, car il se r\u00e9p\u00e8te sur d\u2019autres cancers digestifs. Et les<br \/>\nsignes \u00e0 ne pas n\u00e9gliger surprennent.<\/p>\n<p>Ce que r\u00e9v\u00e8le l\u2019\u00e9tude Vanderbilt sur le cancer de<br \/>\nl\u2019appendice<\/p>\n<p>Pour comprendre cette progression, l\u2019\u00e9quipe de l\u2019Universit\u00e9<br \/>\nVanderbilt (Nashville) a analys\u00e9 un grand registre am\u00e9ricain du<br \/>\ncancer : plus de <strong>4 800 hommes et femmes<\/strong> de plus de<br \/>\n20 ans diagnostiqu\u00e9s entre 1975 et 2019, r\u00e9sultats publi\u00e9s dans les<br \/>\nAnnals of Internal Medicine. Les chercheurs ont class\u00e9 les<br \/>\ncas par tranches d\u2019\u00e2ge, puis compar\u00e9 les taux selon les<br \/>\ng\u00e9n\u00e9rations. Verdict sans appel : chez les personnes n\u00e9es entre<br \/>\n1981 et 1989, le nombre de diagnostics a <strong>quadrupl\u00e9<\/strong><br \/>\npar rapport aux g\u00e9n\u00e9rations plus anciennes.<\/p>\n<p>Pourquoi cette flamb\u00e9e ? Les causes restent mal \u00e9tablies. Des<br \/>\npistes reviennent, sans \u00eatre prouv\u00e9es : <strong>alimentation<br \/>\nultra-transform\u00e9e<\/strong>, pollution, d\u00e9s\u00e9quilibres du<br \/>\n<strong>microbiote intestinal<\/strong>. \u00ab\u00a0Un patient sur 3 re\u00e7oit ce<br \/>\ndiagnostic avant 50 ans. Combin\u00e9 \u00e0 la hausse rapide des cas chez<br \/>\nles jeunes g\u00e9n\u00e9rations, cela montre \u00e0 quel point il est urgent que<br \/>\nchacun connaisse les signes et sympt\u00f4mes \u00e0 surveiller\u00a0\u00bb, souligne<br \/>\nAndreana Holowatyj, autrice principale de l\u2019\u00e9tude, dans un<br \/>\ncommuniqu\u00e9.<\/p>\n<p>Cancer rare, risques r\u00e9els : chiffres et rep\u00e8res pour les n\u00e9s<br \/>\napr\u00e8s 1980<\/p>\n<p>Peu connu, ce <strong>cancer de l\u2019appendice<\/strong> reste rare<br \/>\n: seulement <strong>1 \u00e0 2 cas pour 100 000<\/strong> personnes par<br \/>\nan. Il peut toutefois \u00eatre mortel si diagnostiqu\u00e9 tard. La moiti\u00e9<br \/>\ndes cas sont d\u00e9couverts \u00e0 un stade avanc\u00e9 et la <strong>survie \u00e0 5<br \/>\nans<\/strong> varie de <strong>10 % \u00e0 63 %<\/strong> selon le stade.<br \/>\nAutrement dit, le risque individuel demeure faible, mais l\u2019enjeu<br \/>\nest la pr\u00e9cocit\u00e9 du diagnostic. La hausse touche des adultes<br \/>\nactifs, souvent sans ant\u00e9c\u00e9dents, ce qui complique la<br \/>\nvigilance.<\/p>\n<p>Le d\u00e9placement de l\u2019\u00e2ge des cancers ne concerne pas seulement<br \/>\nl\u2019appendice. Des tendances similaires sont observ\u00e9es pour le c\u00f4lon,<br \/>\nle sein ou l\u2019estomac chez les moins de 50 ans. En toile de fond,<br \/>\nles projections publi\u00e9es en d\u00e9cembre 2024 dans Lancet<br \/>\nOncology annoncent que, d\u2019ici \u00e0 2050, le nombre de nouveaux<br \/>\ncas et de d\u00e9c\u00e8s par cancer chez les moins de 40 ans pourrait encore<br \/>\nprogresser de 12 %. Le signal est faible mais continu, ce qui<br \/>\npousse \u00e0 mieux reconna\u00eetre les sympt\u00f4mes.<\/p>\n<p>Quels signes et examens pour le cancer<br \/>\nde l\u2019appendice ?<\/p>\n<p>Les sympt\u00f4mes peuvent mimer une appendicite ou passer inaper\u00e7us.<br \/>\nConsultez si des signes digestifs persistent plusieurs semaines<br \/>\n:<\/p>\n<ul>\n<li>Douleurs abdominales, surtout en bas \u00e0 droite ou diffuses, type<br \/>\nappendicite.<\/li>\n<li>Ventre gonfl\u00e9, ballonnements ou sensation de masse<br \/>\nabdominale.<\/li>\n<li>Naus\u00e9es, vomissements, troubles du transit, sati\u00e9t\u00e9 tr\u00e8s<br \/>\nrapide.<\/li>\n<li>Perte ou prise de poids inexpliqu\u00e9e, fatigue persistante.<\/li>\n<\/ul>\n<p>Il arrive qu\u2019un <strong>cancer de l\u2019appendice<\/strong> soit<br \/>\nd\u00e9couvert par hasard, lors du retrait de l\u2019appendice pour<br \/>\nappendicite ou d\u2019un examen r\u00e9alis\u00e9 pour un autre motif. Si des<br \/>\nsympt\u00f4mes sont pr\u00e9sents, le m\u00e9decin peut prescrire une<br \/>\n<strong>tomodensitom\u00e9trie<\/strong> (scanner) ou une IRM pour<br \/>\n\u00e9valuer l\u2019extension. En cas de tumeur identifi\u00e9e, la confirmation<br \/>\nse fait par biopsie, r\u00e9alis\u00e9e chirurgicalement ou \u00e0 l\u2019aide d\u2019une<br \/>\ncoloscopie. Conna\u00eetre ces \u00e9tapes aide \u00e0 agir au bon moment, sans<br \/>\nretard inutile.<\/p>\n","protected":false},"excerpt":{"rendered":"N\u00e9s apr\u00e8s 1980 : pourquoi le cancer de l\u2019appendice grimpe chez les 36-44 ans N\u00e9s apr\u00e8s 1980, vous&hellip;\n","protected":false},"author":2,"featured_media":600966,"comment_status":"","ping_status":"","sticky":false,"template":"","format":"standard","meta":{"footnotes":""},"categories":[10],"tags":[57472,32894,31144,13041,1764,150,101,17488,3530,1805,44586,40652,1011,27,72,151,16285,378,3583,4510,71,4568],"class_list":{"0":"post-600965","1":"post","2":"type-post","3":"status-publish","4":"format-standard","5":"has-post-thumbnail","7":"category-sante","8":"tag-57472","9":"tag-32894","10":"tag-31144","11":"tag-a","12":"tag-ans","13":"tag-apres","14":"tag-cancer","15":"tag-ce","16":"tag-chez","17":"tag-de","18":"tag-etes","19":"tag-explose","20":"tag-fr","21":"tag-france","22":"tag-health","23":"tag-les","24":"tag-ne","25":"tag-plus","26":"tag-qui","27":"tag-risque","28":"tag-sante","29":"tag-vous"},"share_on_mastodon":{"url":"https:\/\/pubeurope.com\/@fr\/115724129733898803","error":""},"_links":{"self":[{"href":"https:\/\/www.europesays.com\/fr\/wp-json\/wp\/v2\/posts\/600965","targetHints":{"allow":["GET"]}}],"collection":[{"href":"https:\/\/www.europesays.com\/fr\/wp-json\/wp\/v2\/posts"}],"about":[{"href":"https:\/\/www.europesays.com\/fr\/wp-json\/wp\/v2\/types\/post"}],"author":[{"embeddable":true,"href":"https:\/\/www.europesays.com\/fr\/wp-json\/wp\/v2\/users\/2"}],"replies":[{"embeddable":true,"href":"https:\/\/www.europesays.com\/fr\/wp-json\/wp\/v2\/comments?post=600965"}],"version-history":[{"count":0,"href":"https:\/\/www.europesays.com\/fr\/wp-json\/wp\/v2\/posts\/600965\/revisions"}],"wp:featuredmedia":[{"embeddable":true,"href":"https:\/\/www.europesays.com\/fr\/wp-json\/wp\/v2\/media\/600966"}],"wp:attachment":[{"href":"https:\/\/www.europesays.com\/fr\/wp-json\/wp\/v2\/media?parent=600965"}],"wp:term":[{"taxonomy":"category","embeddable":true,"href":"https:\/\/www.europesays.com\/fr\/wp-json\/wp\/v2\/categories?post=600965"},{"taxonomy":"post_tag","embeddable":true,"href":"https:\/\/www.europesays.com\/fr\/wp-json\/wp\/v2\/tags?post=600965"}],"curies":[{"name":"wp","href":"https:\/\/api.w.org\/{rel}","templated":true}]}}