{"id":600969,"date":"2025-12-15T14:48:24","date_gmt":"2025-12-15T14:48:24","guid":{"rendered":"https:\/\/www.europesays.com\/fr\/600969\/"},"modified":"2025-12-15T14:48:24","modified_gmt":"2025-12-15T14:48:24","slug":"lol-qui-rit-sort-sur-prime-video-jeremy-ferrari-et-sa-bande-stars-de-la-prochaine-saison","status":"publish","type":"post","link":"https:\/\/www.europesays.com\/fr\/600969\/","title":{"rendered":"\u00ab LOL qui rit sort ! \u00bb sur Prime Video : J\u00e9r\u00e9my Ferrari et sa bande, stars de la prochaine saison"},"content":{"rendered":"<p class=\"paragraph text_align_left lp-f-body-02\">Comme chaque ann\u00e9e depuis <a href=\"https:\/\/www.leparisien.fr\/culture-loisirs\/tv\/gerard-jugnot-ines-reg-la-bande-a-fifi-que-vaut-lol-le-jeu-dejante-damazon-prime-22-04-2021-ZRWDSGSXGVAJ7GGEXEPLGXOASA.php\" target=\"_blank\" rel=\"noreferrer noopener\">son lancement en 2021<\/a>, le tout-Paris m\u00e9diatique bruissait de rumeurs concernant le casting de la prochaine saison de <a href=\"https:\/\/www.leparisien.fr\/culture-loisirs\/humour\/lol-qui-rit-sort-sur-prime-video-qui-sont-les-plus-droles-de-la-saison-5-17-04-2025-2ONADX4B65ELJAIKU2TKD57WZU.php?ts=1765775132282\" target=\"_blank\" rel=\"noreferrer noopener\">\u00ab LOL : qui rit sort ! \u00bb<\/a>, l\u2019\u00e9mission comique-phare de Prime Video. Alors qui pour prendre la suite des Pierre Niney, Artus, Virginie Efira, Jonathan Cohen, J\u00e9r\u00f4me Commandeur et autres <a href=\"https:\/\/www.leparisien.fr\/culture-loisirs\/qui-est-laura-felpin-meilleur-espoir-feminin-de-lhumour-francais-01-03-2022-PKPA4KA4RNEQBE66US2EJQ4D4E.php\" target=\"_blank\" rel=\"noreferrer noopener\">Laura Felpin<\/a>, quelques-uns des principaux joyeux drilles ayant, par le pass\u00e9, d\u00e9ploy\u00e9 des tr\u00e9sors d\u2019imagination pour faire marrer leurs camarades (et les t\u00e9l\u00e9spectateurs) sans s\u2019esclaffer eux-m\u00eames au risque d\u2019\u00eatre \u00e9limin\u00e9s ? Comme nous le r\u00e9v\u00e9lons ce lundi, la sixi\u00e8me salve d\u2019\u00e9pisodes aura pour principales t\u00eates d\u2019affiches trois hommes dans le vent : J\u00e9r\u00e9my Ferrari, <a href=\"https:\/\/www.leparisien.fr\/culture-loisirs\/arnaud-tsamere-jai-voulu-arreter-de-faire-rire-les-gens-09-02-2022-VZH4V2XRGJGOJBBAGDVBCKIQFU.php\" target=\"_blank\" rel=\"noreferrer noopener\">Arnaud Tsamere<\/a> et Baptiste Lecaplain.<\/p>\n<p class=\"\">En attirant ces trois-l\u00e0, <a href=\"https:\/\/www.leparisien.fr\/culture-loisirs\/humour\/ferrari-tsamere-lecaplain-sur-scene-on-a-vu-la-tournee-du-trio-et-cest-completement-zinzin-08-02-2025-AN3LFTFWCJBNDMSIU3E2HJWOJ4.php\" target=\"_blank\" rel=\"noreferrer noopener\">complices \u00e0 la ville comme \u00e0 la sc\u00e8ne<\/a>, la plateforme d\u2019Amazon frappe un joli coup. Ferrari, Tsamere et Lecaplain, humoristes \u00e0 la solide carri\u00e8re solo, sortent d\u2019une tourn\u00e9e express de leur premier spectacle ensemble sur les planches : la fameuse \u00ab Tourn\u00e9e du Trio \u00bb, <a href=\"https:\/\/www.leparisien.fr\/culture-loisirs\/humour\/la-tournee-du-trio-avec-ferrari-tsamere-et-lecaplain-sur-canal-pourquoi-voir-le-show-le-plus-dejante-de-lannee-12-11-2025-V6TQKXZNBRFQLNN2PQIGPMPCN4.php\" target=\"_blank\" rel=\"noreferrer noopener\">show le plus d\u00e9jant\u00e9 de l\u2019ann\u00e9e 2025<\/a>, au succ\u00e8s ph\u00e9nom\u00e9nal. Quelque 310 000 spectateurs sont venus les applaudir en salles lors de 85 dates. La retransmission en direct d\u2019une de ces repr\u00e9sentations avait ajout\u00e9 128 000 tickets vendus. Sans compter le carton lors de sa diffusion sur Canal+ le mois dernier.<\/p>\n<p>Alban Ivanov double la mise<\/p>\n<p class=\"\">Le tournage de cette sixi\u00e8me saison de \u00ab LOL : qui rit sort \u00bb d\u00e9marrait ce lundi. Les trois \u00ab golden boys \u00bb du rire seront accompagn\u00e9s de certains complices historiques de la \u00ab bande \u00e0 Ferrari \u00bb et de ses <a href=\"https:\/\/www.leparisien.fr\/culture-loisirs\/humour\/un-show-unique-les-10-ans-des-duos-impossibles-de-ferrari-avec-florence-foresti-artus-ahmed-sylla-19-11-2024-7CDQO6BUGBHWHMMAQRBTHJ26RM.php\" target=\"_blank\" rel=\"noreferrer noopener\">\u00ab Duos impossibles \u00bb<\/a>, l\u2019\u00e9mission de sketchs in\u00e9dits qu\u2019il pilote depuis une dizaine d\u2019ann\u00e9es. Parmi eux : <a href=\"https:\/\/www.leparisien.fr\/culture-loisirs\/cinema\/comme-si-je-metais-accorde-le-droit-detre-heureux-apres-son-burn-out-alban-ivanov-retrouve-son-punch-22-10-2024-WWII6JGOR5EIHODEPJGPDNF34I.php\" target=\"_blank\" rel=\"noreferrer noopener\">Alban Ivanov<\/a>. D\u00e9j\u00e0 pr\u00e9sent dans la saison 4 de \u00ab LOL \u00bb, le com\u00e9dien de 41 ans double la mise. Et retrouvera son ancien partenaire \u00e0 l\u2019\u00e9cran dans <a href=\"https:\/\/www.leparisien.fr\/culture-loisirs\/cinema\/une-belle-equipe-une-nouvelle-ode-au-football-feminin-14-01-2020-8235912.php\" target=\"_blank\" rel=\"noreferrer noopener\">\u00ab Une belle \u00e9quipe \u00bb<\/a>, Kad Merad. A 61 ans, ce sera la premi\u00e8re participation dans l\u2019\u00e9mission de Prime Video de la star de \u00ab Bienvenue chez les Ch\u2019tis \u00bb.<\/p>\n<p><img decoding=\"async\" class=\"image \" loading=\"lazy\" src=\"https:\/\/www.europesays.com\/fr\/wp-content\/uploads\/2025\/12\/WP2JD3C57BDP3I3NXP3JIWAEU4.jpg\" alt=\"Elena Nagapetyan sur la sc\u00e8ne du gala Juste pour rire. SACHA BOURQUE\" align=\"\" data-rubrique-principale=\"\" data-article-type=\"\" fetchpriority=\"auto\"\/>Elena Nagapetyan sur la sc\u00e8ne du gala Juste pour rire. SACHA BOURQUE<\/p>\n<p class=\"\">La sixi\u00e8me saison fera aussi la part belle \u00e0 la g\u00e9n\u00e9ration montante de l\u2019humour. Nouvelle sensation comique venue de l\u2019Est <a href=\"https:\/\/www.leparisien.fr\/culture-loisirs\/humour\/jai-eu-un-milliard-de-vies-lincroyable-destin-de-lhumoriste-elena-nagapetyan-de-louzbekistan-a-la-france-17-11-2024-XRACINBFFBDFRGA4VLEWIHRSL4.php\" target=\"_blank\" rel=\"noreferrer noopener\">au parcours atypique<\/a>, Elena Nagapetyan sera aussi du casting, quelques jours apr\u00e8s la mise en ligne sur la m\u00eame plateforme de streaming du <a href=\"https:\/\/www.leparisien.fr\/culture-loisirs\/humour\/prime-video-jarry-gad-elmaleh-jamel-elena-nagapetyan-le-retour-chic-et-choc-du-gala-juste-pour-rire-04-12-2025-7LWG2VTXTZGOBFL2XCRXZRYYS4.php\" target=\"_blank\" rel=\"noreferrer noopener\">gala Juste pour rire<\/a>, o\u00f9 la trentenaire n\u00e9e en Ouzb\u00e9kistan partageait l\u2019affiche notamment avec Jamel Debbouze et Gad Elmaleh. <\/p>\n<p>Le jeu se fera en duo&#8230; et trio<\/p>\n<p class=\"\">Ce lundi midi, Prime Video a confirm\u00e9 ces informations. Et a d\u00e9voil\u00e9 le reste de son casting. Pensionnaire de <a href=\"https:\/\/www.leparisien.fr\/culture-loisirs\/series\/lol-qui-rit-sort-apres-le-succes-de-la-saison-3-deux-nouveaux-projets-annonces-15-03-2023-2ORSO3DTOJF4RPCTJKETWBWDAY.php\" target=\"_blank\" rel=\"noreferrer noopener\">la mythique promotion num\u00e9ro 3<\/a>, celle de Jonathan Cohen et Pierre Niney, Paul Mirabel remet aussi le couvert en saison 6. <a href=\"https:\/\/www.leparisien.fr\/culture-loisirs\/humour\/la-maternite-une-arnaque-complete-le-succes-fou-de-marine-leonardi-la-maman-la-plus-drole-de-france-12-06-2025-DTAXKLNGNNHSHJ4UCV6KCIJXPM.php\" target=\"_blank\" rel=\"noreferrer noopener\">Maman la plus dr\u00f4le de France<\/a>, ex-cadre dans les cosm\u00e9tiques devenue humoriste au succ\u00e8s XXL, Marine Leonardi est \u00e9galement de la partie.<\/p>\n<p class=\"\">Com\u00e9dien fantasque habitu\u00e9 aux d\u00e9guisements loufoques, Jonathan Lambert fera parler son art de l\u2019absurde. Tout comme le Belge GuiHome, humoriste azimut\u00e9 et attachant, par ailleurs nouveau chroniqueur sur \u00ab Quotidien \u00bb. Son coll\u00e8gue de \u00ab Quelle \u00e9poque ! \u00bb, le tr\u00e8s en vue <a href=\"https:\/\/www.leparisien.fr\/culture-loisirs\/humour\/au-foot-on-mappelait-louis-xvi-la-tele-la-scene-paul-de-saint-sernin-cameleon-de-lhumour-16-11-2024-2I6DZPC7AVGJBCCFENDZTHTYIY.php\" target=\"_blank\" rel=\"noreferrer noopener\">Paul de Saint-Sernin<\/a>, compl\u00e8te la distribution. <\/p>\n<p class=\"\">Nouveaut\u00e9: la comp\u00e9tition se fera&#8230; par \u00e9quipes ! \u00ab Pour la premi\u00e8re fois, LOL : Qui rit, sort ! se joue en duo\u2026 (et un trio qu\u2019on n\u2019a vraiment pas r\u00e9ussi \u00e0 s\u00e9parer). Et jouer \u00e0 deux, c\u2019est avoir deux fois plus d\u2019id\u00e9es, deux fois plus de r\u00e9partie, mais aussi deux fois plus de risques de se faire rire ! \u00bb annonce le diffuseur. La date de diffusion n\u2019est pas encore connue, mais devrait intervenir courant 2026.<\/p>\n","protected":false},"excerpt":{"rendered":"Comme chaque ann\u00e9e depuis son lancement en 2021, le tout-Paris m\u00e9diatique bruissait de rumeurs concernant le casting de&hellip;\n","protected":false},"author":2,"featured_media":600970,"comment_status":"","ping_status":"","sticky":false,"template":"","format":"standard","meta":{"footnotes":""},"categories":[8],"tags":[1687,58,59,1011,27,708],"class_list":{"0":"post-600969","1":"post","2":"type-post","3":"status-publish","4":"format-standard","5":"has-post-thumbnail","7":"category-divertissement","8":"tag-culture-loisirs","9":"tag-divertissement","10":"tag-entertainment","11":"tag-fr","12":"tag-france","13":"tag-humour"},"share_on_mastodon":{"url":"https:\/\/pubeurope.com\/@fr\/115724138609084712","error":""},"_links":{"self":[{"href":"https:\/\/www.europesays.com\/fr\/wp-json\/wp\/v2\/posts\/600969","targetHints":{"allow":["GET"]}}],"collection":[{"href":"https:\/\/www.europesays.com\/fr\/wp-json\/wp\/v2\/posts"}],"about":[{"href":"https:\/\/www.europesays.com\/fr\/wp-json\/wp\/v2\/types\/post"}],"author":[{"embeddable":true,"href":"https:\/\/www.europesays.com\/fr\/wp-json\/wp\/v2\/users\/2"}],"replies":[{"embeddable":true,"href":"https:\/\/www.europesays.com\/fr\/wp-json\/wp\/v2\/comments?post=600969"}],"version-history":[{"count":0,"href":"https:\/\/www.europesays.com\/fr\/wp-json\/wp\/v2\/posts\/600969\/revisions"}],"wp:featuredmedia":[{"embeddable":true,"href":"https:\/\/www.europesays.com\/fr\/wp-json\/wp\/v2\/media\/600970"}],"wp:attachment":[{"href":"https:\/\/www.europesays.com\/fr\/wp-json\/wp\/v2\/media?parent=600969"}],"wp:term":[{"taxonomy":"category","embeddable":true,"href":"https:\/\/www.europesays.com\/fr\/wp-json\/wp\/v2\/categories?post=600969"},{"taxonomy":"post_tag","embeddable":true,"href":"https:\/\/www.europesays.com\/fr\/wp-json\/wp\/v2\/tags?post=600969"}],"curies":[{"name":"wp","href":"https:\/\/api.w.org\/{rel}","templated":true}]}}