{"id":600973,"date":"2025-12-15T14:50:14","date_gmt":"2025-12-15T14:50:14","guid":{"rendered":"https:\/\/www.europesays.com\/fr\/600973\/"},"modified":"2025-12-15T14:50:14","modified_gmt":"2025-12-15T14:50:14","slug":"airbnb-ecope-dune-amende-de-64-millions-deuros-pour-avoir-publie-des-annonces-de-logements-interdits","status":"publish","type":"post","link":"https:\/\/www.europesays.com\/fr\/600973\/","title":{"rendered":"Airbnb \u00e9cope d\u2019une amende de 64 millions d&rsquo;euros pour avoir publi\u00e9 des annonces de logements interdits"},"content":{"rendered":"<p>\n    En pleine crise du logement, la plateforme de location a \u00e9t\u00e9 lourdement sanctionn\u00e9e pour avoir publi\u00e9 des offres ill\u00e9gales.<\/p>\n<p class=\"fig-paragraph\">Le gouvernement espagnol a annonc\u00e9 lundi avoir inflig\u00e9 une amende de 64 millions d\u2019euros \u00e0 la plateforme\u00a0<a href=\"http:\/\/www.lefigaro.fr\/voyages\/guides\/coins-et-recoins-caches-les-mysteres-de-cette-location-airbnb-enflamment-la-toile-20251203\" data-fig-type=\"Article\" data-gtm-custom-categorie=\"navigation\" data-gtm-custom-action=\"crossclick\" data-gtm-custom-label=\"Contextuel\" data-gtm-event=\"customEventSPE\" data-fig-domain=\"LEFIGARO\" target=\"_blank\" rel=\"noopener\">Airbnb\u00a0<\/a>pour avoir notamment publi\u00e9 des annonces de logements interdits \u00e0 la location, une infraction qualifi\u00e9e de \u00abgrave\u00bb, en pleine crise du logement dans le pays. En Espagne, les plateformes de location de courte dur\u00e9e suscitent un vif d\u00e9bat, surtout dans les grandes villes touristiques, o\u00f9 de nombreux habitants leur reprochent de contribuer \u00e0 la flamb\u00e9e des loyers.<\/p>\n<p class=\"fig-paragraph\">L\u2019amende visant Airbnb, qui atteint pr\u00e9cis\u00e9ment 64.055.311 euros, est \u00abd\u00e9finitive\u00bb, a pr\u00e9cis\u00e9 dans un communiqu\u00e9 le minist\u00e8re de la Consommation, ajoutant que la plateforme bas\u00e9e aux Etats-Unis devait d\u00e9sormais \u00abcorriger les manquements constat\u00e9s en supprimant les contenus ill\u00e9gaux\u00bb. \u00abDes milliers de familles vivent dans la pr\u00e9carit\u00e9 \u00e0 cause de la crise du logement, tandis que quelques-uns s\u2019enrichissent gr\u00e2ce \u00e0 des mod\u00e8les \u00e9conomiques qui expulsent les gens de chez eux\u00bb, a critiqu\u00e9 le ministre espagnol de la Consommation, Pablo Bustinduy, cit\u00e9 dans le communiqu\u00e9. \u00abAucune entreprise en Espagne, aussi grande ou puissante soit-elle, n\u2019est au-dessus des lois\u00bb, a-t-il poursuivi.<\/p>\n<p>                                            <a class=\"fig-a11y-skip\" href=\"#fig-a11y-skip-main-inarticle\" data-module=\"a11y-skip\" data-context=\"was @visible\"><br \/>\n    Passer la publicit\u00e9<br \/>\n<\/a>            <\/p>\n<p class=\"fig-paragraph\">En conf\u00e9rence de presse dans la matin\u00e9e, le ministre a martel\u00e9 que le gouvernement \u00abcontinuera d\u2019agir avec la plus grande d\u00e9termination pour \u00e9radiquer ces pratiques\u00bb, qu\u2019elles soient \u00ababusives ou frauduleuses\u00bb. Un porte-parole d\u2019Airbnb a d\u00e9nonc\u00e9, dans un communiqu\u00e9 transmis \u00e0 l\u2019AFP, \u00abdes mesures (&#8230;) contraires \u00e0 la r\u00e9glementation en vigueur\u00bb. La plateforme \u00aba l\u2019intention de contester cette amende devant les tribunaux\u00bb, a-t-il annonc\u00e9. L\u2019Espagne a accueilli en 2024 un nombre record de 94 millions de visiteurs, ce qui en fait la deuxi\u00e8me destination touristique dans le monde derri\u00e8re la France. Ce record pourrait \u00eatre battu cette ann\u00e9e.<\/p>\n<p class=\"fig-body-link\">\n            \u00c0 lire aussi<br \/>\n        <a class=\"fig-body-link__link\" href=\"http:\/\/www.lefigaro.fr\/marseille\/tous-sont-dans-l-illegalite-la-ville-de-marseille-reclame-des-millions-d-euros-d-amende-contre-des-proprietaires-d-airbnb-20251124\" data-fig-type=\"NewsFlash\" data-gtm-custom-categorie=\"navigation\" data-gtm-custom-action=\"crossclick\" data-gtm-custom-label=\"Contextuel\" data-gtm-event=\"customEventSPE\" data-fig-domain=\"LEFIGARO\" target=\"_blank\" rel=\"noopener\"><\/p>\n<p>        \u00abTous sont dans l\u2019ill\u00e9galit\u00e9\u00bb\u00a0: la ville de Marseille r\u00e9clame des millions d\u2019euros d\u2019amende contre des propri\u00e9taires d\u2019Airbnb<br \/>\n    <\/a>\n<\/p>\n<p class=\"fig-paragraph\">Mais si le tourisme est un moteur de l\u2019\u00e9conomie du pays, de nombreux Espagnols d\u00e9noncent la congestion des infrastructures, la disparition des commerces traditionnels, remplac\u00e9s par des boutiques touristiques, et surtout la flamb\u00e9e des loyers, les propri\u00e9taires de logements se tournant vers la location touristique, y compris sur Airbnb, nettement plus rentable. Face \u00e0 cette pouss\u00e9e de col\u00e8re, plusieurs r\u00e9gions et municipalit\u00e9s ont annonc\u00e9 des mesures ces derniers mois, \u00e0 l\u2019image de la mairie de Barcelone (nord-est), qui a promis de ne pas renouveler les licences de quelque 10.000 appartements touristiques, qui expireront en novembre 2028. Lors de sa conf\u00e9rence de presse de fin d\u2019ann\u00e9e, durant laquelle il fait le bilan de l\u2019action gouvernementale, le Premier ministre socialiste Pedro S\u00e1nchez a salu\u00e9 \u00abl\u2019intervention des pouvoirs publics\u00bb sur ce march\u00e9 pour aider \u00e0 \u00abr\u00e9soudre la crise du logement\u00bb, notamment en ayant \u00abretir\u00e9 54.000 h\u00e9bergements touristiques ill\u00e9gaux\u00bb.<\/p>\n","protected":false},"excerpt":{"rendered":"En pleine crise du logement, la plateforme de location a \u00e9t\u00e9 lourdement sanctionn\u00e9e pour avoir publi\u00e9 des offres&hellip;\n","protected":false},"author":2,"featured_media":600974,"comment_status":"","ping_status":"","sticky":false,"template":"","format":"standard","meta":{"footnotes":""},"categories":[6],"tags":[7345,35,33,34,123,1011,27],"class_list":{"0":"post-600973","1":"post","2":"type-post","3":"status-publish","4":"format-standard","5":"has-post-thumbnail","7":"category-economie","8":"tag-airbnb","9":"tag-business","10":"tag-economie","11":"tag-economy","12":"tag-espagne","13":"tag-fr","14":"tag-france"},"share_on_mastodon":{"url":"https:\/\/pubeurope.com\/@fr\/115724145537897108","error":""},"_links":{"self":[{"href":"https:\/\/www.europesays.com\/fr\/wp-json\/wp\/v2\/posts\/600973","targetHints":{"allow":["GET"]}}],"collection":[{"href":"https:\/\/www.europesays.com\/fr\/wp-json\/wp\/v2\/posts"}],"about":[{"href":"https:\/\/www.europesays.com\/fr\/wp-json\/wp\/v2\/types\/post"}],"author":[{"embeddable":true,"href":"https:\/\/www.europesays.com\/fr\/wp-json\/wp\/v2\/users\/2"}],"replies":[{"embeddable":true,"href":"https:\/\/www.europesays.com\/fr\/wp-json\/wp\/v2\/comments?post=600973"}],"version-history":[{"count":0,"href":"https:\/\/www.europesays.com\/fr\/wp-json\/wp\/v2\/posts\/600973\/revisions"}],"wp:featuredmedia":[{"embeddable":true,"href":"https:\/\/www.europesays.com\/fr\/wp-json\/wp\/v2\/media\/600974"}],"wp:attachment":[{"href":"https:\/\/www.europesays.com\/fr\/wp-json\/wp\/v2\/media?parent=600973"}],"wp:term":[{"taxonomy":"category","embeddable":true,"href":"https:\/\/www.europesays.com\/fr\/wp-json\/wp\/v2\/categories?post=600973"},{"taxonomy":"post_tag","embeddable":true,"href":"https:\/\/www.europesays.com\/fr\/wp-json\/wp\/v2\/tags?post=600973"}],"curies":[{"name":"wp","href":"https:\/\/api.w.org\/{rel}","templated":true}]}}