{"id":600977,"date":"2025-12-15T14:52:18","date_gmt":"2025-12-15T14:52:18","guid":{"rendered":"https:\/\/www.europesays.com\/fr\/600977\/"},"modified":"2025-12-15T14:52:18","modified_gmt":"2025-12-15T14:52:18","slug":"en-direct-dermatose-le-gouvernement-confronte-a-la-colere-agricole-genevard-attendue-dans-le-sud-ouest","status":"publish","type":"post","link":"https:\/\/www.europesays.com\/fr\/600977\/","title":{"rendered":"EN DIRECT &#8211; Dermatose : le gouvernement confront\u00e9 \u00e0 la col\u00e8re agricole, Genevard attendue dans le Sud-Ouest"},"content":{"rendered":"<ul class=\"jsx-862013697 ArticleChapo__List\">\n<li class=\"jsx-862013697 ArticleChapo__List_Item flex\">Des agriculteurs en col\u00e8re contre l&rsquo;abattage de troupeaux affect\u00e9s par la dermatose nodulaire contagieuse bovine poursuivent leur mobilisation dans le Sud-Ouest.<\/li>\n<li class=\"jsx-862013697 ArticleChapo__List_Item flex\">La ministre de l&rsquo;Agriculture, Annie Genevard, vient \u00e0 leur rencontre en Occitanie cet apr\u00e8s-midi.<\/li>\n<li class=\"jsx-862013697 ArticleChapo__List_Item flex\">Suivez les derni\u00e8res informations.<\/li>\n<\/ul>\n<p><a href=\"https:\/\/www.tf1info.fr\/actualite\/dermatose-nodulaire-contagieuse-dnc-les-agriculteurs-mobilises-14458\/\" rel=\"noopener\" class=\"jsx-484472199 Link jsx-1428418400 jsx-1910851033\" target=\"_blank\"><\/p>\n<p style=\"font-weight:400\" class=\"jsx-1837267516\">Suivez la couverture compl\u00e8te<\/p>\n<p style=\"font-weight:800\" class=\"jsx-1837267516\">Dermatose nodulaire : les agriculteurs mobilis\u00e9s <\/p>\n<p><\/a>Minute par minuteBLOCAGE15:26<\/p>\n<p>Annie Genevard est attendue dans le Sud-Ouest pour tenter de d\u00e9bloquer la situation. La ministre de l&rsquo;Agriculture se veut ouverte au dialogue, mais son minist\u00e8re n&rsquo;envisage pas, \u00e0 ce stade, de changement de doctrine face \u00e0 l&rsquo;\u00e9pid\u00e9mie. Le r\u00e9sum\u00e9 dans ce sujet du 13H. \u2b07\ufe0f<\/p>\n<p>LE POINT SUR L&rsquo;EPIDEMIE14:40<\/p>\n<p>\u00c0 date, 113 foyers de dermatose nodulaire ont \u00e9t\u00e9 d\u00e9t\u00e9ct\u00e9s en France depuis le d\u00e9but de la crise, en fin dernier. Ils sont tous \u00e9teints ou en passe de l&rsquo;\u00eatre.\u00a0<\/p>\n<p>Par ailleurs, 3.300 bovins ont \u00e9t\u00e9 abattus, soit 0,2 % du cheptel fran\u00e7ais, indique le minist\u00e8re de l&rsquo;Agriculture \u00e0 TF1\/LCI.\u00a0<\/p>\n<p>D\u00c9FENSE DE LA STRAT\u00c9GIE GOUVERNEMENTALE14:12<\/p>\n<p>Culture Viande, qui regroupe les syndicats et entreprises sp\u00e9cialis\u00e9es dans l&rsquo;abattage et la d\u00e9coupe, a affirm\u00e9 lundi \u00ab\u00a0avec force\u00a0\u00bb son soutien \u00e0 la strat\u00e9gie en vigueur contre la dermatose nodulaire contagieuse.\u00a0<\/p>\n<p>Les mesures en vigueur &#8211; abattage syst\u00e9matique du troupeau affect\u00e9, restriction voire interdiction des mouvements d&rsquo;animaux et vaccination obligatoire autour des foyers &#8211; \u00ab\u00a0constituent \u00e0 ce stade le seul dispositif permettant d&rsquo;assurer une protection sanitaire efficace et de pr\u00e9server le statut indemne de la France\u00a0\u00bb, affirme l&rsquo;organisation dans un communiqu\u00e9.\u00a0<\/p>\n<p>\u00ab\u00a0Toute inflexion de cette strat\u00e9gie, notamment au profit d&rsquo;une vaccination g\u00e9n\u00e9ralis\u00e9e sur l&rsquo;ensemble du territoire, repr\u00e9senterait un affaiblissement majeur du dispositif sanitaire national\u00a0\u00bb, estime-t-elle. \u00ab\u00a0Un tel choix conduirait in\u00e9vitablement \u00e0 la perte du statut de pays indemne\u00a0\u00bb, condition d&rsquo;une libre commercialisation des animaux et de la viande \u00e0 l&rsquo;exportation, jugent encore les repr\u00e9sentants de la fili\u00e8re.\u00a0<\/p>\n<p>LA FONDATION BRIGITTE BARDOT R\u00c9AGIT13:40<\/p>\n<p>Dans un communiqu\u00e9, la Fondation Brigitte Bardot \u00ab\u00a0d\u00e9nonce, avec la plus grande fermet\u00e9, les abattages syst\u00e9matiques de bovins, ordonn\u00e9s en ce moment-m\u00eame sous pr\u00e9texte de lutte contre la Dermatose Nodulaire Contagieuse (DNC)\u00a0\u00bb. \u00ab\u00a0Nous comprenons la gravit\u00e9 de la situation sanitaire. Mais l\u2019abattage d\u2019animaux sains, certes parfois malades mais asymptomatiques, n\u2019est pas une r\u00e9ponse proportionn\u00e9e. C\u2019est un massacre bureaucratique inutile, insoutenable, et profond\u00e9ment injuste pour les agriculteurs, les animaux, et la soci\u00e9t\u00e9 tout enti\u00e8re\u00a0\u00bb, affirme l&rsquo;organisation.\u00a0<\/p>\n<p>Ainsi, la FBB \u00ab\u00a0exige une remise en cause urgente de ces mesures\u00a0\u00bb. Dans ces conditions, il est urgent \u00ab\u00a0de distinguer les animaux r\u00e9ellement contamin\u00e9s de ceux qui ne le sont pas\u00a0\u00bb, estime-t-elle, caract\u00e9risant la vaccination \u00ab\u00a0d&rsquo;alternative viable\u00a0\u00bb\u00a0<\/p>\n<p>\u00ab\u00a0DIALOGUE CONSTRUCTIF\u00a0\u00bb13:25<\/p>\n<p>Plus de 200 maires et \u00e9lus locaux d&rsquo;Ari\u00e8ge se sont rassembl\u00e9s lundi \u00e0 Foix devant la pr\u00e9fecture pour appeler l&rsquo;\u00c9tat \u00e0 dialoguer avec les agriculteurs pour r\u00e9\u00e9valuer le protocole de lutte contre la dermatose nodulaire contagieuse (DNC).\u00a0<\/p>\n<p>\u00ab\u00a0Il est urgent de les \u00e9couter et qu&rsquo;un dialogue constructif soit remis en place\u00a0\u00bb, \u00e9crivent les \u00e9lus dans une lettre remise au pr\u00e9fet de l&rsquo;Ari\u00e8ge. Dans ce texte, ils demandent \u00ab\u00a0de faire remonter \u00e0 notre gouvernement la n\u00e9cessit\u00e9 de r\u00e9interroger le protocole d&rsquo;abattage total des bovins, en envisageant un abattage cibl\u00e9 des animaux infect\u00e9s, en fonction de leur \u00e9tat clinique et du risque de propagation de la maladie\u00a0\u00bb. \u00ab\u00a0Une approche diff\u00e9renci\u00e9e permettrait de limiter les pertes (&#8230;) tout en maintenant les efforts n\u00e9cessaires pour contenir l&rsquo;\u00e9pid\u00e9mie\u00a0\u00bb, plaident ces \u00e9lus.\u00a0<\/p>\n<p>UN CAS DANS L&rsquo;AUDE11:57<\/p>\n<p>Un nouveau cas de dermatose nodulaire contagieuse (DNC) a \u00e9t\u00e9 d\u00e9couvert au sein d&rsquo;un \u00e9levage de Pomas, dans l&rsquo;Aude. Il s&rsquo;agit du premier foyer dans ce d\u00e9partement. \u00ab\u00a0D\u00e8s confirmation de la maladie ce dimanche, l&rsquo;unit\u00e9 \u00e9pid\u00e9miologique infect\u00e9e, compos\u00e9e de dix bovins, a d\u00fb \u00eatre abattue\u00a0\u00bb, indique la pr\u00e9fecture de l&rsquo;Aude.<\/p>\n<p>Apr\u00e8s les Pyr\u00e9n\u00e9es-Orientales, l&rsquo;Ari\u00e8ge, les Hautes-Pyr\u00e9n\u00e9es et la Haute-Garonne, l&rsquo;Aude est le 5e d\u00e9partement d&rsquo;Occitanie o\u00f9 un foyer de DNC est d\u00e9tect\u00e9.<\/p>\n<p>\u00ab\u00a0L&rsquo;ANTICIPATION, PAS UN POINT FORT\u00a0\u00bb11:06<\/p>\n<p>\u00ab\u00a0L&rsquo;anticipation n&rsquo;est pas le point fort de l&rsquo;\u00c9tat. Depuis l&rsquo;arriv\u00e9e des cas en septembre dans les Pyr\u00e9n\u00e9es-Orientales, des pr\u00e9sidents des chambres d&rsquo;agriculture r\u00e9clament une vaccination. Ils attendent encore la r\u00e9ponse de la ministre\u00a0\u00bb, d\u00e9plore J\u00e9r\u00f4me Bayle, \u00e9leveur bovin et figure de la contestation des agriculteurs en d\u00e9but d&rsquo;ann\u00e9e 2024.\u00a0<\/p>\n<blockquote data-testid=\"EmbedTwitter\" id=\"tweet-2000490686412451970-:R7679lklcmj9v79m:\" class=\"jsx-aeff1a1c40f54d7a twitter-tweet flex justify-center items-center\"><p>\ud83d\udde3\ufe0f Dermatose : \u00ab\u00a0L&rsquo;anticipation n&rsquo;est pas le point fort de l&rsquo;\u00c9tat. Depuis l&rsquo;arriv\u00e9e des cas en septembre dans les Pyr\u00e9n\u00e9es-orientales, des pr\u00e9sidents des chambres d&rsquo;agriculture r\u00e9clament une vaccination. Ils attendent encore la r\u00e9ponse de la ministre\u00a0\u00bb, d\u00e9plore J\u00e9r\u00f4me Bayle  pic.twitter.com\/KkD6dDm5Tn \u2014 LCI (@LCI)  December 15, 2025<\/p><\/blockquote>\n<p>UNE CRISE APPEL\u00c9E \u00c0 S&rsquo;AMPLIFIER ? 09:27<\/p>\n<p>La gestion de l&rsquo;\u00e9pid\u00e9mie de dermatose nodulaire attise la col\u00e8re latente des agriculteurs. Elle s&rsquo;ajoute aux revendications sur le Mercosur et sur la baisse du budget de la Politique agricole commune (PAC). Le gouvernement esp\u00e8re rapidement trouver une solution pour \u00e9viter que la crise ne s&rsquo;amplifie, et que les blocages ne se multiplient.\u00a0<\/p>\n<p>Agriculteurs : la crise \u00e0 \u00e9teindre avant les f\u00eatesSource : TF1 Info<\/p>\n<p><img decoding=\"async\" src=\"https:\/\/www.europesays.com\/fr\/wp-content\/uploads\/2025\/12\/agriculteurs-la-crise-a-eteindre-avant-les-fetes-41bacd-0@1x.jpeg\" alt=\"Agriculteurs : la crise \u00e0 \u00e9teindre avant les f\u00eates\" loading=\"lazy\" importance=\"low\" fetchpriority=\"low\" class=\"\"\/><img decoding=\"async\" src=\"https:\/\/www.tf1info.fr\/images\/icons\/player-logo-play.svg\" alt=\"Logo lecture\" class=\"jsx-d0de44c05fe3042c PlayerLazyload__Play\"\/>\u00ab\u00a0DISCUSSION OUVERTE\u00a0\u00bb08:40<\/p>\n<p>\u00ab\u00a0La discussion est ouverte\u00a0\u00bb autour d&rsquo;une \u00e9ventuelle suspension de la proc\u00e9dure de lutte contre la dermatose nodulaire, affirme la ministre de l&rsquo;Agriculture, Annie Genevard.\u00a0\u00ab\u00a0La discussion est ouverte sur ce point et je ne veux pas vous donner de r\u00e9ponse cat\u00e9gorique aujourd&rsquo;hui, parce que ce temps de dialogue est indispensable et il faut pouvoir y associer les professionnels\u00a0\u00bb, affirme-t-elle, sur France 2.\u00a0\u00ab\u00a0Ce que la science et les v\u00e9t\u00e9rinaires nous disent, ce que les pays \u00e9trangers ont appliqu\u00e9, c&rsquo;est trois piliers: le d\u00e9peuplement (l&rsquo;abattage, NDLR), la vaccination et la restriction de mouvement\u00a0\u00bb, poursuit-elle.\u00a0<\/p>\n<p>\u00ab\u00a0SITUATION SOUS CONTR\u00d4LE\u00a0\u00bb08:24<\/p>\n<p>\u00ab\u00a0La situation est sous contr\u00f4le\u00a0\u00bb, mart\u00e8le la ministre de l&rsquo;Agriculture, Annie Genevard.\u00a0<\/p>\n<p>BLOCAGES ET RASSEMBLEMENT08:13<\/p>\n<p>Environ 200 personnes sont r\u00e9unies \u00e0 Benque (Haute-Garonne) dans le calme, ce lundi 15 d\u00e9cembre, indique la gendarmerie \u00e0 TF1\/LCI. Par ailleurs, les blocages se poursuivent sur l\u2019A64 et l&rsquo;A75. Enfin, 2 radars ont \u00e9t\u00e9 br\u00fbl\u00e9s dans la nuit \u00e0 Servian, dans l&rsquo;H\u00e9rault.\u00a0<\/p>\n<p>MINISTRE DE L&rsquo;AGRICULTURE EN OCCITANIE08:10<\/p>\n<p>Des agriculteurs en col\u00e8re contre l&rsquo;abattage de troupeaux affect\u00e9s par la dermatose nodulaire contagieuse bovine se mobilisent un peu partout en France. Selon nos informations, la ministre de l&rsquo;Agriculture Annie Genevard se rendra lundi en Occitanie.<\/p>\n<p>Sujets de soci\u00e9t\u00e9<img decoding=\"async\" src=\"https:\/\/www.europesays.com\/fr\/wp-content\/uploads\/2025\/12\/agriculteur-manif-dermatose-ariege-12-decembre-2025-069006-0@1x.jpeg\" alt=\"Des agriculteurs manifestent le 12 d\u00e9cembre 2025 contre l'abattage d'un troupeau de 200 vaches dans un \u00e9levage des Bordes-sur-Arize (Ari\u00e8ge) o\u00f9 un cas de dermatose bovine a \u00e9t\u00e9 rep\u00e9r\u00e9.\" loading=\"lazy\" importance=\"low\" fetchpriority=\"low\" class=\"\" aria-hidden=\"true\"\/>[Vid\u00e9o]Publi\u00e9 hier \u00e0 8h53BLOCAGE PR\u00c8S DE MONTPELLIER08:04<\/p>\n<p>Les agriculteurs poursuivent le blocage sur le rond-point d&rsquo;acc\u00e8s \u00e0 l&rsquo;autoroute A709, entre Vendargues et Baillargues, dans la r\u00e9gion de Montpellier, rapporte Midi Libre.\u00a0<\/p>\n<p>LE RN D\u00c9NONCE LA \u00ab\u00a0M\u00c9THODE S\u00c9V\u00c8RE\u00a0\u00bb DU GOUVERNEMENT07:56<\/p>\n<p>\u00ab\u00a0Je comprends ces op\u00e9rations de blocage, pas de violence, de destruction de mat\u00e9riel, mais on comprend le ras-le-bol\u00a0\u00bb, a dit ce matin sur TF1 le d\u00e9put\u00e9 et porte-parole du Rassemblement national Laurent Jacobelli. L&rsquo;\u00e9lu de Moselle d\u00e9nonce le \u00ab\u00a0sentiment d&rsquo;acharnement\u00a0\u00bb v\u00e9cu par les agriculteurs, \u00e9touff\u00e9s par \u00ab\u00a0trop de normes\u00a0\u00bb, des \u00ab\u00a0attaques des \u00e9cologistes\u00a0\u00bb et \u00ab\u00a0un gouvernement qui s&rsquo;en fiche absolument\u00a0\u00bb. \u00ab\u00a0Ils sentent que l&rsquo;agriculture n&rsquo;est plus soutenue aujourd&rsquo;hui par la France au niveau europ\u00e9en\u00a0\u00bb, ajoute-t-il.\u00a0<\/p>\n<p>\u00ab\u00a0La m\u00e9thode dure, s\u00e9v\u00e8re, qu&rsquo;applique le gouvernement, comme si les \u00eatres humains n&rsquo;existaient pas, qu&rsquo;il n&rsquo;y avait que des tableaux, des chiffres, tout cela n&rsquo;est plus possible.\u00a0\u00bb<\/p>\n<p>MACRON ET LE MERCOSUR06:46<\/p>\n<p>Concernant le Mercosur, le pr\u00e9sident de la R\u00e9publique constate que, \u00e0 ce stade, \u00ab\u00a0le compte n&rsquo;y est pas pour prot\u00e9ger les agriculteurs fran\u00e7ais\u00a0\u00bb, affirme l&rsquo;entourage d&rsquo;Emmanuel Macron, \u00e0 TF1\/LCI, assurant que \u00ab\u00a0les exigences fran\u00e7aises n&rsquo;ont pas \u00e9t\u00e9 remplies\u00a0\u00bb. Le chef de l&rsquo;Etat a, de ce fait, demand\u00e9 un report de l&rsquo;examen de l&rsquo;accord \u00e0 la pr\u00e9sidente de la Commission europ\u00e9enne, Ursula von der Leyen.<\/p>\n<p>MACRON SUIT LES MOBILISATIONS DE PR\u00c8S06:43<\/p>\n<p>Emmanuel Macron suit \u00ab\u00a0au plus pr\u00e8s\u00a0\u00bb la situation des agriculteurs \u00ab\u00a0et les soutient comme il le fait depuis le premier jour\u00a0\u00bb, indique l&rsquo;\u00c9lys\u00e9e \u00e0 TF1\/LCI. \u00ab\u00a0Sa seule boussole est de prot\u00e9ger ceux qui nous nourrissent et qui, pour beaucoup, \u00e9prouvent une grande souffrance\u00a0\u00bb, nous fait-on encore savoir.\u00a0<\/p>\n<p>BLOCAGES SUR L&rsquo;A6406:13<\/p>\n<p>L&rsquo;A64 a \u00e9t\u00e9 une nouvelle fois bloqu\u00e9e cette nuit par des agriculteurs cette nuit, selon notre journaliste sur place.<\/p>\n<p>Dermatose : Anne Genevard attendue de pied ferme en Occitanie, des blocages sur l&rsquo;A64Source : TF1 Info<\/p>\n<p><img decoding=\"async\" src=\"https:\/\/www.europesays.com\/fr\/wp-content\/uploads\/2025\/12\/dermatose-anne-genevard-attendue-de-pied-ferme-en-occitanie-des-blocages-sur-l-a64-969634-0@1x.jpeg\" alt=\"Dermatose : Anne Genevard attendue de pied ferme en Occitanie, des blocages sur l'A64\" loading=\"lazy\" importance=\"low\" fetchpriority=\"low\" class=\"\"\/><img decoding=\"async\" src=\"https:\/\/www.tf1info.fr\/images\/icons\/player-logo-play.svg\" alt=\"Logo lecture\" class=\"jsx-d0de44c05fe3042c PlayerLazyload__Play\"\/>ANNIE GENEVARD ATTENDUE DE PIED FERME06:07<\/p>\n<p>La ministre de l&rsquo;Agriculture Annie Genevard se rend ce lundi \u00e0 Toulouse pour d\u00e9fendre sa gestion de la dermatose nodulaire contagieuse (DNC) qui touche certains bovins, critiqu\u00e9e par une partie du monde agricole en col\u00e8re et de la classe politique. Alors que la crise sanitaire menace de devenir politique, la ministre va se rendre en Haute-Garonne dans l&rsquo;apr\u00e8s-midi \u00ab\u00a0afin de lancer la campagne de vaccination\u00a0\u00bb d&rsquo;un million de b\u00eates, destin\u00e9e \u00e0 endiguer cette maladie dans le Sud-Ouest. Elle est attendue notamment \u00e0 la pr\u00e9fecture pour une \u00ab\u00a0r\u00e9union de crise sur la situation sanitaire et la campagne vaccinale\u00a0\u00bb.<\/p>\n<p>\u00ab\u00a0Mon devoir est aussi de prot\u00e9ger 125.000 autres \u00e9leveurs qui ne veulent pas voir arriver la maladie chez eux, et de pr\u00e9server 16 millions de bovid\u00e9s\u00a0\u00bb, a-t-elle dit \u00e0 L&rsquo;Opinion. \u00ab\u00a0La vaccination dans les zones concern\u00e9es et dans le cordon qui les entoure, mesure centrale et d\u00e9terminante pour enrayer la propagation de la maladie, constitue aujourd&rsquo;hui le principal horizon d&rsquo;espoir pour les \u00e9leveurs bovins\u00a0\u00bb, affirme le minist\u00e8re, soutenu par l&rsquo;alliance syndicale majoritaire FNSEA-Jeunes Agriculteurs.<\/p>\n<p data-module=\"article-paragraph\" class=\"jsx-3046738180 Paragraph\">Routes bloqu\u00e9es ou d\u00e9versement de lisier dimanche: des \u00e9leveurs de bovins ont multipli\u00e9 les actions dans tout le Sud-Ouest, avant la <a href=\"https:\/\/www.tf1info.fr\/societe\/direct-dermatose-bovine-blocage-d-axes-routiers-agriculteurs-en-colere-contre-la-strategie-d-abattage-du-gouvernement-les-dernieres-informations-samedi-13-decembre-2025-2412531.html\" target=\"_blank\" rel=\"noopener\">venue lundi \u00e0 Toulouse de la ministre de l&rsquo;Agriculture, Annie Genevard<\/a>, dont ils contestent la gestion de l&rsquo;\u00e9pizootie de <a href=\"https:\/\/www.tf1info.fr\/societe\/contagion-moyens-de-lutte-aide-aux-eleveurs-ce-que-l-on-sait-de-la-dermatose-nodulaire-contagieuse-fleau-de-l-elevage-bovin-2412539.html\" target=\"_blank\" rel=\"noopener\">dermatose nodulaire contagieuse<\/a> (DNC).<\/p>\n<p data-module=\"article-paragraph\" class=\"jsx-3046738180 Paragraph Paragraph__End\">Le minist\u00e8re de l&rsquo;Int\u00e9rieur a recens\u00e9 27 actions en fin d&rsquo;apr\u00e8s-midi, \u00a0rassemblant un peu plus de 1.000 agriculteurs. Dimanche soir vers 22h00, une soixantaine de tracteurs sont encore entr\u00e9s sur l&rsquo;autoroute A63 \u00e0 Cestas, pr\u00e8s de Bordeaux, pour bloquer le trafic en provenance de l&rsquo;Espagne avant d&rsquo;installer tables et barnums, \u00e0 l&rsquo;appel de la section girondine de la Coordination rurale.<\/p>\n<p data-module=\"article-paragraph\" class=\"jsx-3046738180 Paragraph Paragraph__End\">Le mouvement entam\u00e9 vendredi soir \u00ab\u00a0continue et se d\u00e9veloppe\u00a0\u00bb, s&rsquo;\u00e9tait r\u00e9joui dimanche matin <a href=\"https:\/\/www.tf1info.fr\/societe\/il-veut-faire-la-peau-aux-ecolos-qui-est-bertrand-venteau-le-nouveau-president-de-la-coordination-rurale-2408097.html\" target=\"_blank\" rel=\"noopener\">Bertrand Venteau<\/a>, pr\u00e9sident de ce syndicat tr\u00e8s oppos\u00e9, comme la Conf\u00e9d\u00e9ration paysanne, \u00e0 l&rsquo;abattage g\u00e9n\u00e9ralis\u00e9 des b\u00eates des foyers affect\u00e9s et exigeant une large vaccination du cheptel fran\u00e7ais de 16 millions de bovins contre cette maladie non transmissible \u00e0 l&rsquo;homme.<\/p>\n<p><a href=\"https:\/\/www.tf1info.fr\/societe\/video-lci-dermatose-nodulaire-agen-bordeaux-la-colere-agricole-s-etend-dans-le-sud-ouest-en-soutien-aux-eleveurs-concernes-par-des-abattages-tropeaux-bovins-vaches-2412355.html\" rel=\"noopener\" class=\"jsx-3308031228 Link flex\" target=\"_blank\"><img decoding=\"async\" src=\"https:\/\/www.europesays.com\/fr\/wp-content\/uploads\/2025\/12\/agen-bordeaux-la-colere-agricole-s-etend-1-151f8c-0@1x.jpeg\" alt=\"Capture LCI\" loading=\"lazy\" importance=\"low\" fetchpriority=\"low\" class=\"\" aria-hidden=\"true\"\/><\/p>\n<p class=\"jsx-3657663356 ReadMoreArticle__Title\">Lire aussi<\/p>\n<p class=\"jsx-3657663356\">Dermatose nodulaire : Agen, Bordeaux\u2026 La col\u00e8re agricole s&rsquo;\u00e9tend dans le Sud-Ouest en soutien aux \u00e9leveurs concern\u00e9s par des abattages<\/p>\n<p><\/a><\/p>\n<p data-module=\"article-paragraph\" class=\"jsx-3046738180 Paragraph\">Beaucoup de manifestants se disent \u00ab\u00a0choqu\u00e9s\u00a0\u00bb par l&rsquo;utilisation de gaz lacrymog\u00e8nes par les gendarmes en milieu de semaine en Ari\u00e8ge pour disperser les \u00e9leveurs qui bloquaient aux v\u00e9t\u00e9rinaires l&rsquo;acc\u00e8s \u00e0 la ferme touch\u00e9e par le premier cas de DNC dans cette partie du pays.<\/p>\n<p data-module=\"article-paragraph\" class=\"jsx-3046738180 Paragraph\">Dimanche, pr\u00e8s de 150 \u00e9leveurs et exploitants agricoles occupaient malgr\u00e9 le froid un rond-point et bloquaient la route vers l&rsquo;Andorre, non loin de cette ferme des Bordes-sur-Arize o\u00f9 200 vaches ont \u00e9t\u00e9 abattues, a constat\u00e9 un journaliste de l&rsquo;AFP.\u00a0<\/p>\n<p data-module=\"article-paragraph\" class=\"jsx-3046738180 Paragraph Paragraph__End\">Plus d&rsquo;une centaine d&rsquo;agriculteurs se sont aussi r\u00e9unis devant une ferme de Haute-Garonne, dans l&rsquo;attente des r\u00e9sultats des tests d&rsquo;un bovin suspect\u00e9 d&rsquo;\u00eatre infect\u00e9, et \u00e0 Millau, la sous-pr\u00e9fecture de l&rsquo;Aveyron a \u00e9t\u00e9 recouverte de lisier, paille et pneus usag\u00e9s.<\/p>\n<p>La r\u00e9daction de TF1info<\/p>\n<p><script async src=\"https:\/\/platform.twitter.com\/widgets.js\" charset=\"utf-8\"><\/script><\/p>\n","protected":false},"excerpt":{"rendered":"Des agriculteurs en col\u00e8re contre l&rsquo;abattage de troupeaux affect\u00e9s par la dermatose nodulaire contagieuse bovine poursuivent leur mobilisation&hellip;\n","protected":false},"author":2,"featured_media":600978,"comment_status":"","ping_status":"","sticky":false,"template":"","format":"standard","meta":{"footnotes":""},"categories":[4],"tags":[1111,11,327,40857,1921,70860,1011,27,1922,12,25,133,5010],"class_list":{"0":"post-600977","1":"post","2":"type-post","3":"status-publish","4":"format-standard","5":"has-post-thumbnail","7":"category-france","8":"tag-actu","9":"tag-actualites","10":"tag-agriculture","11":"tag-annie-genevard","12":"tag-article-video","13":"tag-dermatose-nodulaire-les-agriculteurs-mobilises","14":"tag-fr","15":"tag-france","16":"tag-info","17":"tag-news","18":"tag-republique-francaise","19":"tag-video","20":"tag-video-sujets-de-societe"},"share_on_mastodon":{"url":"https:\/\/pubeurope.com\/@fr\/115724154939265380","error":""},"_links":{"self":[{"href":"https:\/\/www.europesays.com\/fr\/wp-json\/wp\/v2\/posts\/600977","targetHints":{"allow":["GET"]}}],"collection":[{"href":"https:\/\/www.europesays.com\/fr\/wp-json\/wp\/v2\/posts"}],"about":[{"href":"https:\/\/www.europesays.com\/fr\/wp-json\/wp\/v2\/types\/post"}],"author":[{"embeddable":true,"href":"https:\/\/www.europesays.com\/fr\/wp-json\/wp\/v2\/users\/2"}],"replies":[{"embeddable":true,"href":"https:\/\/www.europesays.com\/fr\/wp-json\/wp\/v2\/comments?post=600977"}],"version-history":[{"count":0,"href":"https:\/\/www.europesays.com\/fr\/wp-json\/wp\/v2\/posts\/600977\/revisions"}],"wp:featuredmedia":[{"embeddable":true,"href":"https:\/\/www.europesays.com\/fr\/wp-json\/wp\/v2\/media\/600978"}],"wp:attachment":[{"href":"https:\/\/www.europesays.com\/fr\/wp-json\/wp\/v2\/media?parent=600977"}],"wp:term":[{"taxonomy":"category","embeddable":true,"href":"https:\/\/www.europesays.com\/fr\/wp-json\/wp\/v2\/categories?post=600977"},{"taxonomy":"post_tag","embeddable":true,"href":"https:\/\/www.europesays.com\/fr\/wp-json\/wp\/v2\/tags?post=600977"}],"curies":[{"name":"wp","href":"https:\/\/api.w.org\/{rel}","templated":true}]}}